{"id":81077,"date":"2017-08-18T05:05:14","date_gmt":"2017-08-18T09:05:14","guid":{"rendered":"http:\/\/www.eltrabajo.cl\/2017\/?p=81077"},"modified":"2017-08-18T05:05:14","modified_gmt":"2017-08-18T09:05:14","slug":"padre-de-mujer-asesinada-en-llay-llay-critica-nulo-avance-en-investigacion","status":"publish","type":"post","link":"https:\/\/eltrabajo.cl\/portal\/padre-de-mujer-asesinada-en-llay-llay-critica-nulo-avance-en-investigacion\/","title":{"rendered":"Padre de mujer asesinada en Llay Llay critica nulo avance en investigaci\u00f3n"},"content":{"rendered":"<figure id=\"attachment_81078\" aria-describedby=\"caption-attachment-81078\" style=\"width: 580px\" class=\"wp-caption alignnone\"><img data-recalc-dims=\"1\" loading=\"lazy\" decoding=\"async\" class=\"size-full wp-image-81078\" src=\"https:\/\/i0.wp.com\/www.eltrabajo.cl\/2017\/wp-content\/uploads\/2017\/08\/Eduardo-Varas-Ortiz.jpg?resize=580%2C349\" alt=\"Eduardo Varas Ortiz, padre de Marjorie Varas, mujer cruelmente asesinada en su casa.\" width=\"580\" height=\"349\" srcset=\"https:\/\/i0.wp.com\/eltrabajo.cl\/portal\/wp-content\/uploads\/2017\/08\/Eduardo-Varas-Ortiz.jpg?w=580&amp;ssl=1 580w, https:\/\/i0.wp.com\/eltrabajo.cl\/portal\/wp-content\/uploads\/2017\/08\/Eduardo-Varas-Ortiz.jpg?resize=200%2C120&amp;ssl=1 200w, https:\/\/i0.wp.com\/eltrabajo.cl\/portal\/wp-content\/uploads\/2017\/08\/Eduardo-Varas-Ortiz.jpg?resize=300%2C181&amp;ssl=1 300w, https:\/\/i0.wp.com\/eltrabajo.cl\/portal\/wp-content\/uploads\/2017\/08\/Eduardo-Varas-Ortiz.jpg?resize=249%2C150&amp;ssl=1 249w, https:\/\/i0.wp.com\/eltrabajo.cl\/portal\/wp-content\/uploads\/2017\/08\/Eduardo-Varas-Ortiz.jpg?resize=400%2C241&amp;ssl=1 400w\" sizes=\"auto, (max-width: 580px) 100vw, 580px\" \/><figcaption id=\"caption-attachment-81078\" class=\"wp-caption-text\">Eduardo Varas Ortiz, padre de Marjorie Varas, mujer cruelmente asesinada en su casa.<\/figcaption><\/figure>\n<p>No hay ning\u00fan avance, as\u00ed de claro es<strong> Eduardo Varas Ortiz<\/strong>, padre de Marjorie Varas Cataldo, mujer asesinada en la comuna de Llay Llay, cuyo cuerpo fue encontrado el d\u00eda 11 de mayo al interior de su domicilio ubicado en la Villa El Salitre de esa comuna.<br \/>\nEl padre record\u00f3 que el d\u00eda viernes 28 de julio fue presentada una querella por homicidio en el Juzgado de Garant\u00eda de San Felipe, apoyada tanto por el alcalde Edgardo Gonz\u00e1lez como tambi\u00e9n por el Servicio Nacional de la Mujer y Equidad de G\u00e9nero.<br \/>\n\u201cEl otro d\u00eda llam\u00e9 para saber del caso y me dijeron que no hab\u00eda nada, que no hay ning\u00fan avance, pregunt\u00e9 por el tel\u00e9fono y me dijeron que todav\u00eda no determinaban las llamadas, porque clonaron el chip de mi hija y vieron el sistema de llamadas, se supon\u00eda que deb\u00edamos haber tenido alguna respuesta, esto a casi dos meses (\u2026) no hay nada. A mi hija le comunicaron que hab\u00eda llegado el resultado de la autopsia, pero el Fiscal lo hab\u00eda rechazado porque pidi\u00f3 ampliaci\u00f3n del resultado de la autopsia, as\u00ed es que seguimos en las mismas, a nosotros no se nos ha informado ning\u00fan adelanto de la investigaci\u00f3n\u201d, indic\u00f3 el atribulado padre.<br \/>\n<strong>&#8211; \u00bfC\u00f3mo ven todo esta situaci\u00f3n de la muerte de su hija?<\/strong><br \/>\n&#8211; Nosotros lo estamos viendo de distintos matices, yo pienso que hay algo m\u00e1s, equivocaci\u00f3n a lo mejor, me imagino dentro de la misma investigaci\u00f3n, porque de partida nosotros nos preguntamos y tambi\u00e9n la gente de Llay Llay, que conversa con nosotros, pregunta por qu\u00e9 fue tan luego la entrega de la casa, a nosotros el mismo d\u00eda nos entregaron la casa; yo al otro d\u00eda fui a limpiar la sangre, el d\u00eda viernes fueron de nuevo, pero despu\u00e9s que yo fui a limpiarla; ese mismo d\u00eda jueves 11 de mayo, hicieron las pericias y cuando terminaron ellos nos dijeron que pod\u00edamos entrar, lo hicimos, miramos y nos devolvimos.<br \/>\n<strong>&#8211; \u00bfC\u00f3mo est\u00e1n como familia con todo esto que les ha tocado vivir, como es el asesinato de un ser querido, en este caso su hija?<\/strong><br \/>\n&#8211; Yo estoy un poco m\u00e1s tranquilo, estoy en tratamiento tomando pastillas, mi se\u00f1ora tambi\u00e9n est\u00e1 con sic\u00f3logo, mis hijos tambi\u00e9n, pero las veces que nos juntamos nos acordamos siempre de ella, las l\u00e1grimas siempre se caen.<br \/>\n<strong>&#8211; \u00bfQu\u00e9 le pedir\u00eda a las autoridades?<\/strong><br \/>\n&#8211; M\u00e1s diligencias, m\u00e1s rapidez, que sea mucho m\u00e1s r\u00e1pido, porque nosotros, sea quien sea, mi hija no va a volver.<br \/>\n<strong>&#8211; \u00bfQu\u00e9 piensan ustedes que pas\u00f3 ese d\u00eda?<\/strong><br \/>\n&#8211; Nosotros pensamos, por los antecedentes que hay, que la pareja que ten\u00eda mi hija le deb\u00eda entregar las llaves de la casa. Ellos no conviv\u00edan. El d\u00eda anterior llam\u00f3 a la amiga con quien trabajan juntas, le dijo que ten\u00eda que levantarse m\u00e1s temprano porque le iban a dejar las llaves, y la ni\u00f1a como vio que mi hija no lleg\u00f3, dijo \u2018algo pasa\u2019\u2026 pas\u00f3, hasta que fueron y vieron las puertas abiertas. Despu\u00e9s llegu\u00e9 yo, mi se\u00f1ora con la polic\u00eda, abrieron, entraron, no me dejaron entrar a m\u00ed, aunque trat\u00e9 de entrar, pero no pude; mi hija estaba en el dormitorio, pero nosotros en ning\u00fan momento la vimos. Entr\u00f3 Carabineros y a m\u00ed no me dejaron entrar y ah\u00ed salieron, me dijeron que se encontraba muerta. En ese momento lleg\u00f3 su amiga, me pregunt\u00f3 y le dije que estaba muerta, y ella dijo as\u00ed, con estas palabra: \u2018el huev\u00f3n la mat\u00f3\u2019\u201d.<br \/>\nLa v\u00edctima ten\u00eda 39 a\u00f1os de edad, era madre de una adolescente de 15 a\u00f1os y se desempe\u00f1aba en la Ferreter\u00eda Chile Mat de Llay Llay.<\/p>\n","protected":false},"excerpt":{"rendered":"<p>No hay ning\u00fan avance, as\u00ed de claro es Eduardo Varas Ortiz, padre de Marjorie Varas Cataldo, mujer asesinada en la comuna de Llay Llay, cuyo cuerpo fue encontrado el d\u00eda 11 de&#8230;<\/p>\n","protected":false},"author":1,"featured_media":81078,"comment_status":"open","ping_status":"open","sticky":false,"template":"","format":"standard","meta":{"advanced_seo_description":"","jetpack_seo_html_title":"","jetpack_seo_noindex":false,"_jetpack_memberships_contains_paid_content":false,"footnotes":""},"categories":[15],"tags":[],"class_list":["post-81077","post","type-post","status-publish","format-standard","has-post-thumbnail","hentry","category-comunidad"],"jetpack_featured_media_url":"https:\/\/i0.wp.com\/eltrabajo.cl\/portal\/wp-content\/uploads\/2017\/08\/Eduardo-Varas-Ortiz.jpg?fit=580%2C349&ssl=1","jetpack_sharing_enabled":true,"jetpack_likes_enabled":true,"jetpack-related-posts":[],"_links":{"self":[{"href":"https:\/\/eltrabajo.cl\/portal\/wp-json\/wp\/v2\/posts\/81077","targetHints":{"allow":["GET"]}}],"collection":[{"href":"https:\/\/eltrabajo.cl\/portal\/wp-json\/wp\/v2\/posts"}],"about":[{"href":"https:\/\/eltrabajo.cl\/portal\/wp-json\/wp\/v2\/types\/post"}],"author":[{"embeddable":true,"href":"https:\/\/eltrabajo.cl\/portal\/wp-json\/wp\/v2\/users\/1"}],"replies":[{"embeddable":true,"href":"https:\/\/eltrabajo.cl\/portal\/wp-json\/wp\/v2\/comments?post=81077"}],"version-history":[{"count":0,"href":"https:\/\/eltrabajo.cl\/portal\/wp-json\/wp\/v2\/posts\/81077\/revisions"}],"wp:featuredmedia":[{"embeddable":true,"href":"https:\/\/eltrabajo.cl\/portal\/wp-json\/wp\/v2\/media\/81078"}],"wp:attachment":[{"href":"https:\/\/eltrabajo.cl\/portal\/wp-json\/wp\/v2\/media?parent=81077"}],"wp:term":[{"taxonomy":"category","embeddable":true,"href":"https:\/\/eltrabajo.cl\/portal\/wp-json\/wp\/v2\/categories?post=81077"},{"taxonomy":"post_tag","embeddable":true,"href":"https:\/\/eltrabajo.cl\/portal\/wp-json\/wp\/v2\/tags?post=81077"}],"curies":[{"name":"wp","href":"https:\/\/api.w.org\/{rel}","templated":true}]}}