{"id":81087,"date":"2017-08-21T05:01:43","date_gmt":"2017-08-21T09:01:43","guid":{"rendered":"http:\/\/www.eltrabajo.cl\/2017\/?p=81087"},"modified":"2017-08-21T05:01:43","modified_gmt":"2017-08-21T09:01:43","slug":"el-estadio-municipal-volvera-a-ser-la-casa-de-union-san-felipe","status":"publish","type":"post","link":"https:\/\/eltrabajo.cl\/portal\/el-estadio-municipal-volvera-a-ser-la-casa-de-union-san-felipe\/","title":{"rendered":"El Estadio Municipal volver\u00e1 a ser la casa de Uni\u00f3n San Felipe"},"content":{"rendered":"<figure id=\"attachment_81088\" aria-describedby=\"caption-attachment-81088\" style=\"width: 580px\" class=\"wp-caption alignnone\"><img data-recalc-dims=\"1\" loading=\"lazy\" decoding=\"async\" class=\"size-full wp-image-81088\" src=\"https:\/\/i0.wp.com\/www.eltrabajo.cl\/2017\/wp-content\/uploads\/2017\/08\/estadio.jpg?resize=580%2C349\" alt=\"El Estadio Municipal volver\u00e1 a albergar los partidos de local de Uni\u00f3n San Felipe. \" width=\"580\" height=\"349\" srcset=\"https:\/\/i0.wp.com\/eltrabajo.cl\/portal\/wp-content\/uploads\/2017\/08\/estadio.jpg?w=580&amp;ssl=1 580w, https:\/\/i0.wp.com\/eltrabajo.cl\/portal\/wp-content\/uploads\/2017\/08\/estadio.jpg?resize=200%2C120&amp;ssl=1 200w, https:\/\/i0.wp.com\/eltrabajo.cl\/portal\/wp-content\/uploads\/2017\/08\/estadio.jpg?resize=300%2C181&amp;ssl=1 300w, https:\/\/i0.wp.com\/eltrabajo.cl\/portal\/wp-content\/uploads\/2017\/08\/estadio.jpg?resize=249%2C150&amp;ssl=1 249w, https:\/\/i0.wp.com\/eltrabajo.cl\/portal\/wp-content\/uploads\/2017\/08\/estadio.jpg?resize=400%2C241&amp;ssl=1 400w\" sizes=\"auto, (max-width: 580px) 100vw, 580px\" \/><figcaption id=\"caption-attachment-81088\" class=\"wp-caption-text\">El Estadio Municipal volver\u00e1 a albergar los partidos de local de Uni\u00f3n San Felipe.<\/figcaption><\/figure>\n<p>Despu\u00e9s de dos partidos (Cobreloa, Magallanes) por el torneo de Transici\u00f3n y uno de la Copa Chile (Uni\u00f3n Espa\u00f1ola), que tuvieron que jugarse en el Estadio Lucio Fari\u00f1a Fern\u00e1ndez de Quillota, justo cuando se iniciaba el fin de semana pasado, se confirm\u00f3 que Uni\u00f3n San Felipe volver\u00e1 a jugar como local en el estadio Municipal.<br \/>\nEl gerente general del Un\u00ed, Eduardo Olivares, ratific\u00f3 el rumor que durante d\u00edas hab\u00eda circulado con mucha fuerza, admitiendo que el recinto de la Avenida Maip\u00fa deber\u00e1 ser utilizado parcialmente y solo se habilitar\u00e1n algunos sectores de sus tribunas, situaci\u00f3n que no reviste mayor problema, ya que es sabido que, en la actualidad, cuando Uni\u00f3n San Felipe juega de local la asistencia no supera los 800 espectadores y el recinto con todas sus limitaciones, puede albergar una cifra mucho mayor a esa.<br \/>\nEl reestreno del equipo albirrojo en el Municipal ser\u00e1 en el partido de este fin de semana contra Uni\u00f3n La Calera.<\/p>\n","protected":false},"excerpt":{"rendered":"<p>Despu\u00e9s de dos partidos (Cobreloa, Magallanes) por el torneo de Transici\u00f3n y uno de la Copa Chile (Uni\u00f3n Espa\u00f1ola), que tuvieron que jugarse en el Estadio Lucio Fari\u00f1a Fern\u00e1ndez de Quillota, justo&#8230;<\/p>\n","protected":false},"author":1,"featured_media":81088,"comment_status":"open","ping_status":"open","sticky":false,"template":"","format":"standard","meta":{"advanced_seo_description":"","jetpack_seo_html_title":"","jetpack_seo_noindex":false,"_jetpack_memberships_contains_paid_content":false,"footnotes":""},"categories":[19],"tags":[],"class_list":["post-81087","post","type-post","status-publish","format-standard","has-post-thumbnail","hentry","category-deportes"],"jetpack_featured_media_url":"https:\/\/i0.wp.com\/eltrabajo.cl\/portal\/wp-content\/uploads\/2017\/08\/estadio.jpg?fit=580%2C349&ssl=1","jetpack_sharing_enabled":true,"jetpack_likes_enabled":true,"jetpack-related-posts":[],"_links":{"self":[{"href":"https:\/\/eltrabajo.cl\/portal\/wp-json\/wp\/v2\/posts\/81087","targetHints":{"allow":["GET"]}}],"collection":[{"href":"https:\/\/eltrabajo.cl\/portal\/wp-json\/wp\/v2\/posts"}],"about":[{"href":"https:\/\/eltrabajo.cl\/portal\/wp-json\/wp\/v2\/types\/post"}],"author":[{"embeddable":true,"href":"https:\/\/eltrabajo.cl\/portal\/wp-json\/wp\/v2\/users\/1"}],"replies":[{"embeddable":true,"href":"https:\/\/eltrabajo.cl\/portal\/wp-json\/wp\/v2\/comments?post=81087"}],"version-history":[{"count":0,"href":"https:\/\/eltrabajo.cl\/portal\/wp-json\/wp\/v2\/posts\/81087\/revisions"}],"wp:featuredmedia":[{"embeddable":true,"href":"https:\/\/eltrabajo.cl\/portal\/wp-json\/wp\/v2\/media\/81088"}],"wp:attachment":[{"href":"https:\/\/eltrabajo.cl\/portal\/wp-json\/wp\/v2\/media?parent=81087"}],"wp:term":[{"taxonomy":"category","embeddable":true,"href":"https:\/\/eltrabajo.cl\/portal\/wp-json\/wp\/v2\/categories?post=81087"},{"taxonomy":"post_tag","embeddable":true,"href":"https:\/\/eltrabajo.cl\/portal\/wp-json\/wp\/v2\/tags?post=81087"}],"curies":[{"name":"wp","href":"https:\/\/api.w.org\/{rel}","templated":true}]}}