{"id":81090,"date":"2017-08-21T05:02:37","date_gmt":"2017-08-21T09:02:37","guid":{"rendered":"http:\/\/www.eltrabajo.cl\/2017\/?p=81090"},"modified":"2017-08-21T05:02:37","modified_gmt":"2017-08-21T09:02:37","slug":"solicitan-a-teleton-atender-a-ninos-del-valle-de-aconcagua","status":"publish","type":"post","link":"https:\/\/eltrabajo.cl\/portal\/solicitan-a-teleton-atender-a-ninos-del-valle-de-aconcagua\/","title":{"rendered":"Solicitan a Telet\u00f3n atender a ni\u00f1os del Valle de Aconcagua"},"content":{"rendered":"<figure id=\"attachment_81091\" aria-describedby=\"caption-attachment-81091\" style=\"width: 580px\" class=\"wp-caption alignnone\"><img data-recalc-dims=\"1\" loading=\"lazy\" decoding=\"async\" class=\"size-full wp-image-81091\" src=\"https:\/\/i0.wp.com\/www.eltrabajo.cl\/2017\/wp-content\/uploads\/2017\/08\/Teleton1.jpg?resize=580%2C349\" alt=\"Core Rolando Stevenson; alcalde Guillermo Reyes; alcalde  Pedro Caballer\u00eda y directora ejecutiva Telet\u00f3n, Ximena Casarejos.\" width=\"580\" height=\"349\" srcset=\"https:\/\/i0.wp.com\/eltrabajo.cl\/portal\/wp-content\/uploads\/2017\/08\/Teleton1.jpg?w=580&amp;ssl=1 580w, https:\/\/i0.wp.com\/eltrabajo.cl\/portal\/wp-content\/uploads\/2017\/08\/Teleton1.jpg?resize=200%2C120&amp;ssl=1 200w, https:\/\/i0.wp.com\/eltrabajo.cl\/portal\/wp-content\/uploads\/2017\/08\/Teleton1.jpg?resize=300%2C181&amp;ssl=1 300w, https:\/\/i0.wp.com\/eltrabajo.cl\/portal\/wp-content\/uploads\/2017\/08\/Teleton1.jpg?resize=249%2C150&amp;ssl=1 249w, https:\/\/i0.wp.com\/eltrabajo.cl\/portal\/wp-content\/uploads\/2017\/08\/Teleton1.jpg?resize=400%2C241&amp;ssl=1 400w\" sizes=\"auto, (max-width: 580px) 100vw, 580px\" \/><figcaption id=\"caption-attachment-81091\" class=\"wp-caption-text\">Core Rolando Stevenson; alcalde Guillermo Reyes; alcalde Pedro Caballer\u00eda y directora ejecutiva Telet\u00f3n, Ximena Casarejos.<\/figcaption><\/figure>\n<ul>\n<li><span style=\"color: #ff0000;\"><strong>Core Rolando Stevenson y alcaldes de Putaendo y Rinconada:<\/strong><\/span><\/li>\n<\/ul>\n<p>Una positiva gesti\u00f3n desplegaron este viernes el Core Rolando Stevenson y los alcaldes de Putaendo, Guillermo Reyes y de Rinconada, Pedro Caballer\u00eda, al concluir en buenos t\u00e9rminos una gesti\u00f3n que se prolong\u00f3 por muchos meses ante Fundaci\u00f3n Telet\u00f3n, en Santiago.<br \/>\nPromediando las 11 de la ma\u00f1ana, en sus oficinas del Teatro Telet\u00f3n, la directora ejecutiva de Telet\u00f3n, Ximena Casarejos, recibi\u00f3 a la delegaci\u00f3n aconcag\u00fcina, escuch\u00f3 sus aspiraciones en cuanto a poder contar con atenci\u00f3n especializada para los ni\u00f1os de las comunas de la zona cordillerana de la V Regi\u00f3n, y dio buenas expectativas para esa gesti\u00f3n.<br \/>\nPrimero fue el Core Stevenson el que plante\u00f3 el objetivo central de la visita, se\u00f1alando los problemas que afrontan esos peque\u00f1os pacientes para poder llegar a Valpara\u00edso o a Santiago para sus tratamientos; y luego ambos alcaldes fueron entregando antecedentes de las situaciones puntuales que dificultan esas atenciones de salud. Ambas autoridades invitaron a la directora ejecutiva a visitas sus comunas y ella acogi\u00f3 dicha invitaci\u00f3n, al mismo tiempo que expresaba la disposici\u00f3n de la Telet\u00f3n para acceder con sistemas de teleatenci\u00f3n a esas comunidades.<br \/>\nAl final del encuentro, tanto el Core Rolando Stevenson como los alcaldes, y especialmente Ximena Casarejos, acordaron reunirse en ambas comunas en una fecha pr\u00f3xima y ver en terreno la mejor forma de implementar positivamente este logro para los ni\u00f1os que requieren de la atenci\u00f3n de la Telet\u00f3n en Aconcagua.<\/p>\n","protected":false},"excerpt":{"rendered":"<p>Core Rolando Stevenson y alcaldes de Putaendo y Rinconada: Una positiva gesti\u00f3n desplegaron este viernes el Core Rolando Stevenson y los alcaldes de Putaendo, Guillermo Reyes y de Rinconada, Pedro Caballer\u00eda, al&#8230;<\/p>\n","protected":false},"author":1,"featured_media":81091,"comment_status":"open","ping_status":"open","sticky":false,"template":"","format":"standard","meta":{"advanced_seo_description":"","jetpack_seo_html_title":"","jetpack_seo_noindex":false,"_jetpack_memberships_contains_paid_content":false,"footnotes":""},"categories":[1],"tags":[],"class_list":["post-81090","post","type-post","status-publish","format-standard","has-post-thumbnail","hentry","category-cronica"],"jetpack_featured_media_url":"https:\/\/i0.wp.com\/eltrabajo.cl\/portal\/wp-content\/uploads\/2017\/08\/Teleton1.jpg?fit=580%2C349&ssl=1","jetpack_sharing_enabled":true,"jetpack_likes_enabled":true,"jetpack-related-posts":[],"_links":{"self":[{"href":"https:\/\/eltrabajo.cl\/portal\/wp-json\/wp\/v2\/posts\/81090","targetHints":{"allow":["GET"]}}],"collection":[{"href":"https:\/\/eltrabajo.cl\/portal\/wp-json\/wp\/v2\/posts"}],"about":[{"href":"https:\/\/eltrabajo.cl\/portal\/wp-json\/wp\/v2\/types\/post"}],"author":[{"embeddable":true,"href":"https:\/\/eltrabajo.cl\/portal\/wp-json\/wp\/v2\/users\/1"}],"replies":[{"embeddable":true,"href":"https:\/\/eltrabajo.cl\/portal\/wp-json\/wp\/v2\/comments?post=81090"}],"version-history":[{"count":0,"href":"https:\/\/eltrabajo.cl\/portal\/wp-json\/wp\/v2\/posts\/81090\/revisions"}],"wp:featuredmedia":[{"embeddable":true,"href":"https:\/\/eltrabajo.cl\/portal\/wp-json\/wp\/v2\/media\/81091"}],"wp:attachment":[{"href":"https:\/\/eltrabajo.cl\/portal\/wp-json\/wp\/v2\/media?parent=81090"}],"wp:term":[{"taxonomy":"category","embeddable":true,"href":"https:\/\/eltrabajo.cl\/portal\/wp-json\/wp\/v2\/categories?post=81090"},{"taxonomy":"post_tag","embeddable":true,"href":"https:\/\/eltrabajo.cl\/portal\/wp-json\/wp\/v2\/tags?post=81090"}],"curies":[{"name":"wp","href":"https:\/\/api.w.org\/{rel}","templated":true}]}}