{"id":81103,"date":"2017-08-21T05:06:16","date_gmt":"2017-08-21T09:06:16","guid":{"rendered":"http:\/\/www.eltrabajo.cl\/2017\/?p=81103"},"modified":"2017-08-21T05:06:16","modified_gmt":"2017-08-21T09:06:16","slug":"denuncian-a-chilquinta-por-mutilar-arboles-cercanos-a-sus-redes-electricas","status":"publish","type":"post","link":"https:\/\/eltrabajo.cl\/portal\/denuncian-a-chilquinta-por-mutilar-arboles-cercanos-a-sus-redes-electricas\/","title":{"rendered":"Denuncian a Chilquinta por \u2018mutilar\u2019 \u00e1rboles cercanos a sus redes el\u00e9ctricas"},"content":{"rendered":"<figure id=\"attachment_81107\" aria-describedby=\"caption-attachment-81107\" style=\"width: 580px\" class=\"wp-caption alignnone\"><img data-recalc-dims=\"1\" loading=\"lazy\" decoding=\"async\" class=\"size-full wp-image-81107\" src=\"https:\/\/i0.wp.com\/www.eltrabajo.cl\/2017\/wp-content\/uploads\/2017\/08\/Chilquinta_Patricia-Boffa.jpg?resize=580%2C349\" alt=\"Definitivamente no hubo labor de poda, simplemente los \u00e1rboles fueron mutilados, asegura Patricia Boffa.\" width=\"580\" height=\"349\" srcset=\"https:\/\/i0.wp.com\/eltrabajo.cl\/portal\/wp-content\/uploads\/2017\/08\/Chilquinta_Patricia-Boffa.jpg?w=580&amp;ssl=1 580w, https:\/\/i0.wp.com\/eltrabajo.cl\/portal\/wp-content\/uploads\/2017\/08\/Chilquinta_Patricia-Boffa.jpg?resize=200%2C120&amp;ssl=1 200w, https:\/\/i0.wp.com\/eltrabajo.cl\/portal\/wp-content\/uploads\/2017\/08\/Chilquinta_Patricia-Boffa.jpg?resize=300%2C181&amp;ssl=1 300w, https:\/\/i0.wp.com\/eltrabajo.cl\/portal\/wp-content\/uploads\/2017\/08\/Chilquinta_Patricia-Boffa.jpg?resize=249%2C150&amp;ssl=1 249w, https:\/\/i0.wp.com\/eltrabajo.cl\/portal\/wp-content\/uploads\/2017\/08\/Chilquinta_Patricia-Boffa.jpg?resize=400%2C241&amp;ssl=1 400w\" sizes=\"auto, (max-width: 580px) 100vw, 580px\" \/><figcaption id=\"caption-attachment-81107\" class=\"wp-caption-text\">Definitivamente no hubo labor de poda, simplemente los \u00e1rboles fueron mutilados, asegura Patricia Boffa.<\/figcaption><\/figure>\n<ul>\n<li><span style=\"color: #ff0000;\"><strong>Ante Superintendencia de Electricidad y Combustible:<\/strong><\/span><\/li>\n<\/ul>\n<p>La concejala Patricia Boffa Casas, junto a Fundaci\u00f3n Mi Patrimonio y la candidata a diputada Camila Flores, interpusieron un reclamo en la Superintendencia de Electricidad y Combustible denunciando la poda arrasadora realizada por Chilquinta en calles de San Felipe.<br \/>\n\u00abLa denuncia la hicimos producto del corte y rebaje de \u00e1rboles, porque Chilquinta no hace poda de \u00e1rboles, ellos hacen rebaje bas\u00e1ndose espec\u00edficamente en el tema de los \u00e1rboles que crecen y van entre las l\u00edneas a\u00e9reas que tiene la empresa el\u00e9ctrica, pero hay un decreto ley que en su art\u00edculo 139, 218 y 222 se\u00f1ala con claridad la forma en que se debe mantener el trazado de las l\u00edneas a\u00e9reas que pasan por Bienes Nacionales de uso p\u00fablico, que es lo que se tiene que hacer, hay una gran molestia generalizada por parte de la comunidad de San Felipe\u00bb, dijo Boffa.<br \/>\nA\u00f1adi\u00f3 que van a seguir trabajando en funci\u00f3n de estos problemas, producto que en San Felipe durante los meses de verano se necesita la sombra de los \u00e1rboles por las altas temperaturas que se registran, sobrepasando incluso los 40 grados, hecho que ha sido registrado por los distintos noticieros de nuestro pa\u00eds, donde han llegado a catalogar a San Felipe como la ciudad m\u00e1s calurosa de Chile.<br \/>\n\u00abLos \u00e1rboles entregan ox\u00edgeno y ya el a\u00f1o pasado se comenz\u00f3 con esta molestia, producto que no hay como municipio una ordenanza que regule esta situaci\u00f3n; se empez\u00f3 a trabajar en un a\u00f1o una ordenanza que tenga que ver con la poda de los \u00e1rboles, pero todav\u00eda no est\u00e1 aprobada, por lo tanto hoy en d\u00eda y en el pr\u00f3ximo concejo municipal voy a ser las consultas para saber en qu\u00e9 etapa est\u00e1 esa tramitaci\u00f3n para como municipio tener una herramienta y poder multar a esta empresa, porque realmente los \u00e1rboles fueron mutilados\u00bb, se\u00f1al\u00f3 la edil.<br \/>\nLos lugares donde dice la concejala Boffa Casas, fueron mutilados los \u00e1rboles, son Calle 5 de Abril, Avenida Michimalongo, entre otras. Junto a la denuncia ante la SEC se acompa\u00f1aron 65 fotograf\u00edas de los \u00e1rboles mutilados. Se llam\u00f3 a la Subgerencia de Chilquinta, en donde se indic\u00f3 que \u00e9ste ser\u00eda un tema a ver.<\/p>\n<figure id=\"attachment_81104\" aria-describedby=\"caption-attachment-81104\" style=\"width: 580px\" class=\"wp-caption alignnone\"><img data-recalc-dims=\"1\" loading=\"lazy\" decoding=\"async\" class=\"size-full wp-image-81104\" src=\"https:\/\/i0.wp.com\/www.eltrabajo.cl\/2017\/wp-content\/uploads\/2017\/08\/Chilquinta-arboles-mutilados-1.jpg?resize=580%2C349\" alt=\"Artem\u00f3n Cifuentes fue otra de las calles afectadas con la destrucci\u00f3n de \u00e1rboles que probablemente deber\u00e1n ser arrancados tras la dupuesta \u2018poda\u2019.\" width=\"580\" height=\"349\" srcset=\"https:\/\/i0.wp.com\/eltrabajo.cl\/portal\/wp-content\/uploads\/2017\/08\/Chilquinta-arboles-mutilados-1.jpg?w=580&amp;ssl=1 580w, https:\/\/i0.wp.com\/eltrabajo.cl\/portal\/wp-content\/uploads\/2017\/08\/Chilquinta-arboles-mutilados-1.jpg?resize=200%2C120&amp;ssl=1 200w, https:\/\/i0.wp.com\/eltrabajo.cl\/portal\/wp-content\/uploads\/2017\/08\/Chilquinta-arboles-mutilados-1.jpg?resize=300%2C181&amp;ssl=1 300w, https:\/\/i0.wp.com\/eltrabajo.cl\/portal\/wp-content\/uploads\/2017\/08\/Chilquinta-arboles-mutilados-1.jpg?resize=249%2C150&amp;ssl=1 249w, https:\/\/i0.wp.com\/eltrabajo.cl\/portal\/wp-content\/uploads\/2017\/08\/Chilquinta-arboles-mutilados-1.jpg?resize=400%2C241&amp;ssl=1 400w\" sizes=\"auto, (max-width: 580px) 100vw, 580px\" \/><figcaption id=\"caption-attachment-81104\" class=\"wp-caption-text\">Artem\u00f3n Cifuentes fue otra de las calles afectadas con la destrucci\u00f3n de \u00e1rboles que probablemente deber\u00e1n ser arrancados tras la dupuesta \u2018poda\u2019.<\/figcaption><\/figure>\n<figure id=\"attachment_81105\" aria-describedby=\"caption-attachment-81105\" style=\"width: 580px\" class=\"wp-caption alignnone\"><img data-recalc-dims=\"1\" loading=\"lazy\" decoding=\"async\" class=\"size-full wp-image-81105\" src=\"https:\/\/i0.wp.com\/www.eltrabajo.cl\/2017\/wp-content\/uploads\/2017\/08\/Chilquinta-arboles-mutilados-2.jpg?resize=580%2C350\" alt=\"En el camino a La Troya tambi\u00e9n se pudo observar el trabajo de mutilaci\u00f3n de \u00e1rboles.\" width=\"580\" height=\"350\" srcset=\"https:\/\/i0.wp.com\/eltrabajo.cl\/portal\/wp-content\/uploads\/2017\/08\/Chilquinta-arboles-mutilados-2.jpg?w=580&amp;ssl=1 580w, https:\/\/i0.wp.com\/eltrabajo.cl\/portal\/wp-content\/uploads\/2017\/08\/Chilquinta-arboles-mutilados-2.jpg?resize=200%2C121&amp;ssl=1 200w, https:\/\/i0.wp.com\/eltrabajo.cl\/portal\/wp-content\/uploads\/2017\/08\/Chilquinta-arboles-mutilados-2.jpg?resize=300%2C181&amp;ssl=1 300w, https:\/\/i0.wp.com\/eltrabajo.cl\/portal\/wp-content\/uploads\/2017\/08\/Chilquinta-arboles-mutilados-2.jpg?resize=249%2C150&amp;ssl=1 249w, https:\/\/i0.wp.com\/eltrabajo.cl\/portal\/wp-content\/uploads\/2017\/08\/Chilquinta-arboles-mutilados-2.jpg?resize=400%2C241&amp;ssl=1 400w\" sizes=\"auto, (max-width: 580px) 100vw, 580px\" \/><figcaption id=\"caption-attachment-81105\" class=\"wp-caption-text\">En el camino a La Troya tambi\u00e9n se pudo observar el trabajo de mutilaci\u00f3n de \u00e1rboles.<\/figcaption><\/figure>\n<figure id=\"attachment_81106\" aria-describedby=\"caption-attachment-81106\" style=\"width: 580px\" class=\"wp-caption alignnone\"><img data-recalc-dims=\"1\" loading=\"lazy\" decoding=\"async\" class=\"size-full wp-image-81106\" src=\"https:\/\/i0.wp.com\/www.eltrabajo.cl\/2017\/wp-content\/uploads\/2017\/08\/Chilquinta-arboles-mutilados-3.jpg?resize=580%2C462\" alt=\"As\u00ed lucen ahora estos \u00e1rboles en Calle 5 de Abril, totalmente mutilados y sin ramas para dar sombra.\" width=\"580\" height=\"462\" srcset=\"https:\/\/i0.wp.com\/eltrabajo.cl\/portal\/wp-content\/uploads\/2017\/08\/Chilquinta-arboles-mutilados-3.jpg?w=580&amp;ssl=1 580w, https:\/\/i0.wp.com\/eltrabajo.cl\/portal\/wp-content\/uploads\/2017\/08\/Chilquinta-arboles-mutilados-3.jpg?resize=188%2C150&amp;ssl=1 188w, https:\/\/i0.wp.com\/eltrabajo.cl\/portal\/wp-content\/uploads\/2017\/08\/Chilquinta-arboles-mutilados-3.jpg?resize=300%2C239&amp;ssl=1 300w, https:\/\/i0.wp.com\/eltrabajo.cl\/portal\/wp-content\/uploads\/2017\/08\/Chilquinta-arboles-mutilados-3.jpg?resize=400%2C319&amp;ssl=1 400w\" sizes=\"auto, (max-width: 580px) 100vw, 580px\" \/><figcaption id=\"caption-attachment-81106\" class=\"wp-caption-text\">As\u00ed lucen ahora estos \u00e1rboles en Calle 5 de Abril, totalmente mutilados y sin ramas para dar sombra.<\/figcaption><\/figure>\n","protected":false},"excerpt":{"rendered":"<p>Ante Superintendencia de Electricidad y Combustible: La concejala Patricia Boffa Casas, junto a Fundaci\u00f3n Mi Patrimonio y la candidata a diputada Camila Flores, interpusieron un reclamo en la Superintendencia de Electricidad y&#8230;<\/p>\n","protected":false},"author":1,"featured_media":81104,"comment_status":"open","ping_status":"open","sticky":false,"template":"","format":"standard","meta":{"advanced_seo_description":"","jetpack_seo_html_title":"","jetpack_seo_noindex":false,"_jetpack_memberships_contains_paid_content":false,"footnotes":""},"categories":[1],"tags":[],"class_list":["post-81103","post","type-post","status-publish","format-standard","has-post-thumbnail","hentry","category-cronica"],"jetpack_featured_media_url":"https:\/\/i0.wp.com\/eltrabajo.cl\/portal\/wp-content\/uploads\/2017\/08\/Chilquinta-arboles-mutilados-1.jpg?fit=580%2C349&ssl=1","jetpack_sharing_enabled":true,"jetpack_likes_enabled":true,"jetpack-related-posts":[],"_links":{"self":[{"href":"https:\/\/eltrabajo.cl\/portal\/wp-json\/wp\/v2\/posts\/81103","targetHints":{"allow":["GET"]}}],"collection":[{"href":"https:\/\/eltrabajo.cl\/portal\/wp-json\/wp\/v2\/posts"}],"about":[{"href":"https:\/\/eltrabajo.cl\/portal\/wp-json\/wp\/v2\/types\/post"}],"author":[{"embeddable":true,"href":"https:\/\/eltrabajo.cl\/portal\/wp-json\/wp\/v2\/users\/1"}],"replies":[{"embeddable":true,"href":"https:\/\/eltrabajo.cl\/portal\/wp-json\/wp\/v2\/comments?post=81103"}],"version-history":[{"count":0,"href":"https:\/\/eltrabajo.cl\/portal\/wp-json\/wp\/v2\/posts\/81103\/revisions"}],"wp:featuredmedia":[{"embeddable":true,"href":"https:\/\/eltrabajo.cl\/portal\/wp-json\/wp\/v2\/media\/81104"}],"wp:attachment":[{"href":"https:\/\/eltrabajo.cl\/portal\/wp-json\/wp\/v2\/media?parent=81103"}],"wp:term":[{"taxonomy":"category","embeddable":true,"href":"https:\/\/eltrabajo.cl\/portal\/wp-json\/wp\/v2\/categories?post=81103"},{"taxonomy":"post_tag","embeddable":true,"href":"https:\/\/eltrabajo.cl\/portal\/wp-json\/wp\/v2\/tags?post=81103"}],"curies":[{"name":"wp","href":"https:\/\/api.w.org\/{rel}","templated":true}]}}