{"id":81109,"date":"2017-08-21T05:07:00","date_gmt":"2017-08-21T09:07:00","guid":{"rendered":"http:\/\/www.eltrabajo.cl\/2017\/?p=81109"},"modified":"2017-08-21T05:07:00","modified_gmt":"2017-08-21T09:07:00","slug":"globos-aplausos-y-lagrimas-para-despedir-a-nuestro-heroe-tito-arana","status":"publish","type":"post","link":"https:\/\/eltrabajo.cl\/portal\/globos-aplausos-y-lagrimas-para-despedir-a-nuestro-heroe-tito-arana\/","title":{"rendered":"Globos, aplausos y l\u00e1grimas para despedir a nuestro h\u00e9roe \u2018Tito Ara\u00f1a\u2019"},"content":{"rendered":"<figure id=\"attachment_81115\" aria-describedby=\"caption-attachment-81115\" style=\"width: 580px\" class=\"wp-caption alignnone\"><img data-recalc-dims=\"1\" loading=\"lazy\" decoding=\"async\" class=\"size-full wp-image-81115\" src=\"https:\/\/i0.wp.com\/www.eltrabajo.cl\/2017\/wp-content\/uploads\/2017\/08\/Tito5.jpg?resize=580%2C580\" alt=\"ADI\u00d3S FELIPITO.- As\u00ed luc\u00eda nuestro amiguito cuando se pon\u00eda su traje del Hombre Ara\u00f1a.\" width=\"580\" height=\"580\" srcset=\"https:\/\/i0.wp.com\/eltrabajo.cl\/portal\/wp-content\/uploads\/2017\/08\/Tito5.jpg?w=580&amp;ssl=1 580w, https:\/\/i0.wp.com\/eltrabajo.cl\/portal\/wp-content\/uploads\/2017\/08\/Tito5.jpg?resize=150%2C150&amp;ssl=1 150w, https:\/\/i0.wp.com\/eltrabajo.cl\/portal\/wp-content\/uploads\/2017\/08\/Tito5.jpg?resize=300%2C300&amp;ssl=1 300w, https:\/\/i0.wp.com\/eltrabajo.cl\/portal\/wp-content\/uploads\/2017\/08\/Tito5.jpg?resize=400%2C400&amp;ssl=1 400w\" sizes=\"auto, (max-width: 580px) 100vw, 580px\" \/><figcaption id=\"caption-attachment-81115\" class=\"wp-caption-text\">ADI\u00d3S FELIPITO.- As\u00ed luc\u00eda nuestro amiguito cuando se pon\u00eda su traje del Hombre Ara\u00f1a.<\/figcaption><\/figure>\n<ul>\n<li><span style=\"color: #ff0000;\"><strong>Luis Felipe Gallardo Lazcano falleci\u00f3 v\u00edctima de c\u00e1ncer a sus 7 a\u00f1os:<\/strong><\/span><\/li>\n<\/ul>\n<p>Luego que debiera enfrentar una incansable lucha por su vida y despu\u00e9s tambi\u00e9n de soportar durante alg\u00fan tiempo la escandalosa m\u00fasica de sus vecinos en su lecho de muerte, la tarde de este viernes muri\u00f3 en su casa el peque\u00f1o de 7 a\u00f1os Luis Felipe Gallardo Lazcano (Tito Ara\u00f1a), nuestro s\u00faper-h\u00e9roe sanfelipe\u00f1o que encarnaba ilusionado al Hombre Ara\u00f1a. El peque\u00f1ito era vecino de Poblaci\u00f3n Pedro de Valdivia 2, Calle 1 con Pasaje 2.<br \/>\nLa comuna entera se volc\u00f3 tras conocerse la muerte del querido \u2018Tito Ara\u00f1a\u2019, quien fuera diagnosticado con la enfermedad desde que naci\u00f3, lo que lo tuvo gran parte de vida en hospitales y cl\u00ednicas, lo que no le impidi\u00f3 irradiar una gran alegr\u00eda y tener una fuerza que nadie pod\u00eda explicar.<br \/>\nPara todos era sabido que Felipito siempre tuvo el sue\u00f1o de luchar para proteger a los habitantes. Fue por esa raz\u00f3n que en mayo, tras la invitaci\u00f3n del mayor de Carabineros H\u00e9ctor P\u00e9rez Gonz\u00e1lez, quien era su t\u00edo, Luis pudo ser teniente por un d\u00eda. Se visti\u00f3 como carabinero y comand\u00f3 a los uniformados.<\/p>\n<p><span style=\"color: #ff0000;\"><strong>\u00abSU MUERTE FUE\u00a0MUY INJUSTA\u00bb<\/strong><\/span><br \/>\nPaulina Vargas, familiar del querido \u2018Tito Ara\u00f1a\u2019, explic\u00f3 a Diario El Trabajo que \u00aben nombre de la familia de Felipe quiero dar las gracias a todos quienes nos acompa\u00f1aron en esta amarga traves\u00eda. De repente pienso que su muerte fue injusta, me consuelo con la idea de que \u00e9l est\u00e9 en el Cielo y descanse ya en paz\u00bb, dijo la joven funcionaria del Hospital San Camilo.<br \/>\nEl funeral de Luis Felipe Gallardo se realiz\u00f3 ayer domingo 20 a las 15:00 horas en la Iglesia Andacollo de San Felipe, ubicada en Diego de Almagro 1136, sus restos fueron sepultados en el Cementerio Parque Almendral, en La Troya. A sepelio asistieron tambi\u00e9n los M\u00e9dicos de la Risa, personal del Hospital San Camilio, escolares de muchos centros educativos, familiares y amiguitos de Felipe, tambi\u00e9n vestido de Hombre Ara\u00f1a. Todos quienes laboramos en Diario El Trabajo nos unimos al dolor de toda la familia del querido Felipito, a la vez que deseamos la fortaleza para superar este amargo trance.<br \/>\n<strong>Roberto Gonz\u00e1lez Short<\/strong><\/p>\n<figure id=\"attachment_81110\" aria-describedby=\"caption-attachment-81110\" style=\"width: 580px\" class=\"wp-caption alignnone\"><img data-recalc-dims=\"1\" loading=\"lazy\" decoding=\"async\" class=\"size-full wp-image-81110\" src=\"https:\/\/i0.wp.com\/www.eltrabajo.cl\/2017\/wp-content\/uploads\/2017\/08\/Tito_Paulina-Vargas.jpg?resize=580%2C540\" alt=\"Paulina Vargas, familiar del querido \u2018Tito Ara\u00f1a\u2019.\" width=\"580\" height=\"540\" srcset=\"https:\/\/i0.wp.com\/eltrabajo.cl\/portal\/wp-content\/uploads\/2017\/08\/Tito_Paulina-Vargas.jpg?w=580&amp;ssl=1 580w, https:\/\/i0.wp.com\/eltrabajo.cl\/portal\/wp-content\/uploads\/2017\/08\/Tito_Paulina-Vargas.jpg?resize=161%2C150&amp;ssl=1 161w, https:\/\/i0.wp.com\/eltrabajo.cl\/portal\/wp-content\/uploads\/2017\/08\/Tito_Paulina-Vargas.jpg?resize=300%2C279&amp;ssl=1 300w, https:\/\/i0.wp.com\/eltrabajo.cl\/portal\/wp-content\/uploads\/2017\/08\/Tito_Paulina-Vargas.jpg?resize=400%2C372&amp;ssl=1 400w\" sizes=\"auto, (max-width: 580px) 100vw, 580px\" \/><figcaption id=\"caption-attachment-81110\" class=\"wp-caption-text\">Paulina Vargas, familiar del querido \u2018Tito Ara\u00f1a\u2019.<\/figcaption><\/figure>\n<figure id=\"attachment_81111\" aria-describedby=\"caption-attachment-81111\" style=\"width: 580px\" class=\"wp-caption alignnone\"><img data-recalc-dims=\"1\" loading=\"lazy\" decoding=\"async\" class=\"size-full wp-image-81111\" src=\"https:\/\/i0.wp.com\/www.eltrabajo.cl\/2017\/wp-content\/uploads\/2017\/08\/Tito1.jpg?resize=580%2C349\" alt=\"SE NOS FUE FELIPITO.- Muchas personas viajaron de distintas partes del pa\u00eds para despedir al peque\u00f1o Felipe, quien nos dej\u00f3 con las ganas de verlo crecer y convertirse en un flamante oficial de Carabineros.\" width=\"580\" height=\"349\" srcset=\"https:\/\/i0.wp.com\/eltrabajo.cl\/portal\/wp-content\/uploads\/2017\/08\/Tito1.jpg?w=580&amp;ssl=1 580w, https:\/\/i0.wp.com\/eltrabajo.cl\/portal\/wp-content\/uploads\/2017\/08\/Tito1.jpg?resize=200%2C120&amp;ssl=1 200w, https:\/\/i0.wp.com\/eltrabajo.cl\/portal\/wp-content\/uploads\/2017\/08\/Tito1.jpg?resize=300%2C181&amp;ssl=1 300w, https:\/\/i0.wp.com\/eltrabajo.cl\/portal\/wp-content\/uploads\/2017\/08\/Tito1.jpg?resize=249%2C150&amp;ssl=1 249w, https:\/\/i0.wp.com\/eltrabajo.cl\/portal\/wp-content\/uploads\/2017\/08\/Tito1.jpg?resize=400%2C241&amp;ssl=1 400w\" sizes=\"auto, (max-width: 580px) 100vw, 580px\" \/><figcaption id=\"caption-attachment-81111\" class=\"wp-caption-text\">SE NOS FUE FELIPITO.- Muchas personas viajaron de distintas partes del pa\u00eds para despedir al peque\u00f1o Felipe, quien nos dej\u00f3 con las ganas de verlo crecer y convertirse en un flamante oficial de Carabineros.<\/figcaption><\/figure>\n<figure id=\"attachment_81112\" aria-describedby=\"caption-attachment-81112\" style=\"width: 580px\" class=\"wp-caption alignnone\"><img data-recalc-dims=\"1\" loading=\"lazy\" decoding=\"async\" class=\"size-full wp-image-81112\" src=\"https:\/\/i0.wp.com\/www.eltrabajo.cl\/2017\/wp-content\/uploads\/2017\/08\/Tito2.jpg?resize=580%2C349\" alt=\"UN EJEMPLO DE VIDA.- Como pocas veces ocurre, un ni\u00f1o supo con su ejemplo de lucha y amor a la vida, ense\u00f1arnos a luchar pese a los designios del destino. Sus funerales marcaron a muchas personas.\" width=\"580\" height=\"349\" srcset=\"https:\/\/i0.wp.com\/eltrabajo.cl\/portal\/wp-content\/uploads\/2017\/08\/Tito2.jpg?w=580&amp;ssl=1 580w, https:\/\/i0.wp.com\/eltrabajo.cl\/portal\/wp-content\/uploads\/2017\/08\/Tito2.jpg?resize=200%2C120&amp;ssl=1 200w, https:\/\/i0.wp.com\/eltrabajo.cl\/portal\/wp-content\/uploads\/2017\/08\/Tito2.jpg?resize=300%2C181&amp;ssl=1 300w, https:\/\/i0.wp.com\/eltrabajo.cl\/portal\/wp-content\/uploads\/2017\/08\/Tito2.jpg?resize=249%2C150&amp;ssl=1 249w, https:\/\/i0.wp.com\/eltrabajo.cl\/portal\/wp-content\/uploads\/2017\/08\/Tito2.jpg?resize=400%2C241&amp;ssl=1 400w\" sizes=\"auto, (max-width: 580px) 100vw, 580px\" \/><figcaption id=\"caption-attachment-81112\" class=\"wp-caption-text\">UN EJEMPLO DE VIDA.- Como pocas veces ocurre, un ni\u00f1o supo con su ejemplo de lucha y amor a la vida, ense\u00f1arnos a luchar pese a los designios del destino. Sus funerales marcaron a muchas personas.<\/figcaption><\/figure>\n<figure id=\"attachment_81113\" aria-describedby=\"caption-attachment-81113\" style=\"width: 580px\" class=\"wp-caption alignnone\"><img data-recalc-dims=\"1\" loading=\"lazy\" decoding=\"async\" class=\"size-full wp-image-81113\" src=\"https:\/\/i0.wp.com\/www.eltrabajo.cl\/2017\/wp-content\/uploads\/2017\/08\/Tito3.jpg?resize=580%2C349\" alt=\"DOLOROSA DESPEDIDA.- El funeral de Luis Felipe Gallardo se realiz\u00f3 ayer domingo 20 a las 15:00 horas en la Iglesia Andacollo de San Felipe, sus restos fueron sepultados en el Cementerio Parque Almendral, en La Troya.\" width=\"580\" height=\"349\" srcset=\"https:\/\/i0.wp.com\/eltrabajo.cl\/portal\/wp-content\/uploads\/2017\/08\/Tito3.jpg?w=580&amp;ssl=1 580w, https:\/\/i0.wp.com\/eltrabajo.cl\/portal\/wp-content\/uploads\/2017\/08\/Tito3.jpg?resize=200%2C120&amp;ssl=1 200w, https:\/\/i0.wp.com\/eltrabajo.cl\/portal\/wp-content\/uploads\/2017\/08\/Tito3.jpg?resize=300%2C181&amp;ssl=1 300w, https:\/\/i0.wp.com\/eltrabajo.cl\/portal\/wp-content\/uploads\/2017\/08\/Tito3.jpg?resize=249%2C150&amp;ssl=1 249w, https:\/\/i0.wp.com\/eltrabajo.cl\/portal\/wp-content\/uploads\/2017\/08\/Tito3.jpg?resize=400%2C241&amp;ssl=1 400w\" sizes=\"auto, (max-width: 580px) 100vw, 580px\" \/><figcaption id=\"caption-attachment-81113\" class=\"wp-caption-text\">DOLOROSA DESPEDIDA.- El funeral de Luis Felipe Gallardo se realiz\u00f3 ayer domingo 20 a las 15:00 horas en la Iglesia Andacollo de San Felipe, sus restos fueron sepultados en el Cementerio Parque Almendral, en La Troya.<\/figcaption><\/figure>\n<figure id=\"attachment_81114\" aria-describedby=\"caption-attachment-81114\" style=\"width: 580px\" class=\"wp-caption alignnone\"><img data-recalc-dims=\"1\" loading=\"lazy\" decoding=\"async\" class=\"size-full wp-image-81114\" src=\"https:\/\/i0.wp.com\/www.eltrabajo.cl\/2017\/wp-content\/uploads\/2017\/08\/Tito4.jpg?resize=580%2C348\" alt=\"TENIENTE POR UN D\u00cdA.- Tal como lo vemos en esta foto, a Felipito le encantaba la idea de llegar a conformar la gran fuerza de Carabineros de Chile.\" width=\"580\" height=\"348\" srcset=\"https:\/\/i0.wp.com\/eltrabajo.cl\/portal\/wp-content\/uploads\/2017\/08\/Tito4.jpg?w=580&amp;ssl=1 580w, https:\/\/i0.wp.com\/eltrabajo.cl\/portal\/wp-content\/uploads\/2017\/08\/Tito4.jpg?resize=200%2C120&amp;ssl=1 200w, https:\/\/i0.wp.com\/eltrabajo.cl\/portal\/wp-content\/uploads\/2017\/08\/Tito4.jpg?resize=300%2C180&amp;ssl=1 300w, https:\/\/i0.wp.com\/eltrabajo.cl\/portal\/wp-content\/uploads\/2017\/08\/Tito4.jpg?resize=250%2C150&amp;ssl=1 250w, https:\/\/i0.wp.com\/eltrabajo.cl\/portal\/wp-content\/uploads\/2017\/08\/Tito4.jpg?resize=400%2C240&amp;ssl=1 400w\" sizes=\"auto, (max-width: 580px) 100vw, 580px\" \/><figcaption id=\"caption-attachment-81114\" class=\"wp-caption-text\">TENIENTE POR UN D\u00cdA.- Tal como lo vemos en esta foto, a Felipito le encantaba la idea de llegar a conformar la gran fuerza de Carabineros de Chile.<\/figcaption><\/figure>\n<figure id=\"attachment_81116\" aria-describedby=\"caption-attachment-81116\" style=\"width: 580px\" class=\"wp-caption alignnone\"><img data-recalc-dims=\"1\" loading=\"lazy\" decoding=\"async\" class=\"size-full wp-image-81116\" src=\"https:\/\/i0.wp.com\/www.eltrabajo.cl\/2017\/wp-content\/uploads\/2017\/08\/Tito6.jpg?resize=580%2C349\" alt=\"ERA UN SO\u00d1ADOR.- Su traje de carabinerito, as\u00ed como de otros personajes de \u00e9l favoritos, son el recuerdo f\u00edsico que ha quedado a sus familiares, as\u00ed como el dulce recuerdo de su presencia entre nosotros.\" width=\"580\" height=\"349\" srcset=\"https:\/\/i0.wp.com\/eltrabajo.cl\/portal\/wp-content\/uploads\/2017\/08\/Tito6.jpg?w=580&amp;ssl=1 580w, https:\/\/i0.wp.com\/eltrabajo.cl\/portal\/wp-content\/uploads\/2017\/08\/Tito6.jpg?resize=200%2C120&amp;ssl=1 200w, https:\/\/i0.wp.com\/eltrabajo.cl\/portal\/wp-content\/uploads\/2017\/08\/Tito6.jpg?resize=300%2C181&amp;ssl=1 300w, https:\/\/i0.wp.com\/eltrabajo.cl\/portal\/wp-content\/uploads\/2017\/08\/Tito6.jpg?resize=249%2C150&amp;ssl=1 249w, https:\/\/i0.wp.com\/eltrabajo.cl\/portal\/wp-content\/uploads\/2017\/08\/Tito6.jpg?resize=400%2C241&amp;ssl=1 400w\" sizes=\"auto, (max-width: 580px) 100vw, 580px\" \/><figcaption id=\"caption-attachment-81116\" class=\"wp-caption-text\">ERA UN SO\u00d1ADOR.- Su traje de carabinerito, as\u00ed como de otros personajes de \u00e9l favoritos, son el recuerdo f\u00edsico que ha quedado a sus familiares, as\u00ed como el dulce recuerdo de su presencia entre nosotros.<\/figcaption><\/figure>\n","protected":false},"excerpt":{"rendered":"<p>Luis Felipe Gallardo Lazcano falleci\u00f3 v\u00edctima de c\u00e1ncer a sus 7 a\u00f1os: Luego que debiera enfrentar una incansable lucha por su vida y despu\u00e9s tambi\u00e9n de soportar durante alg\u00fan tiempo la escandalosa&#8230;<\/p>\n","protected":false},"author":1,"featured_media":81111,"comment_status":"open","ping_status":"open","sticky":false,"template":"","format":"standard","meta":{"advanced_seo_description":"","jetpack_seo_html_title":"","jetpack_seo_noindex":false,"_jetpack_memberships_contains_paid_content":false,"footnotes":""},"categories":[15],"tags":[],"class_list":["post-81109","post","type-post","status-publish","format-standard","has-post-thumbnail","hentry","category-comunidad"],"jetpack_featured_media_url":"https:\/\/i0.wp.com\/eltrabajo.cl\/portal\/wp-content\/uploads\/2017\/08\/Tito1.jpg?fit=580%2C349&ssl=1","jetpack_sharing_enabled":true,"jetpack_likes_enabled":true,"jetpack-related-posts":[],"_links":{"self":[{"href":"https:\/\/eltrabajo.cl\/portal\/wp-json\/wp\/v2\/posts\/81109","targetHints":{"allow":["GET"]}}],"collection":[{"href":"https:\/\/eltrabajo.cl\/portal\/wp-json\/wp\/v2\/posts"}],"about":[{"href":"https:\/\/eltrabajo.cl\/portal\/wp-json\/wp\/v2\/types\/post"}],"author":[{"embeddable":true,"href":"https:\/\/eltrabajo.cl\/portal\/wp-json\/wp\/v2\/users\/1"}],"replies":[{"embeddable":true,"href":"https:\/\/eltrabajo.cl\/portal\/wp-json\/wp\/v2\/comments?post=81109"}],"version-history":[{"count":0,"href":"https:\/\/eltrabajo.cl\/portal\/wp-json\/wp\/v2\/posts\/81109\/revisions"}],"wp:featuredmedia":[{"embeddable":true,"href":"https:\/\/eltrabajo.cl\/portal\/wp-json\/wp\/v2\/media\/81111"}],"wp:attachment":[{"href":"https:\/\/eltrabajo.cl\/portal\/wp-json\/wp\/v2\/media?parent=81109"}],"wp:term":[{"taxonomy":"category","embeddable":true,"href":"https:\/\/eltrabajo.cl\/portal\/wp-json\/wp\/v2\/categories?post=81109"},{"taxonomy":"post_tag","embeddable":true,"href":"https:\/\/eltrabajo.cl\/portal\/wp-json\/wp\/v2\/tags?post=81109"}],"curies":[{"name":"wp","href":"https:\/\/api.w.org\/{rel}","templated":true}]}}