{"id":81122,"date":"2017-08-22T05:01:19","date_gmt":"2017-08-22T09:01:19","guid":{"rendered":"http:\/\/www.eltrabajo.cl\/2017\/?p=81122"},"modified":"2017-08-22T05:01:19","modified_gmt":"2017-08-22T09:01:19","slug":"equipo-juvenil-del-prat-fue-subcampeon-de-su-serie-en-la-libcentro-menores","status":"publish","type":"post","link":"https:\/\/eltrabajo.cl\/portal\/equipo-juvenil-del-prat-fue-subcampeon-de-su-serie-en-la-libcentro-menores\/","title":{"rendered":"Equipo juvenil del Prat fue subcampe\u00f3n de su serie en la Libcentro Menores"},"content":{"rendered":"<figure id=\"attachment_81123\" aria-describedby=\"caption-attachment-81123\" style=\"width: 580px\" class=\"wp-caption alignnone\"><img data-recalc-dims=\"1\" loading=\"lazy\" decoding=\"async\" class=\"size-full wp-image-81123\" src=\"https:\/\/i0.wp.com\/www.eltrabajo.cl\/2017\/wp-content\/uploads\/2017\/08\/final.jpg?resize=580%2C349\" alt=\"Pratinos y universitarios fueron protagonistas de una final intensa y muy disputada.\" width=\"580\" height=\"349\" srcset=\"https:\/\/i0.wp.com\/eltrabajo.cl\/portal\/wp-content\/uploads\/2017\/08\/final.jpg?w=580&amp;ssl=1 580w, https:\/\/i0.wp.com\/eltrabajo.cl\/portal\/wp-content\/uploads\/2017\/08\/final.jpg?resize=200%2C120&amp;ssl=1 200w, https:\/\/i0.wp.com\/eltrabajo.cl\/portal\/wp-content\/uploads\/2017\/08\/final.jpg?resize=300%2C181&amp;ssl=1 300w, https:\/\/i0.wp.com\/eltrabajo.cl\/portal\/wp-content\/uploads\/2017\/08\/final.jpg?resize=249%2C150&amp;ssl=1 249w, https:\/\/i0.wp.com\/eltrabajo.cl\/portal\/wp-content\/uploads\/2017\/08\/final.jpg?resize=400%2C241&amp;ssl=1 400w\" sizes=\"auto, (max-width: 580px) 100vw, 580px\" \/><figcaption id=\"caption-attachment-81123\" class=\"wp-caption-text\">Pratinos y universitarios fueron protagonistas de una final intensa y muy disputada.<\/figcaption><\/figure>\n<p>En el cuadrangular final de la serie U 17 de la Libcentro Menores, que durante el fin de semana se disput\u00f3 en el Fort\u00edn Prat de San Felipe, el quinteto del club Arturo Prat se qued\u00f3 con el subcampeonato al caer en la final ante la Universidad de Chile por 59 a 48.<br \/>\nAl encuentro decisivo del Top 4 llegaron los dos mejores equipos de la competencia, y ambos respondieron con creces a sus pergaminos al protagonizar un partido intenso, con altas cuotas de emotividad y en el cual los universitarios supieron golpear en los momentos justos, adem\u00e1s de mostrar calma cuando los pratinos evidenciaron un alza importante en su juego con el que incluso llegaron a equilibrar las acciones.<br \/>\nPara acceder a la gran final, los muchachos aconcag\u00fcinos primero debieron superar a Espa\u00f1ol (68-49) de Talca y posteriormente a Boston College (59-47), en cotejos que se jugaron durante la jornada del s\u00e1bado.<br \/>\nCon esto el b\u00e1squetbol sanfelipe\u00f1o demostr\u00f3 que est\u00e1 viviendo un presente feliz en la Libcentro Menores, al ganar San Felipe Basket la categor\u00eda U13, mientras que las series U15 y U17, San Felipe Basket y el Prat llegaron muy alto al ser los respectivos subcampeones.<br \/>\nPosiciones finales Top 4<br \/>\n1\u00ba.- Universidad de Chile<br \/>\n2\u00ba.- Arturo Prat<br \/>\n3\u00ba.- Boston College<br \/>\n4\u00ba.- Espa\u00f1ol de Talca<\/p>\n<figure id=\"attachment_81124\" aria-describedby=\"caption-attachment-81124\" style=\"width: 580px\" class=\"wp-caption alignnone\"><img data-recalc-dims=\"1\" loading=\"lazy\" decoding=\"async\" class=\"size-full wp-image-81124\" src=\"https:\/\/i0.wp.com\/www.eltrabajo.cl\/2017\/wp-content\/uploads\/2017\/08\/prat-U17.jpg?resize=580%2C348\" alt=\"El Prat termin\u00f3 en el segundo lugar del Top 4 de la Libcentro Menores .\" width=\"580\" height=\"348\" srcset=\"https:\/\/i0.wp.com\/eltrabajo.cl\/portal\/wp-content\/uploads\/2017\/08\/prat-U17.jpg?w=580&amp;ssl=1 580w, https:\/\/i0.wp.com\/eltrabajo.cl\/portal\/wp-content\/uploads\/2017\/08\/prat-U17.jpg?resize=200%2C120&amp;ssl=1 200w, https:\/\/i0.wp.com\/eltrabajo.cl\/portal\/wp-content\/uploads\/2017\/08\/prat-U17.jpg?resize=300%2C180&amp;ssl=1 300w, https:\/\/i0.wp.com\/eltrabajo.cl\/portal\/wp-content\/uploads\/2017\/08\/prat-U17.jpg?resize=250%2C150&amp;ssl=1 250w, https:\/\/i0.wp.com\/eltrabajo.cl\/portal\/wp-content\/uploads\/2017\/08\/prat-U17.jpg?resize=400%2C240&amp;ssl=1 400w\" sizes=\"auto, (max-width: 580px) 100vw, 580px\" \/><figcaption id=\"caption-attachment-81124\" class=\"wp-caption-text\">El Prat termin\u00f3 en el segundo lugar del Top 4 de la Libcentro Menores .<\/figcaption><\/figure>\n","protected":false},"excerpt":{"rendered":"<p>En el cuadrangular final de la serie U 17 de la Libcentro Menores, que durante el fin de semana se disput\u00f3 en el Fort\u00edn Prat de San Felipe, el quinteto del club&#8230;<\/p>\n","protected":false},"author":1,"featured_media":81124,"comment_status":"open","ping_status":"open","sticky":false,"template":"","format":"standard","meta":{"advanced_seo_description":"","jetpack_seo_html_title":"","jetpack_seo_noindex":false,"_jetpack_memberships_contains_paid_content":false,"footnotes":""},"categories":[19],"tags":[],"class_list":["post-81122","post","type-post","status-publish","format-standard","has-post-thumbnail","hentry","category-deportes"],"jetpack_featured_media_url":"https:\/\/i0.wp.com\/eltrabajo.cl\/portal\/wp-content\/uploads\/2017\/08\/prat-U17.jpg?fit=580%2C348&ssl=1","jetpack_sharing_enabled":true,"jetpack_likes_enabled":true,"jetpack-related-posts":[],"_links":{"self":[{"href":"https:\/\/eltrabajo.cl\/portal\/wp-json\/wp\/v2\/posts\/81122","targetHints":{"allow":["GET"]}}],"collection":[{"href":"https:\/\/eltrabajo.cl\/portal\/wp-json\/wp\/v2\/posts"}],"about":[{"href":"https:\/\/eltrabajo.cl\/portal\/wp-json\/wp\/v2\/types\/post"}],"author":[{"embeddable":true,"href":"https:\/\/eltrabajo.cl\/portal\/wp-json\/wp\/v2\/users\/1"}],"replies":[{"embeddable":true,"href":"https:\/\/eltrabajo.cl\/portal\/wp-json\/wp\/v2\/comments?post=81122"}],"version-history":[{"count":0,"href":"https:\/\/eltrabajo.cl\/portal\/wp-json\/wp\/v2\/posts\/81122\/revisions"}],"wp:featuredmedia":[{"embeddable":true,"href":"https:\/\/eltrabajo.cl\/portal\/wp-json\/wp\/v2\/media\/81124"}],"wp:attachment":[{"href":"https:\/\/eltrabajo.cl\/portal\/wp-json\/wp\/v2\/media?parent=81122"}],"wp:term":[{"taxonomy":"category","embeddable":true,"href":"https:\/\/eltrabajo.cl\/portal\/wp-json\/wp\/v2\/categories?post=81122"},{"taxonomy":"post_tag","embeddable":true,"href":"https:\/\/eltrabajo.cl\/portal\/wp-json\/wp\/v2\/tags?post=81122"}],"curies":[{"name":"wp","href":"https:\/\/api.w.org\/{rel}","templated":true}]}}