{"id":81126,"date":"2017-08-22T05:02:53","date_gmt":"2017-08-22T09:02:53","guid":{"rendered":"http:\/\/www.eltrabajo.cl\/2017\/?p=81126"},"modified":"2017-08-22T05:02:53","modified_gmt":"2017-08-22T09:02:53","slug":"comunidad-el-asiento-preocupada-por-tronaduras-y-extraccion-de-rocas","status":"publish","type":"post","link":"https:\/\/eltrabajo.cl\/portal\/comunidad-el-asiento-preocupada-por-tronaduras-y-extraccion-de-rocas\/","title":{"rendered":"Comunidad El Asiento preocupada por tronaduras y extracci\u00f3n de rocas"},"content":{"rendered":"<figure id=\"attachment_81128\" aria-describedby=\"caption-attachment-81128\" style=\"width: 580px\" class=\"wp-caption alignnone\"><img data-recalc-dims=\"1\" loading=\"lazy\" decoding=\"async\" class=\"size-full wp-image-81128\" src=\"https:\/\/i0.wp.com\/www.eltrabajo.cl\/2017\/wp-content\/uploads\/2017\/08\/reunion-2-el-asiento-por-tronaduras.jpg?resize=580%2C349\" alt=\"Los vecinos junto a expositores y representantes de Fundaci\u00f3n Mi Patrimonio.\" width=\"580\" height=\"349\" srcset=\"https:\/\/i0.wp.com\/eltrabajo.cl\/portal\/wp-content\/uploads\/2017\/08\/reunion-2-el-asiento-por-tronaduras.jpg?w=580&amp;ssl=1 580w, https:\/\/i0.wp.com\/eltrabajo.cl\/portal\/wp-content\/uploads\/2017\/08\/reunion-2-el-asiento-por-tronaduras.jpg?resize=200%2C120&amp;ssl=1 200w, https:\/\/i0.wp.com\/eltrabajo.cl\/portal\/wp-content\/uploads\/2017\/08\/reunion-2-el-asiento-por-tronaduras.jpg?resize=300%2C181&amp;ssl=1 300w, https:\/\/i0.wp.com\/eltrabajo.cl\/portal\/wp-content\/uploads\/2017\/08\/reunion-2-el-asiento-por-tronaduras.jpg?resize=249%2C150&amp;ssl=1 249w, https:\/\/i0.wp.com\/eltrabajo.cl\/portal\/wp-content\/uploads\/2017\/08\/reunion-2-el-asiento-por-tronaduras.jpg?resize=400%2C241&amp;ssl=1 400w\" sizes=\"auto, (max-width: 580px) 100vw, 580px\" \/><figcaption id=\"caption-attachment-81128\" class=\"wp-caption-text\">Los vecinos junto a expositores y representantes de Fundaci\u00f3n Mi Patrimonio.<\/figcaption><\/figure>\n<ul>\n<li><span style=\"color: #ff0000;\"><strong>Asamblea se reuni\u00f3 con expertos ambientales por da\u00f1os tras reiteradas explosiones y movimiento de material p\u00e9treo.<\/strong><\/span><\/li>\n<\/ul>\n<p>El Comit\u00e9 de Agua Potable Rural (APR) del sector El Asiento, iniciar\u00e1 acciones para frenar la extracci\u00f3n ilegal de rocas y el posible da\u00f1o a las napas subterr\u00e1neas debido a las reiteradas tronaduras que se ejecutan para extraer \u00e1ridos y trasladarlos a la construcci\u00f3n de la nueva ruta 60 Ch.<br \/>\nEsta decisi\u00f3n se tom\u00f3 tras realizar una asamblea extraordinaria donde participaron vecinos, representantes de organizaciones ambientales tales como Ra\u00edces Aconcagua y el director del Observatorio Latinoamericano de Conflictos Ambientales (OLCA), Lucio Cuenca.<br \/>\nLa determinaci\u00f3n de efectuar acciones para terminar con el problema la dio a conocer el propio Presidente del APR, Jos\u00e9 Guajardo, quien se\u00f1al\u00f3 que tras reunirse la asamblea extraordinaria con sus socios y directiva, resolvieron tomar muestras y realizar an\u00e1lisis para ver qu\u00e9 tanto da\u00f1o ha causado esta situaci\u00f3n al subsuelo y napas subterr\u00e1neas, las que a la fecha podr\u00edan estar severamente afectadas.<br \/>\n\u201cLa reuni\u00f3n fue bastante positiva porque se inform\u00f3 a las personas sobre el patrimonio que poseemos, cu\u00e1l es el patrimonio que est\u00e1 en peligro de sufrir alg\u00fan impacto ambiental producto de la actividad minera y de las \u00faltimas determinaciones y b\u00e1sicamente que eso incide en la calidad del agua que nosotros debemos brindarle a las personas. Lo bueno que contamos con el apoyo de la comunidad para actuar sensatamente, respecto a temas de demandas, o respecto a reclamos que vamos a hacer en forma m\u00e1s pensada y consensuada con el mandato que nos dieron las personas asistentes a esta reuni\u00f3n, porque creo que en general fue una reuni\u00f3n exitosa, la gente se fue muy contenta, creo que los expositores estuvieron a la altura, tratamos aspectos legales, ambientales, sociales, respecto a lo que estaba ocurriendo en El Asiento y tambi\u00e9n lo que tenemos que presentar; la gente sali\u00f3 empoderada, creo que eso es positivo\u201d, dijo el dirigente.<br \/>\nPor su parte Lucio Cuenca, Director del OLCA, se\u00f1al\u00f3 que \u201ceste es un problema que se est\u00e1 repitiendo en varios puntos del pa\u00eds, creo que ac\u00e1 estamos frente a un tesoro de ecosistema que quiz\u00e1s no est\u00e1 reconocido ni valorado por las instituciones p\u00fablicas, incluso por la gente de ac\u00e1 de la zona, por el valor ecosist\u00e9mico, el valor que tiene para la mantenci\u00f3n del ciclo del agua, pero sobre todo por los ecosistemas de la zona de centro de Chile, que han sido devastados a lo largo de la historia. Creo que sobre eso debiera exigirse m\u00e1s preocupaci\u00f3n y la comunidad de ac\u00e1 revalorizar y mostrarlo al resto, y ese es un paso muy importante porque hay que pensar en las acciones que se est\u00e1n haciendo y destruyen este patrimonio, porque si esto no se revalora, va a seguir ocurriendo en el futuro\u201d.<br \/>\nDe la misma forma, Pedro Mu\u00f1oz Hern\u00e1ndez, director de la organizaci\u00f3n \u2018Mi Patrimonio\u2019, asegur\u00f3 que \u201cac\u00e1 no puede operar la ley del oeste o la ley del m\u00e1s fuerte. Esta es una actividad productiva que para algunos ser\u00e1 necesaria, pero hay que regularla\u201d.<br \/>\nLa preocupaci\u00f3n de la comunidad se suma a la de los ambientalistas debido a que es el \u00e1rea en donde se ubican los cipreses, un recinto privado perteneciente a la Comunidad Agr\u00edcola Serran\u00eda del Asiento, formada por 106 comuneros, que decidi\u00f3 destinar el 60% de su superficie para que el Consejo de Monumentos Nacionales lo reconociera como Santuario de la Naturaleza, lo que se materializ\u00f3 el a\u00f1o 2006 a trav\u00e9s del Decreto Exento N\u00b0 698, a trav\u00e9s del cual se reconoce el estado de vulnerabilidad en el que se encuentra el cipr\u00e9s de monta\u00f1a y su entorno.<br \/>\nTras la reuni\u00f3n, los vecinos hicieron un llamado a las autoridades para que se preocupen de ellos y no privilegien mezquinos intereses econ\u00f3micos por sobre la tranquilidad y el patrimonio de los vecinos.<\/p>\n<figure id=\"attachment_81127\" aria-describedby=\"caption-attachment-81127\" style=\"width: 580px\" class=\"wp-caption alignnone\"><img data-recalc-dims=\"1\" loading=\"lazy\" decoding=\"async\" class=\"size-full wp-image-81127\" src=\"https:\/\/i0.wp.com\/www.eltrabajo.cl\/2017\/wp-content\/uploads\/2017\/08\/reunion-1-asamblea-el-asiento-por-tronaduras.jpg?resize=580%2C349\" alt=\"Los asistentes a la Asamblea apoyaron las acciones a seguir por la directiva del APR El Asiento para frenar las tronaduras.\" width=\"580\" height=\"349\" srcset=\"https:\/\/i0.wp.com\/eltrabajo.cl\/portal\/wp-content\/uploads\/2017\/08\/reunion-1-asamblea-el-asiento-por-tronaduras.jpg?w=580&amp;ssl=1 580w, https:\/\/i0.wp.com\/eltrabajo.cl\/portal\/wp-content\/uploads\/2017\/08\/reunion-1-asamblea-el-asiento-por-tronaduras.jpg?resize=200%2C120&amp;ssl=1 200w, https:\/\/i0.wp.com\/eltrabajo.cl\/portal\/wp-content\/uploads\/2017\/08\/reunion-1-asamblea-el-asiento-por-tronaduras.jpg?resize=300%2C181&amp;ssl=1 300w, https:\/\/i0.wp.com\/eltrabajo.cl\/portal\/wp-content\/uploads\/2017\/08\/reunion-1-asamblea-el-asiento-por-tronaduras.jpg?resize=249%2C150&amp;ssl=1 249w, https:\/\/i0.wp.com\/eltrabajo.cl\/portal\/wp-content\/uploads\/2017\/08\/reunion-1-asamblea-el-asiento-por-tronaduras.jpg?resize=400%2C241&amp;ssl=1 400w\" sizes=\"auto, (max-width: 580px) 100vw, 580px\" \/><figcaption id=\"caption-attachment-81127\" class=\"wp-caption-text\">Los asistentes a la Asamblea apoyaron las acciones a seguir por la directiva del APR El Asiento para frenar las tronaduras.<\/figcaption><\/figure>\n<figure id=\"attachment_81129\" aria-describedby=\"caption-attachment-81129\" style=\"width: 580px\" class=\"wp-caption alignnone\"><img data-recalc-dims=\"1\" loading=\"lazy\" decoding=\"async\" class=\"size-full wp-image-81129\" src=\"https:\/\/i0.wp.com\/www.eltrabajo.cl\/2017\/wp-content\/uploads\/2017\/08\/reunion-3-lucio-cuenca-el-asiento-por-tronaduras.jpg?resize=580%2C350\" alt=\"El Director del OLCA, Lucio Cuenca, en plena exposici\u00f3n ante los vecinos de El Asiento.\" width=\"580\" height=\"350\" srcset=\"https:\/\/i0.wp.com\/eltrabajo.cl\/portal\/wp-content\/uploads\/2017\/08\/reunion-3-lucio-cuenca-el-asiento-por-tronaduras.jpg?w=580&amp;ssl=1 580w, https:\/\/i0.wp.com\/eltrabajo.cl\/portal\/wp-content\/uploads\/2017\/08\/reunion-3-lucio-cuenca-el-asiento-por-tronaduras.jpg?resize=200%2C121&amp;ssl=1 200w, https:\/\/i0.wp.com\/eltrabajo.cl\/portal\/wp-content\/uploads\/2017\/08\/reunion-3-lucio-cuenca-el-asiento-por-tronaduras.jpg?resize=300%2C181&amp;ssl=1 300w, https:\/\/i0.wp.com\/eltrabajo.cl\/portal\/wp-content\/uploads\/2017\/08\/reunion-3-lucio-cuenca-el-asiento-por-tronaduras.jpg?resize=249%2C150&amp;ssl=1 249w, https:\/\/i0.wp.com\/eltrabajo.cl\/portal\/wp-content\/uploads\/2017\/08\/reunion-3-lucio-cuenca-el-asiento-por-tronaduras.jpg?resize=400%2C241&amp;ssl=1 400w\" sizes=\"auto, (max-width: 580px) 100vw, 580px\" \/><figcaption id=\"caption-attachment-81129\" class=\"wp-caption-text\">El Director del OLCA, Lucio Cuenca, en plena exposici\u00f3n ante los vecinos de El Asiento.<\/figcaption><\/figure>\n","protected":false},"excerpt":{"rendered":"<p>Asamblea se reuni\u00f3 con expertos ambientales por da\u00f1os tras reiteradas explosiones y movimiento de material p\u00e9treo. El Comit\u00e9 de Agua Potable Rural (APR) del sector El Asiento, iniciar\u00e1 acciones para frenar la&#8230;<\/p>\n","protected":false},"author":1,"featured_media":81127,"comment_status":"open","ping_status":"open","sticky":false,"template":"","format":"standard","meta":{"advanced_seo_description":"","jetpack_seo_html_title":"","jetpack_seo_noindex":false,"_jetpack_memberships_contains_paid_content":false,"footnotes":""},"categories":[15],"tags":[],"class_list":["post-81126","post","type-post","status-publish","format-standard","has-post-thumbnail","hentry","category-comunidad"],"jetpack_featured_media_url":"https:\/\/i0.wp.com\/eltrabajo.cl\/portal\/wp-content\/uploads\/2017\/08\/reunion-1-asamblea-el-asiento-por-tronaduras.jpg?fit=580%2C349&ssl=1","jetpack_sharing_enabled":true,"jetpack_likes_enabled":true,"jetpack-related-posts":[],"_links":{"self":[{"href":"https:\/\/eltrabajo.cl\/portal\/wp-json\/wp\/v2\/posts\/81126","targetHints":{"allow":["GET"]}}],"collection":[{"href":"https:\/\/eltrabajo.cl\/portal\/wp-json\/wp\/v2\/posts"}],"about":[{"href":"https:\/\/eltrabajo.cl\/portal\/wp-json\/wp\/v2\/types\/post"}],"author":[{"embeddable":true,"href":"https:\/\/eltrabajo.cl\/portal\/wp-json\/wp\/v2\/users\/1"}],"replies":[{"embeddable":true,"href":"https:\/\/eltrabajo.cl\/portal\/wp-json\/wp\/v2\/comments?post=81126"}],"version-history":[{"count":0,"href":"https:\/\/eltrabajo.cl\/portal\/wp-json\/wp\/v2\/posts\/81126\/revisions"}],"wp:featuredmedia":[{"embeddable":true,"href":"https:\/\/eltrabajo.cl\/portal\/wp-json\/wp\/v2\/media\/81127"}],"wp:attachment":[{"href":"https:\/\/eltrabajo.cl\/portal\/wp-json\/wp\/v2\/media?parent=81126"}],"wp:term":[{"taxonomy":"category","embeddable":true,"href":"https:\/\/eltrabajo.cl\/portal\/wp-json\/wp\/v2\/categories?post=81126"},{"taxonomy":"post_tag","embeddable":true,"href":"https:\/\/eltrabajo.cl\/portal\/wp-json\/wp\/v2\/tags?post=81126"}],"curies":[{"name":"wp","href":"https:\/\/api.w.org\/{rel}","templated":true}]}}