{"id":81131,"date":"2017-08-22T05:03:02","date_gmt":"2017-08-22T09:03:02","guid":{"rendered":"http:\/\/www.eltrabajo.cl\/2017\/?p=81131"},"modified":"2017-08-22T05:03:02","modified_gmt":"2017-08-22T09:03:02","slug":"operadores-de-camaras-de-seguridad-se-capacitan-en-nueva-tecnologia","status":"publish","type":"post","link":"https:\/\/eltrabajo.cl\/portal\/operadores-de-camaras-de-seguridad-se-capacitan-en-nueva-tecnologia\/","title":{"rendered":"Operadores de c\u00e1maras de seguridad se capacitan en nueva tecnolog\u00eda"},"content":{"rendered":"<figure id=\"attachment_81132\" aria-describedby=\"caption-attachment-81132\" style=\"width: 580px\" class=\"wp-caption alignnone\"><img data-recalc-dims=\"1\" loading=\"lazy\" decoding=\"async\" class=\"size-full wp-image-81132\" src=\"https:\/\/i0.wp.com\/www.eltrabajo.cl\/2017\/wp-content\/uploads\/2017\/08\/capacitacion-operadores-camaras-vigilancia.jpg?resize=580%2C349\" alt=\"El Alcalde Patricio Freire junto al Concejo Municipal visitaron la central de televigilancia en Carabineros, cuyo personal fue capacitado en el uso de la nueva tecnolog\u00eda.\" width=\"580\" height=\"349\" srcset=\"https:\/\/i0.wp.com\/eltrabajo.cl\/portal\/wp-content\/uploads\/2017\/08\/capacitacion-operadores-camaras-vigilancia.jpg?w=580&amp;ssl=1 580w, https:\/\/i0.wp.com\/eltrabajo.cl\/portal\/wp-content\/uploads\/2017\/08\/capacitacion-operadores-camaras-vigilancia.jpg?resize=200%2C120&amp;ssl=1 200w, https:\/\/i0.wp.com\/eltrabajo.cl\/portal\/wp-content\/uploads\/2017\/08\/capacitacion-operadores-camaras-vigilancia.jpg?resize=300%2C181&amp;ssl=1 300w, https:\/\/i0.wp.com\/eltrabajo.cl\/portal\/wp-content\/uploads\/2017\/08\/capacitacion-operadores-camaras-vigilancia.jpg?resize=249%2C150&amp;ssl=1 249w, https:\/\/i0.wp.com\/eltrabajo.cl\/portal\/wp-content\/uploads\/2017\/08\/capacitacion-operadores-camaras-vigilancia.jpg?resize=400%2C241&amp;ssl=1 400w\" sizes=\"auto, (max-width: 580px) 100vw, 580px\" \/><figcaption id=\"caption-attachment-81132\" class=\"wp-caption-text\">El Alcalde Patricio Freire junto al Concejo Municipal visitaron la central de televigilancia en Carabineros, cuyo personal fue capacitado en el uso de la nueva tecnolog\u00eda.<\/figcaption><\/figure>\n<ul>\n<li><span style=\"color: #ff0000;\"><strong>Alcalde Patricio Freire visit\u00f3 la central de comunicaciones de Carabineros, donde se monitorean las c\u00e1maras del centro, para conocer los nuevos equipos.<\/strong><\/span><\/li>\n<\/ul>\n<p>Una jornada de capacitaci\u00f3n realizaron este lunes los operadores de las nuevas c\u00e1maras de seguridad que fueron instaladas hace unas semanas en el sector c\u00e9ntrico de la comuna, cuya central se ubica en la Segunda Comisar\u00eda de Carabineros de San Felipe.<br \/>\nPara conocer en profundidad el proceso, llegaron hasta esas dependencias el Alcalde Patricio Freire, junto al Concejo Municipal, quienes pudieron ver el funcionamiento de estas nuevas c\u00e1maras que cuentan con el sistema Avigilon, de alta definici\u00f3n, que permiten tener una imagen en 360 grados, adem\u00e1s de las c\u00e1maras multi-sensor, que cuentan con una excelente calidad de imagen tanto de d\u00eda como de noche y que graba tanto en color como en blanco y negro.<br \/>\nEl Alcalde Patricio Freire destac\u00f3 esta importante inversi\u00f3n, que permite elevar los est\u00e1ndares de seguridad para los vecinos: \u00abEstamos junto al Concejo Municipal viendo las nuevas c\u00e1maras de alta definici\u00f3n que se han instalado en el centro de San Felipe. Primero instalamos la postaci\u00f3n con todos los requerimientos y luego estas c\u00e1maras de \u00faltima tecnolog\u00eda, que tienen una definici\u00f3n bastante clara. Esto significa m\u00e1s seguridad para los vecinos, lo que nos tiene bastante contentos, y los proyectos que vienen, son en beneficio de toda la comunidad, enfocados en seguridad ciudadana\u00bb, dijo el jefe comunal.<br \/>\nSeg\u00fan explic\u00f3 Patricio Senda, representante de la empresa a cargo del sistema, estas nuevas c\u00e1maras son de \u00faltima generaci\u00f3n y con tecnolog\u00eda bastante avanzada, permitiendo identificar personas y veh\u00edculos.<br \/>\n\u00abLa c\u00e1mara aprende autom\u00e1ticamente y con eso podemos emitir ciertas alertas, como paso de gente, estacionamiento indebido, autos que van en sentido contrario y trabajar en tecnolog\u00eda que ve a color de noche, la misma tecnolog\u00eda con que cuenta la c\u00e1mara multi-sensor, que es la misma c\u00e1mara que tenemos disponible en San Felipe y nos permite ver en 360 grados para obtener cualquier evidencia que pase en la calle\u00bb.<br \/>\nLa informaci\u00f3n obtenida a trav\u00e9s de las c\u00e1maras de seguridad y el hecho de estar ubicados en la central de comunicaciones de Carabineros, permite trabajar en coordinaci\u00f3n con el personal policial ante la ocurrencia de un hecho il\u00edcito.<br \/>\nAdem\u00e1s, seg\u00fan explic\u00f3 el Alcalde Freire, en el corto plazo se aumentar\u00e1 el n\u00famero de c\u00e1maras de vigilancia, principalmente en el centro de la comuna, que es el lugar donde se concentra cerca del 75% de los delitos, ya que el municipio de San Felipe postul\u00f3 al Gobierno Regional un proyecto para instalar alrededor de 11 c\u00e1maras de seguridad.<\/p>\n","protected":false},"excerpt":{"rendered":"<p>Alcalde Patricio Freire visit\u00f3 la central de comunicaciones de Carabineros, donde se monitorean las c\u00e1maras del centro, para conocer los nuevos equipos. Una jornada de capacitaci\u00f3n realizaron este lunes los operadores de&#8230;<\/p>\n","protected":false},"author":1,"featured_media":81132,"comment_status":"open","ping_status":"open","sticky":false,"template":"","format":"standard","meta":{"advanced_seo_description":"","jetpack_seo_html_title":"","jetpack_seo_noindex":false,"_jetpack_memberships_contains_paid_content":false,"footnotes":""},"categories":[1],"tags":[],"class_list":["post-81131","post","type-post","status-publish","format-standard","has-post-thumbnail","hentry","category-cronica"],"jetpack_featured_media_url":"https:\/\/i0.wp.com\/eltrabajo.cl\/portal\/wp-content\/uploads\/2017\/08\/capacitacion-operadores-camaras-vigilancia.jpg?fit=580%2C349&ssl=1","jetpack_sharing_enabled":true,"jetpack_likes_enabled":true,"jetpack-related-posts":[],"_links":{"self":[{"href":"https:\/\/eltrabajo.cl\/portal\/wp-json\/wp\/v2\/posts\/81131","targetHints":{"allow":["GET"]}}],"collection":[{"href":"https:\/\/eltrabajo.cl\/portal\/wp-json\/wp\/v2\/posts"}],"about":[{"href":"https:\/\/eltrabajo.cl\/portal\/wp-json\/wp\/v2\/types\/post"}],"author":[{"embeddable":true,"href":"https:\/\/eltrabajo.cl\/portal\/wp-json\/wp\/v2\/users\/1"}],"replies":[{"embeddable":true,"href":"https:\/\/eltrabajo.cl\/portal\/wp-json\/wp\/v2\/comments?post=81131"}],"version-history":[{"count":0,"href":"https:\/\/eltrabajo.cl\/portal\/wp-json\/wp\/v2\/posts\/81131\/revisions"}],"wp:featuredmedia":[{"embeddable":true,"href":"https:\/\/eltrabajo.cl\/portal\/wp-json\/wp\/v2\/media\/81132"}],"wp:attachment":[{"href":"https:\/\/eltrabajo.cl\/portal\/wp-json\/wp\/v2\/media?parent=81131"}],"wp:term":[{"taxonomy":"category","embeddable":true,"href":"https:\/\/eltrabajo.cl\/portal\/wp-json\/wp\/v2\/categories?post=81131"},{"taxonomy":"post_tag","embeddable":true,"href":"https:\/\/eltrabajo.cl\/portal\/wp-json\/wp\/v2\/tags?post=81131"}],"curies":[{"name":"wp","href":"https:\/\/api.w.org\/{rel}","templated":true}]}}