{"id":81134,"date":"2017-08-22T05:04:18","date_gmt":"2017-08-22T09:04:18","guid":{"rendered":"http:\/\/www.eltrabajo.cl\/2017\/?p=81134"},"modified":"2017-08-22T05:04:18","modified_gmt":"2017-08-22T09:04:18","slug":"bellisima-marielle-mansilla-promete-conquistar-a-todos-los-sanfelipenos","status":"publish","type":"post","link":"https:\/\/eltrabajo.cl\/portal\/bellisima-marielle-mansilla-promete-conquistar-a-todos-los-sanfelipenos\/","title":{"rendered":"Bell\u00edsima Marielle Mansilla promete conquistar a todos los sanfelipe\u00f1os"},"content":{"rendered":"<figure id=\"attachment_81136\" aria-describedby=\"caption-attachment-81136\" style=\"width: 580px\" class=\"wp-caption alignnone\"><img data-recalc-dims=\"1\" loading=\"lazy\" decoding=\"async\" class=\"size-full wp-image-81136\" src=\"https:\/\/i0.wp.com\/www.eltrabajo.cl\/2017\/wp-content\/uploads\/2017\/08\/Candidata1.jpg?resize=580%2C349\" alt=\"LA M\u00c1S BELLA.- Ella es la bella candidata a la Fiesta de la Primavera 2017, Marielle Mansilla Rivera, bell\u00edsima vecina de Departamentos Enc\u00f3n.\" width=\"580\" height=\"349\" srcset=\"https:\/\/i0.wp.com\/eltrabajo.cl\/portal\/wp-content\/uploads\/2017\/08\/Candidata1.jpg?w=580&amp;ssl=1 580w, https:\/\/i0.wp.com\/eltrabajo.cl\/portal\/wp-content\/uploads\/2017\/08\/Candidata1.jpg?resize=200%2C120&amp;ssl=1 200w, https:\/\/i0.wp.com\/eltrabajo.cl\/portal\/wp-content\/uploads\/2017\/08\/Candidata1.jpg?resize=300%2C181&amp;ssl=1 300w, https:\/\/i0.wp.com\/eltrabajo.cl\/portal\/wp-content\/uploads\/2017\/08\/Candidata1.jpg?resize=249%2C150&amp;ssl=1 249w, https:\/\/i0.wp.com\/eltrabajo.cl\/portal\/wp-content\/uploads\/2017\/08\/Candidata1.jpg?resize=400%2C241&amp;ssl=1 400w\" sizes=\"auto, (max-width: 580px) 100vw, 580px\" \/><figcaption id=\"caption-attachment-81136\" class=\"wp-caption-text\">LA M\u00c1S BELLA.- Ella es la bella candidata a la Fiesta de la Primavera 2017, Marielle Mansilla Rivera, bell\u00edsima vecina de Departamentos Enc\u00f3n.<\/figcaption><\/figure>\n<ul>\n<li><span style=\"color: #ff0000;\"><strong>Presentamos a la primera candidata a Reina de la Fiesta de la Primavera:<\/strong><\/span><\/li>\n<\/ul>\n<p>Este a\u00f1o 2017 s\u00ed se realizar\u00e1 la Fiesta de la Primavera para deleite de todos los sanfelipe\u00f1os, ya que en 2016 esta popular fiesta no se desarroll\u00f3 en nuestra comuna a causa de las elecciones de alcaldes. Dicho esto, hoy en Diario El Trabajo presentamos a la primera candidata. Se trata de la se\u00f1orita Marielle Mansilla Rivera, bell\u00edsima vecina de Departamentos Enc\u00f3n, quien participa en representaci\u00f3n del \u2018Comit\u00e9 de Vivienda Valle Los Sue\u00f1os\u2019, integrado por unas 34 familias.<\/p>\n<p><span style=\"color: #ff0000;\"><strong>BELLA Y REGALONA<\/strong><\/span><br \/>\n\u00abHola amigos lectores de Diario El Trabajo, soy candidata de la Fiesta de la Primavera 2017, estoy participando para apoyar a mi comit\u00e9 de vivienda, soy la segunda de tres hermanas, nosotros como comit\u00e9 estaremos participando con un carro aleg\u00f3rico llamado tentativamente \u2018La Casita de la Primavera\u2019, el que llevar\u00eda una tem\u00e1tica relacionada con los personajes de la famosa serie de televisi\u00f3n con el mismo nombre\u00bb, dijo a nuestro medio la bella candidata.<br \/>\nEsta joven aspirante a Reina, seg\u00fan nos coment\u00f3, es amante del reggae; es admiradora del actor estadounidense Johnny Depp, su color favorito es el rojo y es asistente administrativa.<br \/>\nNuestro medio tambi\u00e9n habl\u00f3 con la presidenta del comit\u00e9 de vivienda, do\u00f1a Norma Salas Valenzuela, quien nos explic\u00f3 que \u00absomos la primera organizaci\u00f3n que se ha registrado en el Departamento de Organizaciones Comunitarias del Municipio, ubicadas en el segundo piso de Toro Mazote 1172, oficina 5. Esta Fiesta de la Primavera y desfile de carros aleg\u00f3ricos se realizar\u00e1 el s\u00e1bado 14 de octubre\u00bb, dijo do\u00f1a Norma a Diario El Trabajo.<br \/>\n<strong>Roberto Gonz\u00e1lez Short<\/strong><\/p>\n<figure id=\"attachment_81135\" aria-describedby=\"caption-attachment-81135\" style=\"width: 580px\" class=\"wp-caption alignnone\"><img data-recalc-dims=\"1\" loading=\"lazy\" decoding=\"async\" class=\"size-full wp-image-81135\" src=\"https:\/\/i0.wp.com\/www.eltrabajo.cl\/2017\/wp-content\/uploads\/2017\/08\/Candidata_Norma-Salas.jpg?resize=580%2C525\" alt=\"Presidenta del comit\u00e9 de vivienda, do\u00f1a Norma Salas Valenzuela.\" width=\"580\" height=\"525\" srcset=\"https:\/\/i0.wp.com\/eltrabajo.cl\/portal\/wp-content\/uploads\/2017\/08\/Candidata_Norma-Salas.jpg?w=580&amp;ssl=1 580w, https:\/\/i0.wp.com\/eltrabajo.cl\/portal\/wp-content\/uploads\/2017\/08\/Candidata_Norma-Salas.jpg?resize=166%2C150&amp;ssl=1 166w, https:\/\/i0.wp.com\/eltrabajo.cl\/portal\/wp-content\/uploads\/2017\/08\/Candidata_Norma-Salas.jpg?resize=300%2C272&amp;ssl=1 300w, https:\/\/i0.wp.com\/eltrabajo.cl\/portal\/wp-content\/uploads\/2017\/08\/Candidata_Norma-Salas.jpg?resize=400%2C362&amp;ssl=1 400w\" sizes=\"auto, (max-width: 580px) 100vw, 580px\" \/><figcaption id=\"caption-attachment-81135\" class=\"wp-caption-text\">Presidenta del comit\u00e9 de vivienda, do\u00f1a Norma Salas Valenzuela.<\/figcaption><\/figure>\n<figure id=\"attachment_81137\" aria-describedby=\"caption-attachment-81137\" style=\"width: 580px\" class=\"wp-caption alignnone\"><img data-recalc-dims=\"1\" loading=\"lazy\" decoding=\"async\" class=\"size-full wp-image-81137\" src=\"https:\/\/i0.wp.com\/www.eltrabajo.cl\/2017\/wp-content\/uploads\/2017\/08\/Candidata2.jpg?resize=580%2C348\" alt=\"M\u00cdRENLA NOM\u00c1S.- As\u00ed luc\u00eda Marielle cuando apenas era una guag\u00fcita, siempre regalona y con muchas ganas de crecer.\" width=\"580\" height=\"348\" srcset=\"https:\/\/i0.wp.com\/eltrabajo.cl\/portal\/wp-content\/uploads\/2017\/08\/Candidata2.jpg?w=580&amp;ssl=1 580w, https:\/\/i0.wp.com\/eltrabajo.cl\/portal\/wp-content\/uploads\/2017\/08\/Candidata2.jpg?resize=200%2C120&amp;ssl=1 200w, https:\/\/i0.wp.com\/eltrabajo.cl\/portal\/wp-content\/uploads\/2017\/08\/Candidata2.jpg?resize=300%2C180&amp;ssl=1 300w, https:\/\/i0.wp.com\/eltrabajo.cl\/portal\/wp-content\/uploads\/2017\/08\/Candidata2.jpg?resize=250%2C150&amp;ssl=1 250w, https:\/\/i0.wp.com\/eltrabajo.cl\/portal\/wp-content\/uploads\/2017\/08\/Candidata2.jpg?resize=400%2C240&amp;ssl=1 400w\" sizes=\"auto, (max-width: 580px) 100vw, 580px\" \/><figcaption id=\"caption-attachment-81137\" class=\"wp-caption-text\">M\u00cdRENLA NOM\u00c1S.- As\u00ed luc\u00eda Marielle cuando apenas era una guag\u00fcita, siempre regalona y con muchas ganas de crecer.<\/figcaption><\/figure>\n","protected":false},"excerpt":{"rendered":"<p>Presentamos a la primera candidata a Reina de la Fiesta de la Primavera: Este a\u00f1o 2017 s\u00ed se realizar\u00e1 la Fiesta de la Primavera para deleite de todos los sanfelipe\u00f1os, ya que&#8230;<\/p>\n","protected":false},"author":1,"featured_media":81136,"comment_status":"open","ping_status":"open","sticky":false,"template":"","format":"standard","meta":{"advanced_seo_description":"","jetpack_seo_html_title":"","jetpack_seo_noindex":false,"_jetpack_memberships_contains_paid_content":false,"footnotes":""},"categories":[15],"tags":[],"class_list":["post-81134","post","type-post","status-publish","format-standard","has-post-thumbnail","hentry","category-comunidad"],"jetpack_featured_media_url":"https:\/\/i0.wp.com\/eltrabajo.cl\/portal\/wp-content\/uploads\/2017\/08\/Candidata1.jpg?fit=580%2C349&ssl=1","jetpack_sharing_enabled":true,"jetpack_likes_enabled":true,"jetpack-related-posts":[],"_links":{"self":[{"href":"https:\/\/eltrabajo.cl\/portal\/wp-json\/wp\/v2\/posts\/81134","targetHints":{"allow":["GET"]}}],"collection":[{"href":"https:\/\/eltrabajo.cl\/portal\/wp-json\/wp\/v2\/posts"}],"about":[{"href":"https:\/\/eltrabajo.cl\/portal\/wp-json\/wp\/v2\/types\/post"}],"author":[{"embeddable":true,"href":"https:\/\/eltrabajo.cl\/portal\/wp-json\/wp\/v2\/users\/1"}],"replies":[{"embeddable":true,"href":"https:\/\/eltrabajo.cl\/portal\/wp-json\/wp\/v2\/comments?post=81134"}],"version-history":[{"count":0,"href":"https:\/\/eltrabajo.cl\/portal\/wp-json\/wp\/v2\/posts\/81134\/revisions"}],"wp:featuredmedia":[{"embeddable":true,"href":"https:\/\/eltrabajo.cl\/portal\/wp-json\/wp\/v2\/media\/81136"}],"wp:attachment":[{"href":"https:\/\/eltrabajo.cl\/portal\/wp-json\/wp\/v2\/media?parent=81134"}],"wp:term":[{"taxonomy":"category","embeddable":true,"href":"https:\/\/eltrabajo.cl\/portal\/wp-json\/wp\/v2\/categories?post=81134"},{"taxonomy":"post_tag","embeddable":true,"href":"https:\/\/eltrabajo.cl\/portal\/wp-json\/wp\/v2\/tags?post=81134"}],"curies":[{"name":"wp","href":"https:\/\/api.w.org\/{rel}","templated":true}]}}