{"id":81142,"date":"2017-08-23T05:00:14","date_gmt":"2017-08-23T09:00:14","guid":{"rendered":"http:\/\/www.eltrabajo.cl\/2017\/?p=81142"},"modified":"2017-08-23T05:00:14","modified_gmt":"2017-08-23T09:00:14","slug":"san-felipe-volley-se-impone-en-la-serie-u12-de-la-liname","status":"publish","type":"post","link":"https:\/\/eltrabajo.cl\/portal\/san-felipe-volley-se-impone-en-la-serie-u12-de-la-liname\/","title":{"rendered":"San Felipe Volley se impone en la serie U12 de la Liname"},"content":{"rendered":"<figure id=\"attachment_81144\" aria-describedby=\"caption-attachment-81144\" style=\"width: 580px\" class=\"wp-caption alignnone\"><img data-recalc-dims=\"1\" loading=\"lazy\" decoding=\"async\" class=\"size-full wp-image-81144\" src=\"https:\/\/i0.wp.com\/www.eltrabajo.cl\/2017\/wp-content\/uploads\/2017\/08\/san-felipe-volley.jpg?resize=580%2C348\" alt=\"San Felipe Volley fue el mejor de la serie U12 de la fecha jugada en el polideportivo Omar Figueroa Astorga de la ciudad de Curic\u00f3.\" width=\"580\" height=\"348\" srcset=\"https:\/\/i0.wp.com\/eltrabajo.cl\/portal\/wp-content\/uploads\/2017\/08\/san-felipe-volley.jpg?w=580&amp;ssl=1 580w, https:\/\/i0.wp.com\/eltrabajo.cl\/portal\/wp-content\/uploads\/2017\/08\/san-felipe-volley.jpg?resize=200%2C120&amp;ssl=1 200w, https:\/\/i0.wp.com\/eltrabajo.cl\/portal\/wp-content\/uploads\/2017\/08\/san-felipe-volley.jpg?resize=300%2C180&amp;ssl=1 300w, https:\/\/i0.wp.com\/eltrabajo.cl\/portal\/wp-content\/uploads\/2017\/08\/san-felipe-volley.jpg?resize=250%2C150&amp;ssl=1 250w, https:\/\/i0.wp.com\/eltrabajo.cl\/portal\/wp-content\/uploads\/2017\/08\/san-felipe-volley.jpg?resize=400%2C240&amp;ssl=1 400w\" sizes=\"auto, (max-width: 580px) 100vw, 580px\" \/><figcaption id=\"caption-attachment-81144\" class=\"wp-caption-text\">San Felipe Volley fue el mejor de la serie U12 de la fecha jugada en el polideportivo Omar Figueroa Astorga de la ciudad de Curic\u00f3.<\/figcaption><\/figure>\n<p>El 2017 ha sido un a\u00f1o prol\u00edfero en resultados para el voleibol femenino infantil sanfelipe\u00f1o, y durante el fin de semana pasado en la ciudad de Curic\u00f3, el team menor de 12 de San Felipe Volley confirm\u00f3 esa premisa al ganar de manera impecable la tercera fecha de la fase regular de la serie A de la Liname, en un evento que cont\u00f3 con la participaci\u00f3n de los equipos de Linares, Ingl\u00e9s de Talca, Trexan de Los \u00c1ngeles, Pirque, Rengo y Curic\u00f3.<br \/>\nEl desaf\u00edo para los aconcag\u00fcinos no era menor ya que se trataba de una fecha decisiva para clasificar a los Play Offs que tendr\u00e1n lugar a fines de septiembre e inicios de octubre, y las peque\u00f1as de San Felipe Volley supieron sortearlo con \u00e9xito, al punto que exhiben antecedentes intimidantes como son por ejemplo el haber perdido solo dos partidos, con marcadores muy estrechos, con un total de 46 puntos en 26 encuentros, adem\u00e1s que dentro de sus filas est\u00e1n Emilia Villalobos Araya y Valentina Bianchini Gonz\u00e1lez, quienes fueron elegidas por el comit\u00e9 t\u00e9cnico como la mejor Armadora y Jugadora, respectivamente.<\/p>\n<figure id=\"attachment_81143\" aria-describedby=\"caption-attachment-81143\" style=\"width: 580px\" class=\"wp-caption alignnone\"><img data-recalc-dims=\"1\" loading=\"lazy\" decoding=\"async\" class=\"size-full wp-image-81143\" src=\"https:\/\/i0.wp.com\/www.eltrabajo.cl\/2017\/wp-content\/uploads\/2017\/08\/SAN-FELIPE-VOLLEY-JUGADORAS.jpg?resize=580%2C548\" alt=\"De las filas de San Felipe Volley son Emilia Villalobos y Valentina Bianchini, dos de las jugadoras m\u00e1s talentosas de toda la competencia U12 de la Liname.\" width=\"580\" height=\"548\" srcset=\"https:\/\/i0.wp.com\/eltrabajo.cl\/portal\/wp-content\/uploads\/2017\/08\/SAN-FELIPE-VOLLEY-JUGADORAS.jpg?w=580&amp;ssl=1 580w, https:\/\/i0.wp.com\/eltrabajo.cl\/portal\/wp-content\/uploads\/2017\/08\/SAN-FELIPE-VOLLEY-JUGADORAS.jpg?resize=159%2C150&amp;ssl=1 159w, https:\/\/i0.wp.com\/eltrabajo.cl\/portal\/wp-content\/uploads\/2017\/08\/SAN-FELIPE-VOLLEY-JUGADORAS.jpg?resize=300%2C283&amp;ssl=1 300w, https:\/\/i0.wp.com\/eltrabajo.cl\/portal\/wp-content\/uploads\/2017\/08\/SAN-FELIPE-VOLLEY-JUGADORAS.jpg?resize=400%2C378&amp;ssl=1 400w\" sizes=\"auto, (max-width: 580px) 100vw, 580px\" \/><figcaption id=\"caption-attachment-81143\" class=\"wp-caption-text\">De las filas de San Felipe Volley son Emilia Villalobos y Valentina Bianchini, dos de las jugadoras m\u00e1s talentosas de toda la competencia U12 de la Liname.<\/figcaption><\/figure>\n","protected":false},"excerpt":{"rendered":"<p>El 2017 ha sido un a\u00f1o prol\u00edfero en resultados para el voleibol femenino infantil sanfelipe\u00f1o, y durante el fin de semana pasado en la ciudad de Curic\u00f3, el team menor de 12&#8230;<\/p>\n","protected":false},"author":1,"featured_media":81144,"comment_status":"open","ping_status":"open","sticky":false,"template":"","format":"standard","meta":{"advanced_seo_description":"","jetpack_seo_html_title":"","jetpack_seo_noindex":false,"_jetpack_memberships_contains_paid_content":false,"footnotes":""},"categories":[19],"tags":[],"class_list":["post-81142","post","type-post","status-publish","format-standard","has-post-thumbnail","hentry","category-deportes"],"jetpack_featured_media_url":"https:\/\/i0.wp.com\/eltrabajo.cl\/portal\/wp-content\/uploads\/2017\/08\/san-felipe-volley.jpg?fit=580%2C348&ssl=1","jetpack_sharing_enabled":true,"jetpack_likes_enabled":true,"jetpack-related-posts":[],"_links":{"self":[{"href":"https:\/\/eltrabajo.cl\/portal\/wp-json\/wp\/v2\/posts\/81142","targetHints":{"allow":["GET"]}}],"collection":[{"href":"https:\/\/eltrabajo.cl\/portal\/wp-json\/wp\/v2\/posts"}],"about":[{"href":"https:\/\/eltrabajo.cl\/portal\/wp-json\/wp\/v2\/types\/post"}],"author":[{"embeddable":true,"href":"https:\/\/eltrabajo.cl\/portal\/wp-json\/wp\/v2\/users\/1"}],"replies":[{"embeddable":true,"href":"https:\/\/eltrabajo.cl\/portal\/wp-json\/wp\/v2\/comments?post=81142"}],"version-history":[{"count":0,"href":"https:\/\/eltrabajo.cl\/portal\/wp-json\/wp\/v2\/posts\/81142\/revisions"}],"wp:featuredmedia":[{"embeddable":true,"href":"https:\/\/eltrabajo.cl\/portal\/wp-json\/wp\/v2\/media\/81144"}],"wp:attachment":[{"href":"https:\/\/eltrabajo.cl\/portal\/wp-json\/wp\/v2\/media?parent=81142"}],"wp:term":[{"taxonomy":"category","embeddable":true,"href":"https:\/\/eltrabajo.cl\/portal\/wp-json\/wp\/v2\/categories?post=81142"},{"taxonomy":"post_tag","embeddable":true,"href":"https:\/\/eltrabajo.cl\/portal\/wp-json\/wp\/v2\/tags?post=81142"}],"curies":[{"name":"wp","href":"https:\/\/api.w.org\/{rel}","templated":true}]}}