{"id":81150,"date":"2017-08-23T05:02:47","date_gmt":"2017-08-23T09:02:47","guid":{"rendered":"http:\/\/www.eltrabajo.cl\/2017\/?p=81150"},"modified":"2017-08-23T05:02:47","modified_gmt":"2017-08-23T09:02:47","slug":"esc-el-sauce-primer-lugar-en-congreso-mundial-de-ciencias-y-tecnologia-en-brasil","status":"publish","type":"post","link":"https:\/\/eltrabajo.cl\/portal\/esc-el-sauce-primer-lugar-en-congreso-mundial-de-ciencias-y-tecnologia-en-brasil\/","title":{"rendered":"Esc. El Sauce primer lugar en Congreso Mundial de Ciencias y Tecnolog\u00eda en Brasil"},"content":{"rendered":"<figure id=\"attachment_81151\" aria-describedby=\"caption-attachment-81151\" style=\"width: 580px\" class=\"wp-caption alignnone\"><img data-recalc-dims=\"1\" loading=\"lazy\" decoding=\"async\" class=\"size-full wp-image-81151\" src=\"https:\/\/i0.wp.com\/www.eltrabajo.cl\/2017\/wp-content\/uploads\/2017\/08\/Escuela-El-Sauce-primer-lugar-Congreso-Ciencias.jpg?resize=580%2C348\" alt=\"El alcalde Manuel Rivera junto a los j\u00f3venes Jorge Navarro y Mart\u00edn Barraza, el profesor Carlos Montenegro, y las directoras del establecimiento, Lilian Uribe, y Daem Mar\u00eda Soledad Reinoso.\" width=\"580\" height=\"348\" srcset=\"https:\/\/i0.wp.com\/eltrabajo.cl\/portal\/wp-content\/uploads\/2017\/08\/Escuela-El-Sauce-primer-lugar-Congreso-Ciencias.jpg?w=580&amp;ssl=1 580w, https:\/\/i0.wp.com\/eltrabajo.cl\/portal\/wp-content\/uploads\/2017\/08\/Escuela-El-Sauce-primer-lugar-Congreso-Ciencias.jpg?resize=200%2C120&amp;ssl=1 200w, https:\/\/i0.wp.com\/eltrabajo.cl\/portal\/wp-content\/uploads\/2017\/08\/Escuela-El-Sauce-primer-lugar-Congreso-Ciencias.jpg?resize=300%2C180&amp;ssl=1 300w, https:\/\/i0.wp.com\/eltrabajo.cl\/portal\/wp-content\/uploads\/2017\/08\/Escuela-El-Sauce-primer-lugar-Congreso-Ciencias.jpg?resize=250%2C150&amp;ssl=1 250w, https:\/\/i0.wp.com\/eltrabajo.cl\/portal\/wp-content\/uploads\/2017\/08\/Escuela-El-Sauce-primer-lugar-Congreso-Ciencias.jpg?resize=400%2C240&amp;ssl=1 400w\" sizes=\"auto, (max-width: 580px) 100vw, 580px\" \/><figcaption id=\"caption-attachment-81151\" class=\"wp-caption-text\">El alcalde Manuel Rivera junto a los j\u00f3venes Jorge Navarro y Mart\u00edn Barraza, el profesor Carlos Montenegro, y las directoras del establecimiento, Lilian Uribe, y Daem Mar\u00eda Soledad Reinoso.<\/figcaption><\/figure>\n<ul>\n<li><span style=\"color: #ff0000;\"><strong>Fue parte de la delegaci\u00f3n que represent\u00f3 a Chile en el certamen.<\/strong><\/span><\/li>\n<\/ul>\n<p><strong>LOS ANDES.-<\/strong> Una nueva satisfacci\u00f3n obtuvo la Escuela El Sauce, establecimiento educacional que integr\u00f3 la delegaci\u00f3n de colegios chilenos que obtuvo el primer lugar en el Congreso Mundial de Ciencia y Tecnolog\u00eda Escolar realizado durante agosto en Fortaleza, Brasil.<br \/>\nEl encargado de la delegaci\u00f3n andina, profesor de la Academia de Ciencias de la Escuela, Carlos Montenegro, detall\u00f3 que en el congreso pudieron exponer acerca de un proyecto que vienen trabajando desde hace seis a\u00f1os.<br \/>\n\u00abSe trata del Observatorio Pre Incaico Tard\u00edo en la cima del Cerro Mercacha, sobre las alineaciones, solsticios y equinoccios. Fue un tema \u00a0bastante llamativo para los jueces y las delegaciones de otros continentes, por lo que implica el rescate patrimonial de nuestros antepasados\u00bb, declar\u00f3 el docente.<br \/>\nEl alcalde Manuel Rivera destac\u00f3 la participaci\u00f3n de la academia de Astronom\u00eda de la Escuela El Sauce: \u00abLas ciencias nutren este proyecto educativo y ah\u00ed est\u00e1n los resultados en todo orden: en cuanto a matr\u00edcula, indicadores, convivencia escolar, participaci\u00f3n de padres y apoderados en esta localidad de El Sauce, donde sin lugar a dudas este establecimiento educacional es motor de la convivencia. Como alcalde, orgulloso de estar liderando un equipo que encabeza la directora del Daem y particularmente la directora del establecimiento, son ejemplos de que los municipios s\u00ed podemos hacer las cosas bien en t\u00e9rminos de la educaci\u00f3n p\u00fablica municipal\u00bb.<br \/>\nLa directora del establecimiento, Lilian Uribe, alab\u00f3 las capacidades del alumnado con el que cuenta la escuela, trabajo que les permite seguir cosechando alegr\u00edas para la comunidad estudiantil: \u00abEstamos empe\u00f1ados una vez m\u00e1s en cumplir con nuestro sello de car\u00e1cter cient\u00edfico, todas nuestras actividades van abocadas a eso. Estamos comprometidos con la comunidad, cooperando a ser cada d\u00eda mejor la educaci\u00f3n p\u00fablica, la educaci\u00f3n municipal, tratando de ser el aporte que nuestra comunidad necesita, nuestros ni\u00f1os necesitan de nosotros y es lo que estamos haciendo en el d\u00eda a d\u00eda\u00bb.<br \/>\nJorge y Mart\u00edn fueron los alumnos que en esta oportunidad representaron a la Escuela El Sauce en el extranjero. Jorge Navarro, alumno de octavo b\u00e1sico, se\u00f1al\u00f3: \u00abFue gratificante haber ganado el primer lugar como delegaci\u00f3n, y por el esfuerzo que tambi\u00e9n hicimos de quedarnos a estudiar, compartir con otras culturas. Fue dif\u00edcil, pero lo logramos\u00bb. En tanto Mart\u00edn Barraza, de sexto a\u00f1o, dijo: \u00abFue una muy bonita experiencia, ya que fue mi primera vez que salgo del pa\u00eds, y sal\u00ed representando a Chile y a nuestra escuela y pudimos obtener un logro que deja plasmado que somos muy buenos en lo que hacemos en la academia\u00bb.<br \/>\nEn tanto la directora del Departamento de Educaci\u00f3n Municipal, Mar\u00eda Soledad Reinoso, agreg\u00f3: \u00abEstamos orgullosos como Departamento de Educaci\u00f3n, sobre todo del trabajo, del empuje y la motivaci\u00f3n que tienen los estudiantes, los profesores, la direcci\u00f3n del establecimiento, fomentan la ciencia, fomentando la participaci\u00f3n de los estudiantes y eso es un sello caracter\u00edstico de esta escuela\u00bb.<br \/>\nLos nuevos desaf\u00edos para la Escuela El Sauce, incluyen participar del Congreso Sudamericano de Ciencia y Tecnolog\u00eda que se llevar\u00e1 a cabo en septiembre de este a\u00f1o en Brasil, esperando poder ser parte tambi\u00e9n del Congreso Mundial de Ciencias que se realizar\u00e1 en 2019 en los Emiratos \u00c1rabes.<\/p>\n","protected":false},"excerpt":{"rendered":"<p>Fue parte de la delegaci\u00f3n que represent\u00f3 a Chile en el certamen. LOS ANDES.- Una nueva satisfacci\u00f3n obtuvo la Escuela El Sauce, establecimiento educacional que integr\u00f3 la delegaci\u00f3n de colegios chilenos que&#8230;<\/p>\n","protected":false},"author":1,"featured_media":81151,"comment_status":"open","ping_status":"open","sticky":false,"template":"","format":"standard","meta":{"advanced_seo_description":"","jetpack_seo_html_title":"","jetpack_seo_noindex":false,"_jetpack_memberships_contains_paid_content":false,"footnotes":""},"categories":[15],"tags":[],"class_list":["post-81150","post","type-post","status-publish","format-standard","has-post-thumbnail","hentry","category-comunidad"],"jetpack_featured_media_url":"https:\/\/i0.wp.com\/eltrabajo.cl\/portal\/wp-content\/uploads\/2017\/08\/Escuela-El-Sauce-primer-lugar-Congreso-Ciencias.jpg?fit=580%2C348&ssl=1","jetpack_sharing_enabled":true,"jetpack_likes_enabled":true,"jetpack-related-posts":[],"_links":{"self":[{"href":"https:\/\/eltrabajo.cl\/portal\/wp-json\/wp\/v2\/posts\/81150","targetHints":{"allow":["GET"]}}],"collection":[{"href":"https:\/\/eltrabajo.cl\/portal\/wp-json\/wp\/v2\/posts"}],"about":[{"href":"https:\/\/eltrabajo.cl\/portal\/wp-json\/wp\/v2\/types\/post"}],"author":[{"embeddable":true,"href":"https:\/\/eltrabajo.cl\/portal\/wp-json\/wp\/v2\/users\/1"}],"replies":[{"embeddable":true,"href":"https:\/\/eltrabajo.cl\/portal\/wp-json\/wp\/v2\/comments?post=81150"}],"version-history":[{"count":0,"href":"https:\/\/eltrabajo.cl\/portal\/wp-json\/wp\/v2\/posts\/81150\/revisions"}],"wp:featuredmedia":[{"embeddable":true,"href":"https:\/\/eltrabajo.cl\/portal\/wp-json\/wp\/v2\/media\/81151"}],"wp:attachment":[{"href":"https:\/\/eltrabajo.cl\/portal\/wp-json\/wp\/v2\/media?parent=81150"}],"wp:term":[{"taxonomy":"category","embeddable":true,"href":"https:\/\/eltrabajo.cl\/portal\/wp-json\/wp\/v2\/categories?post=81150"},{"taxonomy":"post_tag","embeddable":true,"href":"https:\/\/eltrabajo.cl\/portal\/wp-json\/wp\/v2\/tags?post=81150"}],"curies":[{"name":"wp","href":"https:\/\/api.w.org\/{rel}","templated":true}]}}