{"id":81199,"date":"2017-08-25T05:01:30","date_gmt":"2017-08-25T09:01:30","guid":{"rendered":"http:\/\/www.eltrabajo.cl\/2017\/?p=81199"},"modified":"2017-08-25T05:01:30","modified_gmt":"2017-08-25T09:01:30","slug":"cinco-maestros-y-cinco-estudiantes-en-el-ii-encuentro-nacional-de-payadores","status":"publish","type":"post","link":"https:\/\/eltrabajo.cl\/portal\/cinco-maestros-y-cinco-estudiantes-en-el-ii-encuentro-nacional-de-payadores\/","title":{"rendered":"Cinco maestros y cinco estudiantes en el II Encuentro Nacional de Payadores"},"content":{"rendered":"<figure id=\"attachment_81200\" aria-describedby=\"caption-attachment-81200\" style=\"width: 579px\" class=\"wp-caption alignnone\"><img data-recalc-dims=\"1\" loading=\"lazy\" decoding=\"async\" class=\"size-full wp-image-81200\" src=\"https:\/\/i0.wp.com\/www.eltrabajo.cl\/2017\/wp-content\/uploads\/2017\/08\/Payadores1.jpg?resize=579%2C213\" alt=\"LOS 4 GRANDES.- Ellos son nuestros payadores del Valle de Aconcagua: Pedro \u2018Choro\u2019 Estay, Oscar Fernando Montenegro \u2018Caballito Blanco\u2019, Rub\u00e9n Tapia \u2018Chamullo, Mario Mart\u00ednez \u2018Lautaro Condell.\" width=\"579\" height=\"213\" srcset=\"https:\/\/i0.wp.com\/eltrabajo.cl\/portal\/wp-content\/uploads\/2017\/08\/Payadores1.jpg?w=579&amp;ssl=1 579w, https:\/\/i0.wp.com\/eltrabajo.cl\/portal\/wp-content\/uploads\/2017\/08\/Payadores1.jpg?resize=200%2C74&amp;ssl=1 200w, https:\/\/i0.wp.com\/eltrabajo.cl\/portal\/wp-content\/uploads\/2017\/08\/Payadores1.jpg?resize=300%2C110&amp;ssl=1 300w, https:\/\/i0.wp.com\/eltrabajo.cl\/portal\/wp-content\/uploads\/2017\/08\/Payadores1.jpg?resize=400%2C147&amp;ssl=1 400w\" sizes=\"auto, (max-width: 579px) 100vw, 579px\" \/><figcaption id=\"caption-attachment-81200\" class=\"wp-caption-text\">LOS 4 GRANDES.- Ellos son nuestros payadores del Valle de Aconcagua: Pedro \u2018Choro\u2019 Estay, Oscar Fernando Montenegro \u2018Caballito Blanco\u2019, Rub\u00e9n Tapia \u2018Chamullo, Mario Mart\u00ednez \u2018Lautaro Condell.<\/figcaption><\/figure>\n<p>Entre los d\u00edas jueves 17 y viernes 18 de agosto se desarroll\u00f3 en nuestra comuna el \u2018II Encuentro Nacional de Payadores en San Felipe, cinco maestros y cinco estudiantes\u2019. Con gran afluencia de p\u00fablico y mucho entusiasmo, este Encuentro se dividi\u00f3 en varias etapas que incluyeron presentaciones en el Liceo de Ni\u00f1as de San Felipe; Escuela Buen Pastor; Escuela Jos\u00e9 de San Mart\u00edn; Centro del Adulto Mayor (Ayec\u00e1n); cl\u00ednicas de Canto a lo Poeta y presentaci\u00f3n final en las dependencias del conjunto patrimonial Buen pastor de San Felipe.<br \/>\nCabe se\u00f1alar que este Encuentro es un proyecto que la Municipalidad de San Felipe se adjudic\u00f3 al Fondart Regional, Patrimonio Cultural \/ Salvaguardia \/ Convocatoria 2017. As\u00ed tambi\u00e9n el a\u00f1o 2016, se celebr\u00f3 el I Encuentro Nacional de Payadores, tambi\u00e9n adjudicado al Fondart Regional.<\/p>\n<p><span style=\"color: #ff0000;\"><strong>MUCHA DIFUSI\u00d3N<\/strong><\/span><br \/>\nEntre otras actividades contempladas en este proyecto, est\u00e1 el difundir por diferentes medios de comunicaci\u00f3n lo acontecido en este Encuentro. Para ello, se realizaron tomas fotogr\u00e1ficas y grabaciones audiovisuales, cuyo material servir\u00e1 para editar CDs que ser\u00e1n distribuidos en diversos establecimientos educacionales de la comuna, cuyo objetivo apunta a preservar, difundir y transmitir el Canto a lo Poeta, entre los ni\u00f1os y j\u00f3venes estudiantes de la comuna de San Felipe y alrededores, cuyo arte ha sido declarado Patrimonio Intangible.<br \/>\nEntre los payadores participantes encontramos a grandes representantes nacional de e este hermoso arte del Canto a lo Poeta, en ellos estuvieron Arnoldo Madariaga Encina, Arnoldo Madariaga L\u00f3pez, Domingo Pontigo, Pedro \u2018Choro\u2019 Estay, Oscar Fernando Montenegro \u2018Caballito Blanco\u2019, Rub\u00e9n Tapia \u2018Chamullo, Mario Mart\u00ednez \u2018Lautaro Condell\u2019, Carola L\u00f3pez Araya y el joven Paul Cast\u00e1n Cartagena.<br \/>\nPor su parte, el coordinador municipal de cultura, Ricardo Ruiz Herrera, se\u00f1al\u00f3 que \u00abpara 2018 se volvi\u00f3 a postular este proyecto al Fondart Regional, debido al alto impacto que el Encuentro ha tenido en la comuna. En ese sentido, se pretende dar continuidad a futuros Encuentros de esta naturaleza, para mantener viva esta tradici\u00f3n cultural que lleva m\u00e1s de 400 a\u00f1os en nuestro pa\u00eds\u00bb.<br \/>\n<strong>Roberto Gonz\u00e1lez Short<\/strong><\/p>\n<figure id=\"attachment_81201\" aria-describedby=\"caption-attachment-81201\" style=\"width: 580px\" class=\"wp-caption alignnone\"><img data-recalc-dims=\"1\" loading=\"lazy\" decoding=\"async\" class=\"size-full wp-image-81201\" src=\"https:\/\/i0.wp.com\/www.eltrabajo.cl\/2017\/wp-content\/uploads\/2017\/08\/Payadores2.jpg?resize=580%2C348\" alt=\"FUERZA Y CULTURA.- Aqu\u00ed tenemos a los payadores locales y nacionales, dando vida y fuerza a este II Encuentro Nacional de Payadores 2017.\" width=\"580\" height=\"348\" srcset=\"https:\/\/i0.wp.com\/eltrabajo.cl\/portal\/wp-content\/uploads\/2017\/08\/Payadores2.jpg?w=580&amp;ssl=1 580w, https:\/\/i0.wp.com\/eltrabajo.cl\/portal\/wp-content\/uploads\/2017\/08\/Payadores2.jpg?resize=200%2C120&amp;ssl=1 200w, https:\/\/i0.wp.com\/eltrabajo.cl\/portal\/wp-content\/uploads\/2017\/08\/Payadores2.jpg?resize=300%2C180&amp;ssl=1 300w, https:\/\/i0.wp.com\/eltrabajo.cl\/portal\/wp-content\/uploads\/2017\/08\/Payadores2.jpg?resize=250%2C150&amp;ssl=1 250w, https:\/\/i0.wp.com\/eltrabajo.cl\/portal\/wp-content\/uploads\/2017\/08\/Payadores2.jpg?resize=400%2C240&amp;ssl=1 400w\" sizes=\"auto, (max-width: 580px) 100vw, 580px\" \/><figcaption id=\"caption-attachment-81201\" class=\"wp-caption-text\">FUERZA Y CULTURA.- Aqu\u00ed tenemos a los payadores locales y nacionales, dando vida y fuerza a este II Encuentro Nacional de Payadores 2017.<\/figcaption><\/figure>\n","protected":false},"excerpt":{"rendered":"<p>Entre los d\u00edas jueves 17 y viernes 18 de agosto se desarroll\u00f3 en nuestra comuna el \u2018II Encuentro Nacional de Payadores en San Felipe, cinco maestros y cinco estudiantes\u2019. Con gran afluencia&#8230;<\/p>\n","protected":false},"author":1,"featured_media":81201,"comment_status":"open","ping_status":"open","sticky":false,"template":"","format":"standard","meta":{"advanced_seo_description":"","jetpack_seo_html_title":"","jetpack_seo_noindex":false,"_jetpack_memberships_contains_paid_content":false,"footnotes":""},"categories":[20],"tags":[],"class_list":["post-81199","post","type-post","status-publish","format-standard","has-post-thumbnail","hentry","category-arte-y-cultura"],"jetpack_featured_media_url":"https:\/\/i0.wp.com\/eltrabajo.cl\/portal\/wp-content\/uploads\/2017\/08\/Payadores2.jpg?fit=580%2C348&ssl=1","jetpack_sharing_enabled":true,"jetpack_likes_enabled":true,"jetpack-related-posts":[],"_links":{"self":[{"href":"https:\/\/eltrabajo.cl\/portal\/wp-json\/wp\/v2\/posts\/81199","targetHints":{"allow":["GET"]}}],"collection":[{"href":"https:\/\/eltrabajo.cl\/portal\/wp-json\/wp\/v2\/posts"}],"about":[{"href":"https:\/\/eltrabajo.cl\/portal\/wp-json\/wp\/v2\/types\/post"}],"author":[{"embeddable":true,"href":"https:\/\/eltrabajo.cl\/portal\/wp-json\/wp\/v2\/users\/1"}],"replies":[{"embeddable":true,"href":"https:\/\/eltrabajo.cl\/portal\/wp-json\/wp\/v2\/comments?post=81199"}],"version-history":[{"count":0,"href":"https:\/\/eltrabajo.cl\/portal\/wp-json\/wp\/v2\/posts\/81199\/revisions"}],"wp:featuredmedia":[{"embeddable":true,"href":"https:\/\/eltrabajo.cl\/portal\/wp-json\/wp\/v2\/media\/81201"}],"wp:attachment":[{"href":"https:\/\/eltrabajo.cl\/portal\/wp-json\/wp\/v2\/media?parent=81199"}],"wp:term":[{"taxonomy":"category","embeddable":true,"href":"https:\/\/eltrabajo.cl\/portal\/wp-json\/wp\/v2\/categories?post=81199"},{"taxonomy":"post_tag","embeddable":true,"href":"https:\/\/eltrabajo.cl\/portal\/wp-json\/wp\/v2\/tags?post=81199"}],"curies":[{"name":"wp","href":"https:\/\/api.w.org\/{rel}","templated":true}]}}