{"id":81203,"date":"2017-08-25T05:02:28","date_gmt":"2017-08-25T09:02:28","guid":{"rendered":"http:\/\/www.eltrabajo.cl\/2017\/?p=81203"},"modified":"2017-08-25T05:02:28","modified_gmt":"2017-08-25T09:02:28","slug":"union-san-felipe-ahora-busca-festejar-en-su-retorno-al-municipal","status":"publish","type":"post","link":"https:\/\/eltrabajo.cl\/portal\/union-san-felipe-ahora-busca-festejar-en-su-retorno-al-municipal\/","title":{"rendered":"Uni\u00f3n San Felipe ahora busca festejar en su retorno al Municipal"},"content":{"rendered":"<figure id=\"attachment_81204\" aria-describedby=\"caption-attachment-81204\" style=\"width: 580px\" class=\"wp-caption alignnone\"><img data-recalc-dims=\"1\" loading=\"lazy\" decoding=\"async\" class=\"size-full wp-image-81204\" src=\"https:\/\/i0.wp.com\/www.eltrabajo.cl\/2017\/wp-content\/uploads\/2017\/08\/uni-uni.jpg?resize=580%2C348\" alt=\"Despu\u00e9s del buen periplo por las regiones octava y novena, este domingo el Un\u00ed enfrentar\u00e1 a Uni\u00f3n La Calera por el Torneo de Transici\u00f3n. \" width=\"580\" height=\"348\" srcset=\"https:\/\/i0.wp.com\/eltrabajo.cl\/portal\/wp-content\/uploads\/2017\/08\/uni-uni.jpg?w=580&amp;ssl=1 580w, https:\/\/i0.wp.com\/eltrabajo.cl\/portal\/wp-content\/uploads\/2017\/08\/uni-uni.jpg?resize=200%2C120&amp;ssl=1 200w, https:\/\/i0.wp.com\/eltrabajo.cl\/portal\/wp-content\/uploads\/2017\/08\/uni-uni.jpg?resize=300%2C180&amp;ssl=1 300w, https:\/\/i0.wp.com\/eltrabajo.cl\/portal\/wp-content\/uploads\/2017\/08\/uni-uni.jpg?resize=250%2C150&amp;ssl=1 250w, https:\/\/i0.wp.com\/eltrabajo.cl\/portal\/wp-content\/uploads\/2017\/08\/uni-uni.jpg?resize=400%2C240&amp;ssl=1 400w\" sizes=\"auto, (max-width: 580px) 100vw, 580px\" \/><figcaption id=\"caption-attachment-81204\" class=\"wp-caption-text\">Despu\u00e9s del buen periplo por las regiones octava y novena, este domingo el Un\u00ed enfrentar\u00e1 a Uni\u00f3n La Calera por el Torneo de Transici\u00f3n.<\/figcaption><\/figure>\n<p>El buen pasar que tuvo por el sur del pa\u00eds, donde cosech\u00f3 un triunfo por el torneo nacional y un empate por Copa Chile (ver informaci\u00f3n al final de la nota), Uni\u00f3n San Felipe buscar\u00e1 prolongarlo este domingo frente a Uni\u00f3n La Calera en el duelo correspondiente a la fecha 5 del Torneo de Transici\u00f3n.<br \/>\nAparte de tratarse de un rival \u2018cl\u00e1sico\u2019 el juego del domingo estar\u00e1 marcado por el regreso del Un\u00ed al estadio municipal, el que lucir\u00e1 un campo de juego en perfectas condiciones tras su resiembra y una que otra manito de gato que se le hicieron a sus tribunas, que extra\u00f1aban la presencia de la hinchada albirroja.<br \/>\nEl partido est\u00e1 programado para las cuatro de la tarde y para ambas escuadras asoma como muy importante debido a que los sanfelipe\u00f1os deben ganarlo para poder seguir pensando en el ascenso, mientras que los cementeros deben hacer lo mismo, pero para escapar del descenso, por lo que el espect\u00e1culo est\u00e1 garantizado para los cerca de 2.000 espectadores que se espera lleguen en 48 horas m\u00e1s al a\u00f1oso, pero igualmente querido coloso de Avenida Maip\u00fa.<br \/>\n<strong>Programaci\u00f3n fecha 5\u00ba<\/strong><br \/>\nSabado 26 de agosto.<br \/>\n16:00 horas, Copiap\u00f3 \u2013 Magallanes.<br \/>\n16:30 horas, Santiago Morning \u2013 Deportes Iberia.<br \/>\n18:00 horas, Puerto Montt \u2013 Valdivia.<br \/>\nDomingo 27 de agosto<br \/>\n16:00 horas, Uni\u00f3n San Felipe \u2013 Uni\u00f3n La Calera.<br \/>\n16:00 horas; \u00d1ublense \u2013 Cobreloa.<br \/>\n17:00 horas; Coquimbo Unido \u2013 Barnechea.<br \/>\n17:00 horas; San Marcos \u2013 Cobresal.<br \/>\n20:30 horas; Rangers \u2013 Deportes La Serena.<\/p>\n<p><span style=\"color: #ff0000;\"><strong>Tabla de Posiciones <\/strong><\/span><br \/>\nLugar Ptos.<br \/>\nDeportes Copiap\u00f3 10<br \/>\nCobreloa 8<br \/>\nSantiago Morning 7<br \/>\nUnion La Calera 7<br \/>\nCoquimbo Unido 7<br \/>\nSan Marcos 7<br \/>\nDeportes La Serena 6<br \/>\nIberia 6<br \/>\nPuerto Montt 6<br \/>\nUnion San Felipe 5<br \/>\n\u00d1ublense 5<br \/>\nCobresal 4<br \/>\nBarnechea 4<br \/>\nValdivia 2<br \/>\nMagallanes 2<br \/>\nRangers 1<br \/>\nQueda con la primera opci\u00f3n de seguir en la Copa Chile<br \/>\nTras su igualdad en blanco (0-0) en el partido jugado la tarde del mi\u00e9rcoles en la capital de la novena regi\u00f3n ante Deportes Temuco, Uni\u00f3n San Felipe qued\u00f3 en un muy buen pie para avanzar en la Copa Chile, debido a que la llave eliminatoria frente a los sure\u00f1os se definir\u00e1 en el estadio municipal.<br \/>\nEn el pleito de mitad de semana, el Un\u00ed se mostr\u00f3 como un equipo pragm\u00e1tico y en varios pasajes del cotejo entreg\u00f3 el protagonismo a un rival que nunca pudo hacer da\u00f1o debido a que los dirigidos de Hern\u00e1n Madrid siempre estuvieron muy bien parados y s\u00f3lidos en el campo de juego, tanto que tuvieron al menos tres ocasiones claras para haberse quedado con los tres puntos.<\/p>\n","protected":false},"excerpt":{"rendered":"<p>El buen pasar que tuvo por el sur del pa\u00eds, donde cosech\u00f3 un triunfo por el torneo nacional y un empate por Copa Chile (ver informaci\u00f3n al final de la nota), Uni\u00f3n&#8230;<\/p>\n","protected":false},"author":1,"featured_media":81204,"comment_status":"open","ping_status":"open","sticky":false,"template":"","format":"standard","meta":{"advanced_seo_description":"","jetpack_seo_html_title":"","jetpack_seo_noindex":false,"_jetpack_memberships_contains_paid_content":false,"footnotes":""},"categories":[19],"tags":[],"class_list":["post-81203","post","type-post","status-publish","format-standard","has-post-thumbnail","hentry","category-deportes"],"jetpack_featured_media_url":"https:\/\/i0.wp.com\/eltrabajo.cl\/portal\/wp-content\/uploads\/2017\/08\/uni-uni.jpg?fit=580%2C348&ssl=1","jetpack_sharing_enabled":true,"jetpack_likes_enabled":true,"jetpack-related-posts":[],"_links":{"self":[{"href":"https:\/\/eltrabajo.cl\/portal\/wp-json\/wp\/v2\/posts\/81203","targetHints":{"allow":["GET"]}}],"collection":[{"href":"https:\/\/eltrabajo.cl\/portal\/wp-json\/wp\/v2\/posts"}],"about":[{"href":"https:\/\/eltrabajo.cl\/portal\/wp-json\/wp\/v2\/types\/post"}],"author":[{"embeddable":true,"href":"https:\/\/eltrabajo.cl\/portal\/wp-json\/wp\/v2\/users\/1"}],"replies":[{"embeddable":true,"href":"https:\/\/eltrabajo.cl\/portal\/wp-json\/wp\/v2\/comments?post=81203"}],"version-history":[{"count":0,"href":"https:\/\/eltrabajo.cl\/portal\/wp-json\/wp\/v2\/posts\/81203\/revisions"}],"wp:featuredmedia":[{"embeddable":true,"href":"https:\/\/eltrabajo.cl\/portal\/wp-json\/wp\/v2\/media\/81204"}],"wp:attachment":[{"href":"https:\/\/eltrabajo.cl\/portal\/wp-json\/wp\/v2\/media?parent=81203"}],"wp:term":[{"taxonomy":"category","embeddable":true,"href":"https:\/\/eltrabajo.cl\/portal\/wp-json\/wp\/v2\/categories?post=81203"},{"taxonomy":"post_tag","embeddable":true,"href":"https:\/\/eltrabajo.cl\/portal\/wp-json\/wp\/v2\/tags?post=81203"}],"curies":[{"name":"wp","href":"https:\/\/api.w.org\/{rel}","templated":true}]}}