{"id":81206,"date":"2017-08-25T05:03:16","date_gmt":"2017-08-25T09:03:16","guid":{"rendered":"http:\/\/www.eltrabajo.cl\/2017\/?p=81206"},"modified":"2017-08-25T05:03:16","modified_gmt":"2017-08-25T09:03:16","slug":"revuelo-en-santa-maria-con-la-semana-tecnologica-en-la-plaza-de-armas","status":"publish","type":"post","link":"https:\/\/eltrabajo.cl\/portal\/revuelo-en-santa-maria-con-la-semana-tecnologica-en-la-plaza-de-armas\/","title":{"rendered":"Revuelo en Santa Mar\u00eda con la Semana Tecnol\u00f3gica en la Plaza de Armas"},"content":{"rendered":"<figure id=\"attachment_81211\" aria-describedby=\"caption-attachment-81211\" style=\"width: 580px\" class=\"wp-caption alignnone\"><img data-recalc-dims=\"1\" loading=\"lazy\" decoding=\"async\" class=\"size-full wp-image-81211\" src=\"https:\/\/i0.wp.com\/www.eltrabajo.cl\/2017\/wp-content\/uploads\/2017\/08\/Cole4.jpg?resize=580%2C348\" alt=\"PURO FOLKLORE.- Estos son bailes t\u00edpicos de nuestro pa\u00eds, interpretados por los mismos estudiantes de escuelas y jardines infantiles de la comuna.\" width=\"580\" height=\"348\" srcset=\"https:\/\/i0.wp.com\/eltrabajo.cl\/portal\/wp-content\/uploads\/2017\/08\/Cole4.jpg?w=580&amp;ssl=1 580w, https:\/\/i0.wp.com\/eltrabajo.cl\/portal\/wp-content\/uploads\/2017\/08\/Cole4.jpg?resize=200%2C120&amp;ssl=1 200w, https:\/\/i0.wp.com\/eltrabajo.cl\/portal\/wp-content\/uploads\/2017\/08\/Cole4.jpg?resize=300%2C180&amp;ssl=1 300w, https:\/\/i0.wp.com\/eltrabajo.cl\/portal\/wp-content\/uploads\/2017\/08\/Cole4.jpg?resize=250%2C150&amp;ssl=1 250w, https:\/\/i0.wp.com\/eltrabajo.cl\/portal\/wp-content\/uploads\/2017\/08\/Cole4.jpg?resize=400%2C240&amp;ssl=1 400w\" sizes=\"auto, (max-width: 580px) 100vw, 580px\" \/><figcaption id=\"caption-attachment-81211\" class=\"wp-caption-text\">PURO FOLKLORE.- Estos son bailes t\u00edpicos de nuestro pa\u00eds, interpretados por los mismos estudiantes de escuelas y jardines infantiles de la comuna.<\/figcaption><\/figure>\n<ul>\n<li><span style=\"color: #ff0000;\"><strong>Organizada por el Colegio Santa Mar\u00eda de Aconcagua:<\/strong><\/span><\/li>\n<\/ul>\n<p><strong>SANTA MAR\u00cdA.-<\/strong> Los 920 estudiantes que conforman la matr\u00edcula 2017 del Colegio Santa Mar\u00eda de Aconcagua, as\u00ed como otras escuelas e instituciones invitadas se dieron a la tarea de celebrar la Semana Tecnol\u00f3gica, jornada que implica toda una feria promocional en donde esta casa de estudios y otras de la comuna presentan al p\u00fablico sus carreras y cursos que imparten en sus establecimientos.<br \/>\nLas c\u00e1maras de Diario El Trabajo tomaron registro de la actividad, misma en la que estuvo presente el alcalde de Santa Mar\u00eda Claudio Zurita Ibarra, el director Daem de esa comuna Rosalindo Gonz\u00e1lez, as\u00ed como algunos concejales y muchos apoderados.<\/p>\n<p><strong><span style=\"color: #ff0000;\">FERIA AMIGABLE<\/span><\/strong><br \/>\nNuestro medio tambi\u00e9n habl\u00f3 con la Hermana Irma de Mendoza Palma, directora del Colegio Santa Mar\u00eda de Aconcagua.<br \/>\n\u00abHoy d\u00eda quisimos ofrecer una muestra de lo que nuestro colegio presenta en T\u00e9cnico Profesional, impartimos dos especialidades: P\u00e1rvulos y Administraci\u00f3n. En esta feria participaron como invitados varios colegios y jardines de la comuna, as\u00ed como Carabineros y el Ej\u00e9rcito. Tambi\u00e9n montamos m\u00f3dulos de simulaci\u00f3n para que las ni\u00f1as desarrollaran su trabajo en cuidado de p\u00e1rvulos, bailes t\u00edpicos de nuestro pa\u00eds, la Oficina de la Mujer, Senda Previene, Cpech y el Aiep, entre otras importantes instituciones\u00bb, dijo la religiosa y acad\u00e9mica.<br \/>\nLos bailes interpretados por estudiantes de este colegio en la Plaza de Armas fueron por zonas de nuestro pa\u00eds, tambi\u00e9n durante la jornada hubo reconocimientos especiales por parte del Colegio a distintas personas cercanas a la casa de estudios, quienes agradecidos recibieron un diploma y el abrazo efusivo de la Hermana Irma de Mendoza.<br \/>\n<strong>Roberto Gonz\u00e1lez Short<\/strong><br \/>\n<strong>ENVIADO ESPECIAL<\/strong><\/p>\n<figure id=\"attachment_81208\" aria-describedby=\"caption-attachment-81208\" style=\"width: 580px\" class=\"wp-caption alignnone\"><img data-recalc-dims=\"1\" loading=\"lazy\" decoding=\"async\" class=\"size-full wp-image-81208\" src=\"https:\/\/i0.wp.com\/www.eltrabajo.cl\/2017\/wp-content\/uploads\/2017\/08\/Cole1.jpg?resize=580%2C350\" alt=\"DIENTES LIMPIOS.- Estos peque\u00f1itos aprendieron de manera divertida mucho sobre la higiene bucal, gracias a este stand instalado en esta Feria Tecnol\u00f3gica del Colegio Santa Mar\u00eda de Aconcagua.\" width=\"580\" height=\"350\" srcset=\"https:\/\/i0.wp.com\/eltrabajo.cl\/portal\/wp-content\/uploads\/2017\/08\/Cole1.jpg?w=580&amp;ssl=1 580w, https:\/\/i0.wp.com\/eltrabajo.cl\/portal\/wp-content\/uploads\/2017\/08\/Cole1.jpg?resize=200%2C121&amp;ssl=1 200w, https:\/\/i0.wp.com\/eltrabajo.cl\/portal\/wp-content\/uploads\/2017\/08\/Cole1.jpg?resize=300%2C181&amp;ssl=1 300w, https:\/\/i0.wp.com\/eltrabajo.cl\/portal\/wp-content\/uploads\/2017\/08\/Cole1.jpg?resize=249%2C150&amp;ssl=1 249w, https:\/\/i0.wp.com\/eltrabajo.cl\/portal\/wp-content\/uploads\/2017\/08\/Cole1.jpg?resize=400%2C241&amp;ssl=1 400w\" sizes=\"auto, (max-width: 580px) 100vw, 580px\" \/><figcaption id=\"caption-attachment-81208\" class=\"wp-caption-text\">DIENTES LIMPIOS.- Estos peque\u00f1itos aprendieron de manera divertida mucho sobre la higiene bucal, gracias a este stand instalado en esta Feria Tecnol\u00f3gica del Colegio Santa Mar\u00eda de Aconcagua.<\/figcaption><\/figure>\n<figure id=\"attachment_81209\" aria-describedby=\"caption-attachment-81209\" style=\"width: 580px\" class=\"wp-caption alignnone\"><img data-recalc-dims=\"1\" loading=\"lazy\" decoding=\"async\" class=\"size-full wp-image-81209\" src=\"https:\/\/i0.wp.com\/www.eltrabajo.cl\/2017\/wp-content\/uploads\/2017\/08\/Cole2.jpg?resize=580%2C350\" alt=\"EN SU MUNDO M\u00c1GICO.- Ellos lo pasaron muy bien mientras esta educadora les contaba un divertido cuento.\" width=\"580\" height=\"350\" srcset=\"https:\/\/i0.wp.com\/eltrabajo.cl\/portal\/wp-content\/uploads\/2017\/08\/Cole2.jpg?w=580&amp;ssl=1 580w, https:\/\/i0.wp.com\/eltrabajo.cl\/portal\/wp-content\/uploads\/2017\/08\/Cole2.jpg?resize=200%2C121&amp;ssl=1 200w, https:\/\/i0.wp.com\/eltrabajo.cl\/portal\/wp-content\/uploads\/2017\/08\/Cole2.jpg?resize=300%2C181&amp;ssl=1 300w, https:\/\/i0.wp.com\/eltrabajo.cl\/portal\/wp-content\/uploads\/2017\/08\/Cole2.jpg?resize=249%2C150&amp;ssl=1 249w, https:\/\/i0.wp.com\/eltrabajo.cl\/portal\/wp-content\/uploads\/2017\/08\/Cole2.jpg?resize=400%2C241&amp;ssl=1 400w\" sizes=\"auto, (max-width: 580px) 100vw, 580px\" \/><figcaption id=\"caption-attachment-81209\" class=\"wp-caption-text\">EN SU MUNDO M\u00c1GICO.- Ellos lo pasaron muy bien mientras esta educadora les contaba un divertido cuento.<\/figcaption><\/figure>\n<figure id=\"attachment_81210\" aria-describedby=\"caption-attachment-81210\" style=\"width: 580px\" class=\"wp-caption alignnone\"><img data-recalc-dims=\"1\" loading=\"lazy\" decoding=\"async\" class=\"size-full wp-image-81210\" src=\"https:\/\/i0.wp.com\/www.eltrabajo.cl\/2017\/wp-content\/uploads\/2017\/08\/Cole3.jpg?resize=580%2C348\" alt=\"CHARLAS VALIOSAS.- Ya estos peque\u00f1itos saben todo sobre el uso de un calendario, meses, a\u00f1os y d\u00edas de la semana.\" width=\"580\" height=\"348\" srcset=\"https:\/\/i0.wp.com\/eltrabajo.cl\/portal\/wp-content\/uploads\/2017\/08\/Cole3.jpg?w=580&amp;ssl=1 580w, https:\/\/i0.wp.com\/eltrabajo.cl\/portal\/wp-content\/uploads\/2017\/08\/Cole3.jpg?resize=200%2C120&amp;ssl=1 200w, https:\/\/i0.wp.com\/eltrabajo.cl\/portal\/wp-content\/uploads\/2017\/08\/Cole3.jpg?resize=300%2C180&amp;ssl=1 300w, https:\/\/i0.wp.com\/eltrabajo.cl\/portal\/wp-content\/uploads\/2017\/08\/Cole3.jpg?resize=250%2C150&amp;ssl=1 250w, https:\/\/i0.wp.com\/eltrabajo.cl\/portal\/wp-content\/uploads\/2017\/08\/Cole3.jpg?resize=400%2C240&amp;ssl=1 400w\" sizes=\"auto, (max-width: 580px) 100vw, 580px\" \/><figcaption id=\"caption-attachment-81210\" class=\"wp-caption-text\">CHARLAS VALIOSAS.- Ya estos peque\u00f1itos saben todo sobre el uso de un calendario, meses, a\u00f1os y d\u00edas de la semana.<\/figcaption><\/figure>\n<figure id=\"attachment_81212\" aria-describedby=\"caption-attachment-81212\" style=\"width: 580px\" class=\"wp-caption alignnone\"><img data-recalc-dims=\"1\" loading=\"lazy\" decoding=\"async\" class=\"size-full wp-image-81212\" src=\"https:\/\/i0.wp.com\/www.eltrabajo.cl\/2017\/wp-content\/uploads\/2017\/08\/Cole5.jpg?resize=580%2C348\" alt=\"HERMOSOS TRAJES.- Tambi\u00e9n estos bailarines pudieron lucir los trajes de las zonas de Chile, porque el Folklore tambi\u00e9n es color y elegancia.\" width=\"580\" height=\"348\" srcset=\"https:\/\/i0.wp.com\/eltrabajo.cl\/portal\/wp-content\/uploads\/2017\/08\/Cole5.jpg?w=580&amp;ssl=1 580w, https:\/\/i0.wp.com\/eltrabajo.cl\/portal\/wp-content\/uploads\/2017\/08\/Cole5.jpg?resize=200%2C120&amp;ssl=1 200w, https:\/\/i0.wp.com\/eltrabajo.cl\/portal\/wp-content\/uploads\/2017\/08\/Cole5.jpg?resize=300%2C180&amp;ssl=1 300w, https:\/\/i0.wp.com\/eltrabajo.cl\/portal\/wp-content\/uploads\/2017\/08\/Cole5.jpg?resize=250%2C150&amp;ssl=1 250w, https:\/\/i0.wp.com\/eltrabajo.cl\/portal\/wp-content\/uploads\/2017\/08\/Cole5.jpg?resize=400%2C240&amp;ssl=1 400w\" sizes=\"auto, (max-width: 580px) 100vw, 580px\" \/><figcaption id=\"caption-attachment-81212\" class=\"wp-caption-text\">HERMOSOS TRAJES.- Tambi\u00e9n estos bailarines pudieron lucir los trajes de las zonas de Chile, porque el Folklore tambi\u00e9n es color y elegancia.<\/figcaption><\/figure>\n<figure id=\"attachment_81213\" aria-describedby=\"caption-attachment-81213\" style=\"width: 580px\" class=\"wp-caption alignnone\"><img data-recalc-dims=\"1\" loading=\"lazy\" decoding=\"async\" class=\"size-full wp-image-81213\" src=\"https:\/\/i0.wp.com\/www.eltrabajo.cl\/2017\/wp-content\/uploads\/2017\/08\/Cole6.jpg?resize=580%2C349\" alt=\"FANTAS\u00cdA Y CANDOR.- Sus vestidos lo dicen todo, ni\u00f1as alegres, bien entrenadas y con un esp\u00edritu propio del candor de su edad.\" width=\"580\" height=\"349\" srcset=\"https:\/\/i0.wp.com\/eltrabajo.cl\/portal\/wp-content\/uploads\/2017\/08\/Cole6.jpg?w=580&amp;ssl=1 580w, https:\/\/i0.wp.com\/eltrabajo.cl\/portal\/wp-content\/uploads\/2017\/08\/Cole6.jpg?resize=200%2C120&amp;ssl=1 200w, https:\/\/i0.wp.com\/eltrabajo.cl\/portal\/wp-content\/uploads\/2017\/08\/Cole6.jpg?resize=300%2C181&amp;ssl=1 300w, https:\/\/i0.wp.com\/eltrabajo.cl\/portal\/wp-content\/uploads\/2017\/08\/Cole6.jpg?resize=249%2C150&amp;ssl=1 249w, https:\/\/i0.wp.com\/eltrabajo.cl\/portal\/wp-content\/uploads\/2017\/08\/Cole6.jpg?resize=400%2C241&amp;ssl=1 400w\" sizes=\"auto, (max-width: 580px) 100vw, 580px\" \/><figcaption id=\"caption-attachment-81213\" class=\"wp-caption-text\">FANTAS\u00cdA Y CANDOR.- Sus vestidos lo dicen todo, ni\u00f1as alegres, bien entrenadas y con un esp\u00edritu propio del candor de su edad.<\/figcaption><\/figure>\n<figure id=\"attachment_81214\" aria-describedby=\"caption-attachment-81214\" style=\"width: 580px\" class=\"wp-caption alignnone\"><img data-recalc-dims=\"1\" loading=\"lazy\" decoding=\"async\" class=\"size-full wp-image-81214\" src=\"https:\/\/i0.wp.com\/www.eltrabajo.cl\/2017\/wp-content\/uploads\/2017\/08\/Cole7.jpg?resize=580%2C348\" alt=\"RECONOCIMIENTO ESPECIAL.- Autoridades y colaboradores cercanos al Colegio fueron destacados por el personal del Colegio Santa Mar\u00eda de Aconcagua.\" width=\"580\" height=\"348\" srcset=\"https:\/\/i0.wp.com\/eltrabajo.cl\/portal\/wp-content\/uploads\/2017\/08\/Cole7.jpg?w=580&amp;ssl=1 580w, https:\/\/i0.wp.com\/eltrabajo.cl\/portal\/wp-content\/uploads\/2017\/08\/Cole7.jpg?resize=200%2C120&amp;ssl=1 200w, https:\/\/i0.wp.com\/eltrabajo.cl\/portal\/wp-content\/uploads\/2017\/08\/Cole7.jpg?resize=300%2C180&amp;ssl=1 300w, https:\/\/i0.wp.com\/eltrabajo.cl\/portal\/wp-content\/uploads\/2017\/08\/Cole7.jpg?resize=250%2C150&amp;ssl=1 250w, https:\/\/i0.wp.com\/eltrabajo.cl\/portal\/wp-content\/uploads\/2017\/08\/Cole7.jpg?resize=400%2C240&amp;ssl=1 400w\" sizes=\"auto, (max-width: 580px) 100vw, 580px\" \/><figcaption id=\"caption-attachment-81214\" class=\"wp-caption-text\">RECONOCIMIENTO ESPECIAL.- Autoridades y colaboradores cercanos al Colegio fueron destacados por el personal del Colegio Santa Mar\u00eda de Aconcagua.<\/figcaption><\/figure>\n<figure id=\"attachment_81215\" aria-describedby=\"caption-attachment-81215\" style=\"width: 580px\" class=\"wp-caption alignnone\"><img data-recalc-dims=\"1\" loading=\"lazy\" decoding=\"async\" class=\"size-full wp-image-81215\" src=\"https:\/\/i0.wp.com\/www.eltrabajo.cl\/2017\/wp-content\/uploads\/2017\/08\/Cole8.jpg?resize=580%2C349\" alt=\"TODOS PRESENTES.- Otros directores de jardines infantiles y de escuelas de Santa Mar\u00eda se dieron cita en la Plaza de Armas.\" width=\"580\" height=\"349\" srcset=\"https:\/\/i0.wp.com\/eltrabajo.cl\/portal\/wp-content\/uploads\/2017\/08\/Cole8.jpg?w=580&amp;ssl=1 580w, https:\/\/i0.wp.com\/eltrabajo.cl\/portal\/wp-content\/uploads\/2017\/08\/Cole8.jpg?resize=200%2C120&amp;ssl=1 200w, https:\/\/i0.wp.com\/eltrabajo.cl\/portal\/wp-content\/uploads\/2017\/08\/Cole8.jpg?resize=300%2C181&amp;ssl=1 300w, https:\/\/i0.wp.com\/eltrabajo.cl\/portal\/wp-content\/uploads\/2017\/08\/Cole8.jpg?resize=249%2C150&amp;ssl=1 249w, https:\/\/i0.wp.com\/eltrabajo.cl\/portal\/wp-content\/uploads\/2017\/08\/Cole8.jpg?resize=400%2C241&amp;ssl=1 400w\" sizes=\"auto, (max-width: 580px) 100vw, 580px\" \/><figcaption id=\"caption-attachment-81215\" class=\"wp-caption-text\">TODOS PRESENTES.- Otros directores de jardines infantiles y de escuelas de Santa Mar\u00eda se dieron cita en la Plaza de Armas.<\/figcaption><\/figure>\n<figure id=\"attachment_81216\" aria-describedby=\"caption-attachment-81216\" style=\"width: 580px\" class=\"wp-caption alignnone\"><img data-recalc-dims=\"1\" loading=\"lazy\" decoding=\"async\" class=\"size-full wp-image-81216\" src=\"https:\/\/i0.wp.com\/www.eltrabajo.cl\/2017\/wp-content\/uploads\/2017\/08\/Cole9.jpg?resize=580%2C349\" alt=\"LA ALEGR\u00cdA DE SERVIR.- Carabineros tambi\u00e9n mostraron a los estudiantes interesados la din\u00e1mica de postulaci\u00f3n y trabajo dentro de tan insigne instituci\u00f3n.\" width=\"580\" height=\"349\" srcset=\"https:\/\/i0.wp.com\/eltrabajo.cl\/portal\/wp-content\/uploads\/2017\/08\/Cole9.jpg?w=580&amp;ssl=1 580w, https:\/\/i0.wp.com\/eltrabajo.cl\/portal\/wp-content\/uploads\/2017\/08\/Cole9.jpg?resize=200%2C120&amp;ssl=1 200w, https:\/\/i0.wp.com\/eltrabajo.cl\/portal\/wp-content\/uploads\/2017\/08\/Cole9.jpg?resize=300%2C181&amp;ssl=1 300w, https:\/\/i0.wp.com\/eltrabajo.cl\/portal\/wp-content\/uploads\/2017\/08\/Cole9.jpg?resize=249%2C150&amp;ssl=1 249w, https:\/\/i0.wp.com\/eltrabajo.cl\/portal\/wp-content\/uploads\/2017\/08\/Cole9.jpg?resize=400%2C241&amp;ssl=1 400w\" sizes=\"auto, (max-width: 580px) 100vw, 580px\" \/><figcaption id=\"caption-attachment-81216\" class=\"wp-caption-text\">LA ALEGR\u00cdA DE SERVIR.- Carabineros tambi\u00e9n mostraron a los estudiantes interesados la din\u00e1mica de postulaci\u00f3n y trabajo dentro de tan insigne instituci\u00f3n.<\/figcaption><\/figure>\n<figure id=\"attachment_81217\" aria-describedby=\"caption-attachment-81217\" style=\"width: 580px\" class=\"wp-caption alignnone\"><img data-recalc-dims=\"1\" loading=\"lazy\" decoding=\"async\" class=\"size-full wp-image-81217\" src=\"https:\/\/i0.wp.com\/www.eltrabajo.cl\/2017\/wp-content\/uploads\/2017\/08\/Cole10.jpg?resize=580%2C348\" alt=\"JUVENTUD DE PIE.- El Regimiento de Monta\u00f1a N\u00ba 3 Yungay, de Los Andes, tambi\u00e9n mostr\u00f3 a los interesados la informaci\u00f3n para acercarse a las Fuerzas Armadas de Chile.\" width=\"580\" height=\"348\" srcset=\"https:\/\/i0.wp.com\/eltrabajo.cl\/portal\/wp-content\/uploads\/2017\/08\/Cole10.jpg?w=580&amp;ssl=1 580w, https:\/\/i0.wp.com\/eltrabajo.cl\/portal\/wp-content\/uploads\/2017\/08\/Cole10.jpg?resize=200%2C120&amp;ssl=1 200w, https:\/\/i0.wp.com\/eltrabajo.cl\/portal\/wp-content\/uploads\/2017\/08\/Cole10.jpg?resize=300%2C180&amp;ssl=1 300w, https:\/\/i0.wp.com\/eltrabajo.cl\/portal\/wp-content\/uploads\/2017\/08\/Cole10.jpg?resize=250%2C150&amp;ssl=1 250w, https:\/\/i0.wp.com\/eltrabajo.cl\/portal\/wp-content\/uploads\/2017\/08\/Cole10.jpg?resize=400%2C240&amp;ssl=1 400w\" sizes=\"auto, (max-width: 580px) 100vw, 580px\" \/><figcaption id=\"caption-attachment-81217\" class=\"wp-caption-text\">JUVENTUD DE PIE.- El Regimiento de Monta\u00f1a N\u00ba 3 Yungay, de Los Andes, tambi\u00e9n mostr\u00f3 a los interesados la informaci\u00f3n para acercarse a las Fuerzas Armadas de Chile.<\/figcaption><\/figure>\n<figure id=\"attachment_81218\" aria-describedby=\"caption-attachment-81218\" style=\"width: 580px\" class=\"wp-caption alignnone\"><img data-recalc-dims=\"1\" loading=\"lazy\" decoding=\"async\" class=\"size-full wp-image-81218\" src=\"https:\/\/i0.wp.com\/www.eltrabajo.cl\/2017\/wp-content\/uploads\/2017\/08\/Cole11.jpg?resize=580%2C349\" alt=\"RESPALDO TOTAL.- Las autoridades de la comuna tampoco pod\u00edan faltar, el alcalde Claudio Zurita aplaudi\u00f3 tambi\u00e9n los bailes ofrecidos por los estudiantes.\" width=\"580\" height=\"349\" srcset=\"https:\/\/i0.wp.com\/eltrabajo.cl\/portal\/wp-content\/uploads\/2017\/08\/Cole11.jpg?w=580&amp;ssl=1 580w, https:\/\/i0.wp.com\/eltrabajo.cl\/portal\/wp-content\/uploads\/2017\/08\/Cole11.jpg?resize=200%2C120&amp;ssl=1 200w, https:\/\/i0.wp.com\/eltrabajo.cl\/portal\/wp-content\/uploads\/2017\/08\/Cole11.jpg?resize=300%2C181&amp;ssl=1 300w, https:\/\/i0.wp.com\/eltrabajo.cl\/portal\/wp-content\/uploads\/2017\/08\/Cole11.jpg?resize=249%2C150&amp;ssl=1 249w, https:\/\/i0.wp.com\/eltrabajo.cl\/portal\/wp-content\/uploads\/2017\/08\/Cole11.jpg?resize=400%2C241&amp;ssl=1 400w\" sizes=\"auto, (max-width: 580px) 100vw, 580px\" \/><figcaption id=\"caption-attachment-81218\" class=\"wp-caption-text\">RESPALDO TOTAL.- Las autoridades de la comuna tampoco pod\u00edan faltar, el alcalde Claudio Zurita aplaudi\u00f3 tambi\u00e9n los bailes ofrecidos por los estudiantes.<\/figcaption><\/figure>\n<figure id=\"attachment_81219\" aria-describedby=\"caption-attachment-81219\" style=\"width: 580px\" class=\"wp-caption alignnone\"><img data-recalc-dims=\"1\" loading=\"lazy\" decoding=\"async\" class=\"size-full wp-image-81219\" src=\"https:\/\/i0.wp.com\/www.eltrabajo.cl\/2017\/wp-content\/uploads\/2017\/08\/Cole12.jpg?resize=580%2C348\" alt=\"APRENDIENDO DE TODO.- Tambi\u00e9n estas ni\u00f1as ofrecieron un amplio aprendizaje para el hogar a todos quienes preguntaban sobre este tema.\" width=\"580\" height=\"348\" srcset=\"https:\/\/i0.wp.com\/eltrabajo.cl\/portal\/wp-content\/uploads\/2017\/08\/Cole12.jpg?w=580&amp;ssl=1 580w, https:\/\/i0.wp.com\/eltrabajo.cl\/portal\/wp-content\/uploads\/2017\/08\/Cole12.jpg?resize=200%2C120&amp;ssl=1 200w, https:\/\/i0.wp.com\/eltrabajo.cl\/portal\/wp-content\/uploads\/2017\/08\/Cole12.jpg?resize=300%2C180&amp;ssl=1 300w, https:\/\/i0.wp.com\/eltrabajo.cl\/portal\/wp-content\/uploads\/2017\/08\/Cole12.jpg?resize=250%2C150&amp;ssl=1 250w, https:\/\/i0.wp.com\/eltrabajo.cl\/portal\/wp-content\/uploads\/2017\/08\/Cole12.jpg?resize=400%2C240&amp;ssl=1 400w\" sizes=\"auto, (max-width: 580px) 100vw, 580px\" \/><figcaption id=\"caption-attachment-81219\" class=\"wp-caption-text\">APRENDIENDO DE TODO.- Tambi\u00e9n estas ni\u00f1as ofrecieron un amplio aprendizaje para el hogar a todos quienes preguntaban sobre este tema.<\/figcaption><\/figure>\n<figure id=\"attachment_81207\" aria-describedby=\"caption-attachment-81207\" style=\"width: 580px\" class=\"wp-caption alignnone\"><img data-recalc-dims=\"1\" loading=\"lazy\" decoding=\"async\" class=\"size-full wp-image-81207\" src=\"https:\/\/i0.wp.com\/www.eltrabajo.cl\/2017\/wp-content\/uploads\/2017\/08\/Cole_Irma-de-Mendoza.jpg?resize=580%2C519\" alt=\"Hermana Irma de Mendoza Palma, directora del Colegio Santa Mar\u00eda de Aconcagua.\" width=\"580\" height=\"519\" srcset=\"https:\/\/i0.wp.com\/eltrabajo.cl\/portal\/wp-content\/uploads\/2017\/08\/Cole_Irma-de-Mendoza.jpg?w=580&amp;ssl=1 580w, https:\/\/i0.wp.com\/eltrabajo.cl\/portal\/wp-content\/uploads\/2017\/08\/Cole_Irma-de-Mendoza.jpg?resize=168%2C150&amp;ssl=1 168w, https:\/\/i0.wp.com\/eltrabajo.cl\/portal\/wp-content\/uploads\/2017\/08\/Cole_Irma-de-Mendoza.jpg?resize=300%2C268&amp;ssl=1 300w, https:\/\/i0.wp.com\/eltrabajo.cl\/portal\/wp-content\/uploads\/2017\/08\/Cole_Irma-de-Mendoza.jpg?resize=400%2C358&amp;ssl=1 400w\" sizes=\"auto, (max-width: 580px) 100vw, 580px\" \/><figcaption id=\"caption-attachment-81207\" class=\"wp-caption-text\">Hermana Irma de Mendoza Palma, directora del Colegio Santa Mar\u00eda de Aconcagua.<\/figcaption><\/figure>\n","protected":false},"excerpt":{"rendered":"<p>Organizada por el Colegio Santa Mar\u00eda de Aconcagua: SANTA MAR\u00cdA.- Los 920 estudiantes que conforman la matr\u00edcula 2017 del Colegio Santa Mar\u00eda de Aconcagua, as\u00ed como otras escuelas e instituciones invitadas se&#8230;<\/p>\n","protected":false},"author":1,"featured_media":81219,"comment_status":"open","ping_status":"open","sticky":false,"template":"","format":"standard","meta":{"advanced_seo_description":"","jetpack_seo_html_title":"","jetpack_seo_noindex":false,"_jetpack_memberships_contains_paid_content":false,"footnotes":""},"categories":[15],"tags":[],"class_list":["post-81206","post","type-post","status-publish","format-standard","has-post-thumbnail","hentry","category-comunidad"],"jetpack_featured_media_url":"https:\/\/i0.wp.com\/eltrabajo.cl\/portal\/wp-content\/uploads\/2017\/08\/Cole12.jpg?fit=580%2C348&ssl=1","jetpack_sharing_enabled":true,"jetpack_likes_enabled":true,"jetpack-related-posts":[],"_links":{"self":[{"href":"https:\/\/eltrabajo.cl\/portal\/wp-json\/wp\/v2\/posts\/81206","targetHints":{"allow":["GET"]}}],"collection":[{"href":"https:\/\/eltrabajo.cl\/portal\/wp-json\/wp\/v2\/posts"}],"about":[{"href":"https:\/\/eltrabajo.cl\/portal\/wp-json\/wp\/v2\/types\/post"}],"author":[{"embeddable":true,"href":"https:\/\/eltrabajo.cl\/portal\/wp-json\/wp\/v2\/users\/1"}],"replies":[{"embeddable":true,"href":"https:\/\/eltrabajo.cl\/portal\/wp-json\/wp\/v2\/comments?post=81206"}],"version-history":[{"count":0,"href":"https:\/\/eltrabajo.cl\/portal\/wp-json\/wp\/v2\/posts\/81206\/revisions"}],"wp:featuredmedia":[{"embeddable":true,"href":"https:\/\/eltrabajo.cl\/portal\/wp-json\/wp\/v2\/media\/81219"}],"wp:attachment":[{"href":"https:\/\/eltrabajo.cl\/portal\/wp-json\/wp\/v2\/media?parent=81206"}],"wp:term":[{"taxonomy":"category","embeddable":true,"href":"https:\/\/eltrabajo.cl\/portal\/wp-json\/wp\/v2\/categories?post=81206"},{"taxonomy":"post_tag","embeddable":true,"href":"https:\/\/eltrabajo.cl\/portal\/wp-json\/wp\/v2\/tags?post=81206"}],"curies":[{"name":"wp","href":"https:\/\/api.w.org\/{rel}","templated":true}]}}