{"id":81221,"date":"2017-08-25T05:04:49","date_gmt":"2017-08-25T09:04:49","guid":{"rendered":"http:\/\/www.eltrabajo.cl\/2017\/?p=81221"},"modified":"2017-08-25T05:04:49","modified_gmt":"2017-08-25T09:04:49","slug":"dirigente-pide-a-sanfelipenos-cooperar-con-damnificados-incendio-villa-250-anos","status":"publish","type":"post","link":"https:\/\/eltrabajo.cl\/portal\/dirigente-pide-a-sanfelipenos-cooperar-con-damnificados-incendio-villa-250-anos\/","title":{"rendered":"Dirigente pide a sanfelipe\u00f1os cooperar con damnificados incendio Villa 250 A\u00f1os"},"content":{"rendered":"<figure id=\"attachment_81222\" aria-describedby=\"caption-attachment-81222\" style=\"width: 580px\" class=\"wp-caption alignnone\"><img data-recalc-dims=\"1\" loading=\"lazy\" decoding=\"async\" class=\"size-full wp-image-81222\" src=\"https:\/\/i0.wp.com\/www.eltrabajo.cl\/2017\/wp-content\/uploads\/2017\/08\/giovanni.jpg?resize=580%2C350\" alt=\"Giovani Irarr\u00e1zaval hablando con la prensa.\" width=\"580\" height=\"350\" srcset=\"https:\/\/i0.wp.com\/eltrabajo.cl\/portal\/wp-content\/uploads\/2017\/08\/giovanni.jpg?w=580&amp;ssl=1 580w, https:\/\/i0.wp.com\/eltrabajo.cl\/portal\/wp-content\/uploads\/2017\/08\/giovanni.jpg?resize=200%2C121&amp;ssl=1 200w, https:\/\/i0.wp.com\/eltrabajo.cl\/portal\/wp-content\/uploads\/2017\/08\/giovanni.jpg?resize=300%2C181&amp;ssl=1 300w, https:\/\/i0.wp.com\/eltrabajo.cl\/portal\/wp-content\/uploads\/2017\/08\/giovanni.jpg?resize=249%2C150&amp;ssl=1 249w, https:\/\/i0.wp.com\/eltrabajo.cl\/portal\/wp-content\/uploads\/2017\/08\/giovanni.jpg?resize=400%2C241&amp;ssl=1 400w\" sizes=\"auto, (max-width: 580px) 100vw, 580px\" \/><figcaption id=\"caption-attachment-81222\" class=\"wp-caption-text\">Giovani Irarr\u00e1zaval hablando con la prensa.<\/figcaption><\/figure>\n<p>El presidente de Cuatro Villas, Giovanni Irarr\u00e1zaval, destac\u00f3 la solidaridad mostrada por los vecinos de Villa 250 a\u00f1os el d\u00eda del incendio, en donde muri\u00f3 una mujer, hubo cuatro casas totalmente destruidas por el fuego quedando unas 15 personas damnificadas.<br \/>\nAl respecto Irarr\u00e1zaval dijo que lo principal era buscarles un lugar a los vecinos damnificados, \u00abse habilitaron las sedes de las villas Renacer y 250 A\u00f1os, la antigua Escuela-Hogar y se le pidieron los kits de emergencia al municipio para que las familias pudieran estar en la noche, ya que lo perdieron todo, quedaron las puras paredes de ladrillos, lo dem\u00e1s se fue a tierra, lo complicado del fallecimiento de esta ni\u00f1a fue la remoci\u00f3n de escombros, que no se pudo hacer hasta terminar con los peritajes, pero gracias a Dios lo vecinos se movieron, la misma comunidad, los dirigentes en ese sentido est\u00e1n bien unidos, el Programa Quiero mi barrio est\u00e1 bien motivado para que los mismos vecinos aporten a sus propios vecinos\u00bb dijo el dirigente.<br \/>\nIrarr\u00e1zaval hizo un llamado a los vecinos de San Felipe para que sean solidarios en ayudar en alimentos no perecibles, ropa, \u00fatiles y zapatos, \u00abellos lo perdieron todo, quedaron con lo puesto, ojala los vecinos sean solidarios, siempre lo han sido y se puede ayudar a estas personas, todo el acopio de la ayuda se est\u00e1 haciendo en la Ex-Escuela Hogar ubicada en Calle Duc\u00f3\u00bb, finaliz\u00f3.<\/p>\n","protected":false},"excerpt":{"rendered":"<p>El presidente de Cuatro Villas, Giovanni Irarr\u00e1zaval, destac\u00f3 la solidaridad mostrada por los vecinos de Villa 250 a\u00f1os el d\u00eda del incendio, en donde muri\u00f3 una mujer, hubo cuatro casas totalmente destruidas&#8230;<\/p>\n","protected":false},"author":1,"featured_media":81222,"comment_status":"open","ping_status":"open","sticky":false,"template":"","format":"standard","meta":{"advanced_seo_description":"","jetpack_seo_html_title":"","jetpack_seo_noindex":false,"_jetpack_memberships_contains_paid_content":false,"footnotes":""},"categories":[37],"tags":[],"class_list":["post-81221","post","type-post","status-publish","format-standard","has-post-thumbnail","hentry","category-sin-categoria"],"jetpack_featured_media_url":"https:\/\/i0.wp.com\/eltrabajo.cl\/portal\/wp-content\/uploads\/2017\/08\/giovanni.jpg?fit=580%2C350&ssl=1","jetpack_sharing_enabled":true,"jetpack_likes_enabled":true,"jetpack-related-posts":[],"_links":{"self":[{"href":"https:\/\/eltrabajo.cl\/portal\/wp-json\/wp\/v2\/posts\/81221","targetHints":{"allow":["GET"]}}],"collection":[{"href":"https:\/\/eltrabajo.cl\/portal\/wp-json\/wp\/v2\/posts"}],"about":[{"href":"https:\/\/eltrabajo.cl\/portal\/wp-json\/wp\/v2\/types\/post"}],"author":[{"embeddable":true,"href":"https:\/\/eltrabajo.cl\/portal\/wp-json\/wp\/v2\/users\/1"}],"replies":[{"embeddable":true,"href":"https:\/\/eltrabajo.cl\/portal\/wp-json\/wp\/v2\/comments?post=81221"}],"version-history":[{"count":0,"href":"https:\/\/eltrabajo.cl\/portal\/wp-json\/wp\/v2\/posts\/81221\/revisions"}],"wp:featuredmedia":[{"embeddable":true,"href":"https:\/\/eltrabajo.cl\/portal\/wp-json\/wp\/v2\/media\/81222"}],"wp:attachment":[{"href":"https:\/\/eltrabajo.cl\/portal\/wp-json\/wp\/v2\/media?parent=81221"}],"wp:term":[{"taxonomy":"category","embeddable":true,"href":"https:\/\/eltrabajo.cl\/portal\/wp-json\/wp\/v2\/categories?post=81221"},{"taxonomy":"post_tag","embeddable":true,"href":"https:\/\/eltrabajo.cl\/portal\/wp-json\/wp\/v2\/tags?post=81221"}],"curies":[{"name":"wp","href":"https:\/\/api.w.org\/{rel}","templated":true}]}}