{"id":81238,"date":"2017-08-28T05:00:47","date_gmt":"2017-08-28T09:00:47","guid":{"rendered":"http:\/\/www.eltrabajo.cl\/2017\/?p=81238"},"modified":"2017-08-28T05:00:47","modified_gmt":"2017-08-28T09:00:47","slug":"con-bombos-y-platillos-celebran-los-174-anos-de-escuela-jose-de-san-martin","status":"publish","type":"post","link":"https:\/\/eltrabajo.cl\/portal\/con-bombos-y-platillos-celebran-los-174-anos-de-escuela-jose-de-san-martin\/","title":{"rendered":"Con bombos y platillos celebran los 174 a\u00f1os de Escuela Jos\u00e9 de San Mart\u00edn"},"content":{"rendered":"<figure id=\"attachment_81241\" aria-describedby=\"caption-attachment-81241\" style=\"width: 580px\" class=\"wp-caption alignnone\"><img data-recalc-dims=\"1\" loading=\"lazy\" decoding=\"async\" class=\"size-full wp-image-81241\" src=\"https:\/\/i0.wp.com\/www.eltrabajo.cl\/2017\/wp-content\/uploads\/2017\/08\/Aniversario2-1.jpg?resize=580%2C348\" alt=\"Las ni\u00f1as tambi\u00e9n ofrecieron un ramillete de arte y cultura durante la actividad.\" width=\"580\" height=\"348\" srcset=\"https:\/\/i0.wp.com\/eltrabajo.cl\/portal\/wp-content\/uploads\/2017\/08\/Aniversario2-1.jpg?w=580&amp;ssl=1 580w, https:\/\/i0.wp.com\/eltrabajo.cl\/portal\/wp-content\/uploads\/2017\/08\/Aniversario2-1.jpg?resize=200%2C120&amp;ssl=1 200w, https:\/\/i0.wp.com\/eltrabajo.cl\/portal\/wp-content\/uploads\/2017\/08\/Aniversario2-1.jpg?resize=300%2C180&amp;ssl=1 300w, https:\/\/i0.wp.com\/eltrabajo.cl\/portal\/wp-content\/uploads\/2017\/08\/Aniversario2-1.jpg?resize=250%2C150&amp;ssl=1 250w, https:\/\/i0.wp.com\/eltrabajo.cl\/portal\/wp-content\/uploads\/2017\/08\/Aniversario2-1.jpg?resize=400%2C240&amp;ssl=1 400w\" sizes=\"auto, (max-width: 580px) 100vw, 580px\" \/><figcaption id=\"caption-attachment-81241\" class=\"wp-caption-text\">Las ni\u00f1as tambi\u00e9n ofrecieron un ramillete de arte y cultura durante la actividad.<\/figcaption><\/figure>\n<p>Son 174 a\u00f1os de vida los que cumpli\u00f3 la Escuela Jos\u00e9 de San Mart\u00edn, emblem\u00e1tico establecimiento sanfelipe\u00f1o que ha vivido un intenso mes de agosto con diversas actividades donde adem\u00e1s, asumieron la tarea de homenajear a Violeta Parra.<br \/>\nCon una matr\u00edcula que supera el millar de alumnos, de entre los cuales 45 son hijos de migrantes, una enorme variedad de talleres extracurriculares, un Sello Ingl\u00e9s que representa adem\u00e1s un desaf\u00edo importante por cuanto aumentaron las horas de clases de este idioma, este 2017 a juicio de la directora Ximena Baquedano ha sido muy intenso, pero a la vez, muy significativo en cuanto a los logros, no s\u00f3lo desde el punto de vista acad\u00e9mico, sino tambi\u00e9n en temas de convivencia, integraci\u00f3n, inclusi\u00f3n, de desarrollo art\u00edstico, deportivo, cient\u00edfico y tecnol\u00f3gico.<br \/>\n\u00abComo directora, es un honor celebrar un a\u00f1o m\u00e1s, es tambi\u00e9n un enorme desaf\u00edo dirigir y guiar el rumbo de nuestro establecimiento, es una enorme responsabilidad. Nuestra escuela ha contribuido en la educaci\u00f3n de muchos ni\u00f1os sanfelipe\u00f1os, por lo tanto no hemos claudicado en el deseo de mejorar la calidad, el acceso a la educaci\u00f3n y derribar la brecha entre la educaci\u00f3n p\u00fablica y privada\u00bb, se\u00f1al\u00f3 Baquedano.<br \/>\nLa profesora destac\u00f3 la implementaci\u00f3n del Sello Ingl\u00e9s \u2018Go4 &#8211; All about English\u2019, por parte de la Seremi de Educaci\u00f3n, quien a su juicio confirma el respaldo a una labor que la escuela ya hab\u00eda iniciado, pero que ahora se ve fortalecida.<br \/>\n\u00abEl Sello Ingl\u00e9s es una suerte de obsequio para nuestra escuela. El Seremi de Educaci\u00f3n, Alejandro Tapia, reconoce el trabajo que hab\u00edamos iniciado. Eso permiti\u00f3 ampliar nuestra jornada escolar completa, nuestras horas de ingl\u00e9s y por supuesto viene una ardua tarea por delante\u00bb, explic\u00f3.<br \/>\nAl ser consultada por el trabajo de integraci\u00f3n que ha desplegado el establecimiento a partir de la incorporaci\u00f3n de alumnos hijos de migrantes, de los cuales ya hay 45 de varias nacionalidades, Baquedano explic\u00f3 que \u00abtenemos un alto n\u00famero de ni\u00f1os venezolanos, colombianos, haitianos, peruanos y bolivianos, quienes se han ido incorporando a la escuela con mucho inter\u00e9s y deseo. Nosotros nos sentimos complacidos de recibirlos, porque han sido un aporte, ellos y sus familias\u00bb.<br \/>\nEl acto de aniversario fue antecedido por un homenaje a Jos\u00e9 de San Mart\u00edn, en el busto que est\u00e1 ubicado en el bandej\u00f3n central de Alameda Yungay, entre Merced y Freire.<br \/>\nEsta actividad, as\u00ed como la ceremonia marcada por los n\u00fameros art\u00edsticos ofrecidos por alumnos y profesores, contaron con la asistencia del alcalde Patricio Freire y de los concejales Dante Rodr\u00edguez y Juan Carlos Sabaj. El jefe comunal valor\u00f3 el trabajo que ha desarrollado la Escuela Jos\u00e9 de San Mart\u00edn, explicando que es un ejemplo concreto de educaci\u00f3n p\u00fablica, gratuita y de calidad, que adem\u00e1s promueve valores de integraci\u00f3n, convivencia, respeto e inclusi\u00f3n.<\/p>\n<figure id=\"attachment_81239\" aria-describedby=\"caption-attachment-81239\" style=\"width: 580px\" class=\"wp-caption alignnone\"><img data-recalc-dims=\"1\" loading=\"lazy\" decoding=\"async\" class=\"size-full wp-image-81239\" src=\"https:\/\/i0.wp.com\/www.eltrabajo.cl\/2017\/wp-content\/uploads\/2017\/08\/Aniversario_Ximena-Baquedano.jpg?resize=580%2C557\" alt=\"Ximena Baquedano, directora de la Escuela Jos\u00e9 de San Mart\u00edn.\" width=\"580\" height=\"557\" srcset=\"https:\/\/i0.wp.com\/eltrabajo.cl\/portal\/wp-content\/uploads\/2017\/08\/Aniversario_Ximena-Baquedano.jpg?w=580&amp;ssl=1 580w, https:\/\/i0.wp.com\/eltrabajo.cl\/portal\/wp-content\/uploads\/2017\/08\/Aniversario_Ximena-Baquedano.jpg?resize=156%2C150&amp;ssl=1 156w, https:\/\/i0.wp.com\/eltrabajo.cl\/portal\/wp-content\/uploads\/2017\/08\/Aniversario_Ximena-Baquedano.jpg?resize=300%2C288&amp;ssl=1 300w, https:\/\/i0.wp.com\/eltrabajo.cl\/portal\/wp-content\/uploads\/2017\/08\/Aniversario_Ximena-Baquedano.jpg?resize=400%2C384&amp;ssl=1 400w\" sizes=\"auto, (max-width: 580px) 100vw, 580px\" \/><figcaption id=\"caption-attachment-81239\" class=\"wp-caption-text\">Ximena Baquedano, directora de la Escuela Jos\u00e9 de San Mart\u00edn.<\/figcaption><\/figure>\n<figure id=\"attachment_81240\" aria-describedby=\"caption-attachment-81240\" style=\"width: 580px\" class=\"wp-caption alignnone\"><img data-recalc-dims=\"1\" loading=\"lazy\" decoding=\"async\" class=\"size-full wp-image-81240\" src=\"https:\/\/i0.wp.com\/www.eltrabajo.cl\/2017\/wp-content\/uploads\/2017\/08\/Aniversario1-1.jpg?resize=580%2C350\" alt=\"FELIZ CUMPLEA\u00d1OS.- Peques y grandes celebraron los 174 a\u00f1os de existencia de su casa estudiantil.\" width=\"580\" height=\"350\" srcset=\"https:\/\/i0.wp.com\/eltrabajo.cl\/portal\/wp-content\/uploads\/2017\/08\/Aniversario1-1.jpg?w=580&amp;ssl=1 580w, https:\/\/i0.wp.com\/eltrabajo.cl\/portal\/wp-content\/uploads\/2017\/08\/Aniversario1-1.jpg?resize=200%2C121&amp;ssl=1 200w, https:\/\/i0.wp.com\/eltrabajo.cl\/portal\/wp-content\/uploads\/2017\/08\/Aniversario1-1.jpg?resize=300%2C181&amp;ssl=1 300w, https:\/\/i0.wp.com\/eltrabajo.cl\/portal\/wp-content\/uploads\/2017\/08\/Aniversario1-1.jpg?resize=249%2C150&amp;ssl=1 249w, https:\/\/i0.wp.com\/eltrabajo.cl\/portal\/wp-content\/uploads\/2017\/08\/Aniversario1-1.jpg?resize=400%2C241&amp;ssl=1 400w\" sizes=\"auto, (max-width: 580px) 100vw, 580px\" \/><figcaption id=\"caption-attachment-81240\" class=\"wp-caption-text\">FELIZ CUMPLEA\u00d1OS.- Peques y grandes celebraron los 174 a\u00f1os de existencia de su casa estudiantil.<\/figcaption><\/figure>\n","protected":false},"excerpt":{"rendered":"<p>Son 174 a\u00f1os de vida los que cumpli\u00f3 la Escuela Jos\u00e9 de San Mart\u00edn, emblem\u00e1tico establecimiento sanfelipe\u00f1o que ha vivido un intenso mes de agosto con diversas actividades donde adem\u00e1s, asumieron la&#8230;<\/p>\n","protected":false},"author":1,"featured_media":81240,"comment_status":"open","ping_status":"open","sticky":false,"template":"","format":"standard","meta":{"advanced_seo_description":"","jetpack_seo_html_title":"","jetpack_seo_noindex":false,"_jetpack_memberships_contains_paid_content":false,"footnotes":""},"categories":[15],"tags":[],"class_list":["post-81238","post","type-post","status-publish","format-standard","has-post-thumbnail","hentry","category-comunidad"],"jetpack_featured_media_url":"https:\/\/i0.wp.com\/eltrabajo.cl\/portal\/wp-content\/uploads\/2017\/08\/Aniversario1-1.jpg?fit=580%2C350&ssl=1","jetpack_sharing_enabled":true,"jetpack_likes_enabled":true,"jetpack-related-posts":[],"_links":{"self":[{"href":"https:\/\/eltrabajo.cl\/portal\/wp-json\/wp\/v2\/posts\/81238","targetHints":{"allow":["GET"]}}],"collection":[{"href":"https:\/\/eltrabajo.cl\/portal\/wp-json\/wp\/v2\/posts"}],"about":[{"href":"https:\/\/eltrabajo.cl\/portal\/wp-json\/wp\/v2\/types\/post"}],"author":[{"embeddable":true,"href":"https:\/\/eltrabajo.cl\/portal\/wp-json\/wp\/v2\/users\/1"}],"replies":[{"embeddable":true,"href":"https:\/\/eltrabajo.cl\/portal\/wp-json\/wp\/v2\/comments?post=81238"}],"version-history":[{"count":0,"href":"https:\/\/eltrabajo.cl\/portal\/wp-json\/wp\/v2\/posts\/81238\/revisions"}],"wp:featuredmedia":[{"embeddable":true,"href":"https:\/\/eltrabajo.cl\/portal\/wp-json\/wp\/v2\/media\/81240"}],"wp:attachment":[{"href":"https:\/\/eltrabajo.cl\/portal\/wp-json\/wp\/v2\/media?parent=81238"}],"wp:term":[{"taxonomy":"category","embeddable":true,"href":"https:\/\/eltrabajo.cl\/portal\/wp-json\/wp\/v2\/categories?post=81238"},{"taxonomy":"post_tag","embeddable":true,"href":"https:\/\/eltrabajo.cl\/portal\/wp-json\/wp\/v2\/tags?post=81238"}],"curies":[{"name":"wp","href":"https:\/\/api.w.org\/{rel}","templated":true}]}}