{"id":81243,"date":"2017-08-28T05:01:30","date_gmt":"2017-08-28T09:01:30","guid":{"rendered":"http:\/\/www.eltrabajo.cl\/2017\/?p=81243"},"modified":"2017-08-28T05:01:30","modified_gmt":"2017-08-28T09:01:30","slug":"el-uni-cae-en-su-retorno-al-municipal-0-a-2-con-union-la-calera","status":"publish","type":"post","link":"https:\/\/eltrabajo.cl\/portal\/el-uni-cae-en-su-retorno-al-municipal-0-a-2-con-union-la-calera\/","title":{"rendered":"El Un\u00ed cae en su retorno al Municipal 0 a 2 con Uni\u00f3n La Calera"},"content":{"rendered":"<figure id=\"attachment_81244\" aria-describedby=\"caption-attachment-81244\" style=\"width: 580px\" class=\"wp-caption alignnone\"><img data-recalc-dims=\"1\" loading=\"lazy\" decoding=\"async\" class=\"size-full wp-image-81244\" src=\"https:\/\/i0.wp.com\/www.eltrabajo.cl\/2017\/wp-content\/uploads\/2017\/08\/uni-calera.jpg?resize=580%2C349\" alt=\"La derrota frente a La calera hizo poco feliz fue el retorno del Un\u00ed al Municipal. \" width=\"580\" height=\"349\" srcset=\"https:\/\/i0.wp.com\/eltrabajo.cl\/portal\/wp-content\/uploads\/2017\/08\/uni-calera.jpg?w=580&amp;ssl=1 580w, https:\/\/i0.wp.com\/eltrabajo.cl\/portal\/wp-content\/uploads\/2017\/08\/uni-calera.jpg?resize=200%2C120&amp;ssl=1 200w, https:\/\/i0.wp.com\/eltrabajo.cl\/portal\/wp-content\/uploads\/2017\/08\/uni-calera.jpg?resize=300%2C181&amp;ssl=1 300w, https:\/\/i0.wp.com\/eltrabajo.cl\/portal\/wp-content\/uploads\/2017\/08\/uni-calera.jpg?resize=249%2C150&amp;ssl=1 249w, https:\/\/i0.wp.com\/eltrabajo.cl\/portal\/wp-content\/uploads\/2017\/08\/uni-calera.jpg?resize=400%2C241&amp;ssl=1 400w\" sizes=\"auto, (max-width: 580px) 100vw, 580px\" \/><figcaption id=\"caption-attachment-81244\" class=\"wp-caption-text\">La derrota frente a La calera hizo poco feliz fue el retorno del Un\u00ed al Municipal.<\/figcaption><\/figure>\n<p>Ante un marco de p\u00fablico que con creces super\u00f3 los anteriores registros de asistencia al coloso de Avenida Maip\u00fa, Uni\u00f3n San Felipe sufri\u00f3 una inapelable derrota por dos goles a cero, ante un potenciado cuadro de Uni\u00f3n La Calera. Eran altas las expectativas que hab\u00eda en torno al partido de ayer, partiendo por el reestreno del estadio municipal como escenario del f\u00fatbol profesional, a lo que se sumaba el buen momento en que llegaba el Un\u00ed luego del exitoso periplo por el sur; pero lamentablemente el equipo sanfelipe\u00f1o siempre se vio err\u00e1tico, sin chispa, y lo que es peor, sin ideas.<br \/>\nDesde el pitazo inicial dado por el juez Gamboa se pudo apreciar que los caleranos har\u00edan muy dif\u00edcil la tarea a los due\u00f1os de casa, a los que se les dificultaba una enormidad poder progresar en el campo de juego, lo que se tradujo en que el arquero Lucas Giovinni tuviera una jornada muy tranquila, salvo uno que otro arrebato est\u00e9ril de Orellana, Droguett y Gonz\u00e1lez.<br \/>\nEn el minuto 26, Wilson Pi\u00f1ones mediante un impecable tiro libre abri\u00f3 la ruta al triunfo de los forasteros, que en la segunda etapa y apelando a un gran pragmatismo sellaron el duelo con el gol de Lucas Fierro en el 80\u2019.<br \/>\nLa derrota sanfelipe\u00f1a fue inapelable desde todo punto de vista, ya que al bajo nivel de los jugadores tambi\u00e9n pes\u00f3 el hecho que desde el banco t\u00e9cnico nunca hubo respuestas para darle un vuelco a historia; es m\u00e1s, los cambios llegaron cuando el pleito estaba definido y ya no hab\u00eda nada que hacer.<br \/>\nCon esta derrota el Un\u00ed se queda en 5 puntos en el torneo de Transici\u00f3n y ahora deber\u00e1 pasar r\u00e1pidamente la hoja para enfocarse en el pleito de pasado ma\u00f1ana por la Copa Chile frente a Deportes Temuco.<br \/>\nUni\u00f3n San Felipe form\u00f3 con: Andr\u00e9s Fern\u00e1ndez; David Fern\u00e1ndez, Gonzalo Villegas, Nicol\u00e1s Suarez (Galeano); Emmanuel Pio, Juan M\u00e9ndez (Moyano), F\u00e9lix Cortes, Maximiliano Crocco; Jaime Droguett, Miguel Orellana y Ricardo Gonz\u00e1lez (Vega).<\/p>\n","protected":false},"excerpt":{"rendered":"<p>Ante un marco de p\u00fablico que con creces super\u00f3 los anteriores registros de asistencia al coloso de Avenida Maip\u00fa, Uni\u00f3n San Felipe sufri\u00f3 una inapelable derrota por dos goles a cero, ante&#8230;<\/p>\n","protected":false},"author":1,"featured_media":81244,"comment_status":"open","ping_status":"open","sticky":false,"template":"","format":"standard","meta":{"advanced_seo_description":"","jetpack_seo_html_title":"","jetpack_seo_noindex":false,"_jetpack_memberships_contains_paid_content":false,"footnotes":""},"categories":[19],"tags":[],"class_list":["post-81243","post","type-post","status-publish","format-standard","has-post-thumbnail","hentry","category-deportes"],"jetpack_featured_media_url":"https:\/\/i0.wp.com\/eltrabajo.cl\/portal\/wp-content\/uploads\/2017\/08\/uni-calera.jpg?fit=580%2C349&ssl=1","jetpack_sharing_enabled":true,"jetpack_likes_enabled":true,"jetpack-related-posts":[],"_links":{"self":[{"href":"https:\/\/eltrabajo.cl\/portal\/wp-json\/wp\/v2\/posts\/81243","targetHints":{"allow":["GET"]}}],"collection":[{"href":"https:\/\/eltrabajo.cl\/portal\/wp-json\/wp\/v2\/posts"}],"about":[{"href":"https:\/\/eltrabajo.cl\/portal\/wp-json\/wp\/v2\/types\/post"}],"author":[{"embeddable":true,"href":"https:\/\/eltrabajo.cl\/portal\/wp-json\/wp\/v2\/users\/1"}],"replies":[{"embeddable":true,"href":"https:\/\/eltrabajo.cl\/portal\/wp-json\/wp\/v2\/comments?post=81243"}],"version-history":[{"count":0,"href":"https:\/\/eltrabajo.cl\/portal\/wp-json\/wp\/v2\/posts\/81243\/revisions"}],"wp:featuredmedia":[{"embeddable":true,"href":"https:\/\/eltrabajo.cl\/portal\/wp-json\/wp\/v2\/media\/81244"}],"wp:attachment":[{"href":"https:\/\/eltrabajo.cl\/portal\/wp-json\/wp\/v2\/media?parent=81243"}],"wp:term":[{"taxonomy":"category","embeddable":true,"href":"https:\/\/eltrabajo.cl\/portal\/wp-json\/wp\/v2\/categories?post=81243"},{"taxonomy":"post_tag","embeddable":true,"href":"https:\/\/eltrabajo.cl\/portal\/wp-json\/wp\/v2\/tags?post=81243"}],"curies":[{"name":"wp","href":"https:\/\/api.w.org\/{rel}","templated":true}]}}