{"id":81250,"date":"2017-08-28T05:03:01","date_gmt":"2017-08-28T09:03:01","guid":{"rendered":"http:\/\/www.eltrabajo.cl\/2017\/?p=81250"},"modified":"2017-08-28T05:03:01","modified_gmt":"2017-08-28T09:03:01","slug":"marchan-ahora-en-san-felipe-pidiendo-justicia-para-marjorie-varas","status":"publish","type":"post","link":"https:\/\/eltrabajo.cl\/portal\/marchan-ahora-en-san-felipe-pidiendo-justicia-para-marjorie-varas\/","title":{"rendered":"Marchan ahora en San Felipe pidiendo justicia para Marjorie Varas"},"content":{"rendered":"<figure id=\"attachment_81255\" aria-describedby=\"caption-attachment-81255\" style=\"width: 580px\" class=\"wp-caption alignnone\"><img data-recalc-dims=\"1\" loading=\"lazy\" decoding=\"async\" class=\"size-full wp-image-81255\" src=\"https:\/\/i0.wp.com\/www.eltrabajo.cl\/2017\/wp-content\/uploads\/2017\/08\/Marcha24.jpg?resize=580%2C349\" alt=\"Varias calles y alamedas de San Felipe fueron recorridas en esta marcha comunitaria.\" width=\"580\" height=\"349\" srcset=\"https:\/\/i0.wp.com\/eltrabajo.cl\/portal\/wp-content\/uploads\/2017\/08\/Marcha24.jpg?w=580&amp;ssl=1 580w, https:\/\/i0.wp.com\/eltrabajo.cl\/portal\/wp-content\/uploads\/2017\/08\/Marcha24.jpg?resize=200%2C120&amp;ssl=1 200w, https:\/\/i0.wp.com\/eltrabajo.cl\/portal\/wp-content\/uploads\/2017\/08\/Marcha24.jpg?resize=300%2C181&amp;ssl=1 300w, https:\/\/i0.wp.com\/eltrabajo.cl\/portal\/wp-content\/uploads\/2017\/08\/Marcha24.jpg?resize=249%2C150&amp;ssl=1 249w, https:\/\/i0.wp.com\/eltrabajo.cl\/portal\/wp-content\/uploads\/2017\/08\/Marcha24.jpg?resize=400%2C241&amp;ssl=1 400w\" sizes=\"auto, (max-width: 580px) 100vw, 580px\" \/><figcaption id=\"caption-attachment-81255\" class=\"wp-caption-text\">Varias calles y alamedas de San Felipe fueron recorridas en esta marcha comunitaria.<\/figcaption><\/figure>\n<p>Un grupo cercano a las 150 personas marcharon una vez m\u00e1s, este s\u00e1bado en la tarde por las calles de San Felipe, pidiendo justicia para Marjorie Varas Cataldo, de 39 a\u00f1os, mujer asesinada, cuyo cuerpo fue encontrado al interior de su domicilio ubicado en Villa El Salitre de Llay-Llay el 11 de mayo de este a\u00f1o.<br \/>\nLa actividad fue organizada por la familia de la occisa para llamar de la atenci\u00f3n de la comunidad y especialmente la de las autoridades, porque ven que no hay avances en la investigaci\u00f3n para dar con el paradero del asesino de la mujer.<br \/>\nEl hermano de la v\u00edctima, C\u00e9sar, dijo que \u00abhicimos esta marcha para pedir una vez m\u00e1s justicia, para llamar la atenci\u00f3n de las autoridades por el nulo avance en la investigaci\u00f3n, ese es uno de los fines de esta marcha, aparte de lograr sensibilizar a la gente y la visualizaci\u00f3n del crimen de mi hermana, si bien es cierto que hemos tenido mucha gente que nos pregunta a trav\u00e9s del Facebook, as\u00ed tambi\u00e9n hay mucha que no tiene idea de lo que pas\u00f3 ac\u00e1 en el Valle\u00bb, dijo el hermano.<br \/>\n<strong>&#8211; Despu\u00e9s de presentada la querella \u00bfhan tomado contacto con investigaciones, el fiscal etc., ha surtido efecto la querella?<\/strong><br \/>\n&#8211; No, efectos como inmediatos no, pero s\u00ed con la abogada que nos est\u00e1 llevando el caso est\u00e1 generando alg\u00fan tipo de presi\u00f3n, pero as\u00ed todo se sabe que la fiscal\u00eda y la PDI maneja sus tiempos, pero creemos que ya pronto vamos a tener buenos resultados.<br \/>\n<strong>&#8211; \u00bfLes dej\u00f3 conforme el apoyo recibido por la gente en esta marcha? <\/strong><br \/>\n&#8211; S\u00ed, igual pens\u00e9 que gente de San Felipe de los alrededores iba a estar como apoyando de mejor manera, porque uno saca un c\u00e1lculo de las personas que hacen preguntas por Facebook, te dan su apoyo por Facebook, te dejan palabras por Facebook, son muchas m\u00e1s de las que llegaron hoy a la marcha, pero en general siento que fue buena, al igual que la primera organizada por la familia.<br \/>\n<strong>&#8211; Pero, por ultimo igual llam\u00f3 la atenci\u00f3n de la gente<\/strong><br \/>\n&#8211; Eso era con la otra idea, llegar justo cuando el centro estuviera abierto, la cantidad de gente que hab\u00eda, creemos que hay gente que no se atreve a acercarse a uno y preguntarle algo quiz\u00e1s por un tema de respeto, pero creemos las van a ser por Facebook, y ah\u00ed va a llegar harto apoyo.<br \/>\n<strong>&#8211; \u00bfPor qu\u00e9 crees t\u00fa que este caso se ha demorado tanto en ser resuelto por parte de la BH de la PDI?<\/strong><br \/>\n&#8211; Personalmente creo que el tipo es un tipo muy inteligente y lo hizo demasiado bien (\u2026) demasiado bien.<br \/>\n<strong>&#8211; \u00bfQu\u00e9 les pedir\u00edas a las autoridades, al fiscal a la Polic\u00eda?<\/strong><br \/>\n&#8211; Celeridad, nada m\u00e1s que eso, ya llevamos tres meses y no hay imputado, un culpable todav\u00eda y eso aumenta la angustia, el dolor y tambi\u00e9n porque no decirlo, la desesperanza.<\/p>\n<p><span style=\"color: #ff0000;\"><strong>RESPALDO TOTAL<\/strong><\/span><br \/>\nLas c\u00e1maras de Diario El Trabajo tomaron registro de esta espont\u00e1nea marcha, la que era encabezada por el Core Mario Sottolichio y alcalde llaylla\u00edno Edgardo Gonz\u00e1lez, quien enf\u00e1ticamente asegur\u00f3 que \u00abya esto es preocupante, estamos aqu\u00ed para decirle la Justicia y a la PDI, que la muerte de Marjorie no debe quedar impune, ya han pasado varios meses y ning\u00fan resultado nos reportan las autoridades a cargo, recordemos que recientemente el Servicio Nacional de la Mujer y la Equidad de G\u00e9nero, representado por la abogada regional Carelli Contreras, apoyados por mi persona en calidad de alcalde de Llay Llay y la familia de la v\u00edctima, interpusimos una querella criminal por el homicidio de Marjorie Varas Cataldo, y a\u00fan as\u00ed nada ocurre, el sospechoso principal est\u00e1 en libertad y por eso estamos ac\u00e1, para presionar sin violencia pero exigir resultados visibles en esta investigaci\u00f3n\u00bb, dijo el edil.<\/p>\n<figure id=\"attachment_81254\" aria-describedby=\"caption-attachment-81254\" style=\"width: 580px\" class=\"wp-caption alignnone\"><img data-recalc-dims=\"1\" loading=\"lazy\" decoding=\"async\" class=\"size-full wp-image-81254\" src=\"https:\/\/i0.wp.com\/www.eltrabajo.cl\/2017\/wp-content\/uploads\/2017\/08\/Marcha2.jpg?resize=580%2C348\" alt=\"EXIGEN JUSTICIA.- El Core Mario Sottolichio tambi\u00e9n se uni\u00f3 a esta protesta cada vez m\u00e1s fuerte.\" width=\"580\" height=\"348\" srcset=\"https:\/\/i0.wp.com\/eltrabajo.cl\/portal\/wp-content\/uploads\/2017\/08\/Marcha2.jpg?w=580&amp;ssl=1 580w, https:\/\/i0.wp.com\/eltrabajo.cl\/portal\/wp-content\/uploads\/2017\/08\/Marcha2.jpg?resize=200%2C120&amp;ssl=1 200w, https:\/\/i0.wp.com\/eltrabajo.cl\/portal\/wp-content\/uploads\/2017\/08\/Marcha2.jpg?resize=300%2C180&amp;ssl=1 300w, https:\/\/i0.wp.com\/eltrabajo.cl\/portal\/wp-content\/uploads\/2017\/08\/Marcha2.jpg?resize=250%2C150&amp;ssl=1 250w, https:\/\/i0.wp.com\/eltrabajo.cl\/portal\/wp-content\/uploads\/2017\/08\/Marcha2.jpg?resize=400%2C240&amp;ssl=1 400w\" sizes=\"auto, (max-width: 580px) 100vw, 580px\" \/><figcaption id=\"caption-attachment-81254\" class=\"wp-caption-text\">EXIGEN JUSTICIA.- El Core Mario Sottolichio tambi\u00e9n se uni\u00f3 a esta protesta cada vez m\u00e1s fuerte.<\/figcaption><\/figure>\n<figure id=\"attachment_81256\" aria-describedby=\"caption-attachment-81256\" style=\"width: 580px\" class=\"wp-caption alignnone\"><img data-recalc-dims=\"1\" loading=\"lazy\" decoding=\"async\" class=\"size-full wp-image-81256\" src=\"https:\/\/i0.wp.com\/www.eltrabajo.cl\/2017\/wp-content\/uploads\/2017\/08\/Marcha82.jpg?resize=580%2C349\" alt=\"Algunos vecinos muestran a Diario El Trabajo sus pancartas en reclamo a la impunidad que reina por la muerte de Marjorie Varas.\" width=\"580\" height=\"349\" srcset=\"https:\/\/i0.wp.com\/eltrabajo.cl\/portal\/wp-content\/uploads\/2017\/08\/Marcha82.jpg?w=580&amp;ssl=1 580w, https:\/\/i0.wp.com\/eltrabajo.cl\/portal\/wp-content\/uploads\/2017\/08\/Marcha82.jpg?resize=200%2C120&amp;ssl=1 200w, https:\/\/i0.wp.com\/eltrabajo.cl\/portal\/wp-content\/uploads\/2017\/08\/Marcha82.jpg?resize=300%2C181&amp;ssl=1 300w, https:\/\/i0.wp.com\/eltrabajo.cl\/portal\/wp-content\/uploads\/2017\/08\/Marcha82.jpg?resize=249%2C150&amp;ssl=1 249w, https:\/\/i0.wp.com\/eltrabajo.cl\/portal\/wp-content\/uploads\/2017\/08\/Marcha82.jpg?resize=400%2C241&amp;ssl=1 400w\" sizes=\"auto, (max-width: 580px) 100vw, 580px\" \/><figcaption id=\"caption-attachment-81256\" class=\"wp-caption-text\">Algunos vecinos muestran a Diario El Trabajo sus pancartas en reclamo a la impunidad que reina por la muerte de Marjorie Varas.<\/figcaption><\/figure>\n<figure id=\"attachment_81252\" aria-describedby=\"caption-attachment-81252\" style=\"width: 580px\" class=\"wp-caption alignnone\"><img data-recalc-dims=\"1\" loading=\"lazy\" decoding=\"async\" class=\"size-full wp-image-81252\" src=\"https:\/\/i0.wp.com\/www.eltrabajo.cl\/2017\/wp-content\/uploads\/2017\/08\/Marcha_Marjorie-Varas.jpg?resize=580%2C580\" alt=\"Ella era Marjorie Varas, asesinada violentamente hace pocos meses, su muerte contin\u00faa impune. (Archivo)\" width=\"580\" height=\"580\" srcset=\"https:\/\/i0.wp.com\/eltrabajo.cl\/portal\/wp-content\/uploads\/2017\/08\/Marcha_Marjorie-Varas.jpg?w=580&amp;ssl=1 580w, https:\/\/i0.wp.com\/eltrabajo.cl\/portal\/wp-content\/uploads\/2017\/08\/Marcha_Marjorie-Varas.jpg?resize=150%2C150&amp;ssl=1 150w, https:\/\/i0.wp.com\/eltrabajo.cl\/portal\/wp-content\/uploads\/2017\/08\/Marcha_Marjorie-Varas.jpg?resize=300%2C300&amp;ssl=1 300w, https:\/\/i0.wp.com\/eltrabajo.cl\/portal\/wp-content\/uploads\/2017\/08\/Marcha_Marjorie-Varas.jpg?resize=400%2C400&amp;ssl=1 400w\" sizes=\"auto, (max-width: 580px) 100vw, 580px\" \/><figcaption id=\"caption-attachment-81252\" class=\"wp-caption-text\">Ella era Marjorie Varas, asesinada violentamente hace pocos meses, su muerte contin\u00faa impune. (Archivo)<\/figcaption><\/figure>\n<figure id=\"attachment_81251\" aria-describedby=\"caption-attachment-81251\" style=\"width: 580px\" class=\"wp-caption alignnone\"><img data-recalc-dims=\"1\" loading=\"lazy\" decoding=\"async\" class=\"size-full wp-image-81251\" src=\"https:\/\/i0.wp.com\/www.eltrabajo.cl\/2017\/wp-content\/uploads\/2017\/08\/Marcha_Edgardo-Gonzalez.jpg?resize=580%2C604\" alt=\"Alcalde llaylla\u00edno Edgardo Gonz\u00e1lez.\" width=\"580\" height=\"604\" srcset=\"https:\/\/i0.wp.com\/eltrabajo.cl\/portal\/wp-content\/uploads\/2017\/08\/Marcha_Edgardo-Gonzalez.jpg?w=580&amp;ssl=1 580w, https:\/\/i0.wp.com\/eltrabajo.cl\/portal\/wp-content\/uploads\/2017\/08\/Marcha_Edgardo-Gonzalez.jpg?resize=144%2C150&amp;ssl=1 144w, https:\/\/i0.wp.com\/eltrabajo.cl\/portal\/wp-content\/uploads\/2017\/08\/Marcha_Edgardo-Gonzalez.jpg?resize=288%2C300&amp;ssl=1 288w, https:\/\/i0.wp.com\/eltrabajo.cl\/portal\/wp-content\/uploads\/2017\/08\/Marcha_Edgardo-Gonzalez.jpg?resize=400%2C417&amp;ssl=1 400w\" sizes=\"auto, (max-width: 580px) 100vw, 580px\" \/><figcaption id=\"caption-attachment-81251\" class=\"wp-caption-text\">Alcalde llaylla\u00edno Edgardo Gonz\u00e1lez.<\/figcaption><\/figure>\n<figure id=\"attachment_81253\" aria-describedby=\"caption-attachment-81253\" style=\"width: 580px\" class=\"wp-caption alignnone\"><img data-recalc-dims=\"1\" loading=\"lazy\" decoding=\"async\" class=\"size-full wp-image-81253\" src=\"https:\/\/i0.wp.com\/www.eltrabajo.cl\/2017\/wp-content\/uploads\/2017\/08\/Marcha1.jpg?resize=580%2C349\" alt=\"NI UNA M\u00c1S.- Cerca de 150 personas marcharon por las calles de San Felipe para reclamar la falta de resultados en la investigaci\u00f3n de la muerte de Marjorie Varas.\" width=\"580\" height=\"349\" srcset=\"https:\/\/i0.wp.com\/eltrabajo.cl\/portal\/wp-content\/uploads\/2017\/08\/Marcha1.jpg?w=580&amp;ssl=1 580w, https:\/\/i0.wp.com\/eltrabajo.cl\/portal\/wp-content\/uploads\/2017\/08\/Marcha1.jpg?resize=200%2C120&amp;ssl=1 200w, https:\/\/i0.wp.com\/eltrabajo.cl\/portal\/wp-content\/uploads\/2017\/08\/Marcha1.jpg?resize=300%2C181&amp;ssl=1 300w, https:\/\/i0.wp.com\/eltrabajo.cl\/portal\/wp-content\/uploads\/2017\/08\/Marcha1.jpg?resize=249%2C150&amp;ssl=1 249w, https:\/\/i0.wp.com\/eltrabajo.cl\/portal\/wp-content\/uploads\/2017\/08\/Marcha1.jpg?resize=400%2C241&amp;ssl=1 400w\" sizes=\"auto, (max-width: 580px) 100vw, 580px\" \/><figcaption id=\"caption-attachment-81253\" class=\"wp-caption-text\">NI UNA M\u00c1S.- Cerca de 150 personas marcharon por las calles de San Felipe para reclamar la falta de resultados en la investigaci\u00f3n de la muerte de Marjorie Varas.<\/figcaption><\/figure>\n","protected":false},"excerpt":{"rendered":"<p>Un grupo cercano a las 150 personas marcharon una vez m\u00e1s, este s\u00e1bado en la tarde por las calles de San Felipe, pidiendo justicia para Marjorie Varas Cataldo, de 39 a\u00f1os, mujer&#8230;<\/p>\n","protected":false},"author":1,"featured_media":81253,"comment_status":"open","ping_status":"open","sticky":false,"template":"","format":"standard","meta":{"advanced_seo_description":"","jetpack_seo_html_title":"","jetpack_seo_noindex":false,"_jetpack_memberships_contains_paid_content":false,"footnotes":""},"categories":[15],"tags":[],"class_list":["post-81250","post","type-post","status-publish","format-standard","has-post-thumbnail","hentry","category-comunidad"],"jetpack_featured_media_url":"https:\/\/i0.wp.com\/eltrabajo.cl\/portal\/wp-content\/uploads\/2017\/08\/Marcha1.jpg?fit=580%2C349&ssl=1","jetpack_sharing_enabled":true,"jetpack_likes_enabled":true,"jetpack-related-posts":[],"_links":{"self":[{"href":"https:\/\/eltrabajo.cl\/portal\/wp-json\/wp\/v2\/posts\/81250","targetHints":{"allow":["GET"]}}],"collection":[{"href":"https:\/\/eltrabajo.cl\/portal\/wp-json\/wp\/v2\/posts"}],"about":[{"href":"https:\/\/eltrabajo.cl\/portal\/wp-json\/wp\/v2\/types\/post"}],"author":[{"embeddable":true,"href":"https:\/\/eltrabajo.cl\/portal\/wp-json\/wp\/v2\/users\/1"}],"replies":[{"embeddable":true,"href":"https:\/\/eltrabajo.cl\/portal\/wp-json\/wp\/v2\/comments?post=81250"}],"version-history":[{"count":0,"href":"https:\/\/eltrabajo.cl\/portal\/wp-json\/wp\/v2\/posts\/81250\/revisions"}],"wp:featuredmedia":[{"embeddable":true,"href":"https:\/\/eltrabajo.cl\/portal\/wp-json\/wp\/v2\/media\/81253"}],"wp:attachment":[{"href":"https:\/\/eltrabajo.cl\/portal\/wp-json\/wp\/v2\/media?parent=81250"}],"wp:term":[{"taxonomy":"category","embeddable":true,"href":"https:\/\/eltrabajo.cl\/portal\/wp-json\/wp\/v2\/categories?post=81250"},{"taxonomy":"post_tag","embeddable":true,"href":"https:\/\/eltrabajo.cl\/portal\/wp-json\/wp\/v2\/tags?post=81250"}],"curies":[{"name":"wp","href":"https:\/\/api.w.org\/{rel}","templated":true}]}}