{"id":81267,"date":"2017-08-29T05:00:21","date_gmt":"2017-08-29T09:00:21","guid":{"rendered":"http:\/\/www.eltrabajo.cl\/2017\/?p=81267"},"modified":"2017-08-29T05:00:21","modified_gmt":"2017-08-29T09:00:21","slug":"atleta-aconcaguino-sobresale-en-el-regional-sur","status":"publish","type":"post","link":"https:\/\/eltrabajo.cl\/portal\/atleta-aconcaguino-sobresale-en-el-regional-sur\/","title":{"rendered":"Atleta aconcag\u00fcino sobresale en el Regional Sur"},"content":{"rendered":"<figure id=\"attachment_81268\" aria-describedby=\"caption-attachment-81268\" style=\"width: 580px\" class=\"wp-caption alignnone\"><img data-recalc-dims=\"1\" loading=\"lazy\" decoding=\"async\" class=\"size-full wp-image-81268\" src=\"https:\/\/i0.wp.com\/www.eltrabajo.cl\/2017\/wp-content\/uploads\/2017\/08\/JORGE-OVALLE.jpg?resize=580%2C350\" alt=\"Jorge Ovalle fue una de los atletas que m\u00e1s sobresali\u00f3 en el Regional Sur de Chillan, al ganar un oro y dos medallas de plata.\" width=\"580\" height=\"350\" srcset=\"https:\/\/i0.wp.com\/eltrabajo.cl\/portal\/wp-content\/uploads\/2017\/08\/JORGE-OVALLE.jpg?w=580&amp;ssl=1 580w, https:\/\/i0.wp.com\/eltrabajo.cl\/portal\/wp-content\/uploads\/2017\/08\/JORGE-OVALLE.jpg?resize=200%2C121&amp;ssl=1 200w, https:\/\/i0.wp.com\/eltrabajo.cl\/portal\/wp-content\/uploads\/2017\/08\/JORGE-OVALLE.jpg?resize=300%2C181&amp;ssl=1 300w, https:\/\/i0.wp.com\/eltrabajo.cl\/portal\/wp-content\/uploads\/2017\/08\/JORGE-OVALLE.jpg?resize=249%2C150&amp;ssl=1 249w, https:\/\/i0.wp.com\/eltrabajo.cl\/portal\/wp-content\/uploads\/2017\/08\/JORGE-OVALLE.jpg?resize=400%2C241&amp;ssl=1 400w\" sizes=\"auto, (max-width: 580px) 100vw, 580px\" \/><figcaption id=\"caption-attachment-81268\" class=\"wp-caption-text\">Jorge Ovalle fue una de los atletas que m\u00e1s sobresali\u00f3 en el Regional Sur de Chillan, al ganar un oro y dos medallas de plata.<\/figcaption><\/figure>\n<p>Un excelente y prometedor apronte de cara a lo que se ser\u00e1 su participaci\u00f3n en el Zonal Centro de septiembre y el Sudamericano Master del mes de noviembre, tuvo el lanzador Jorge Ovalle en el Regional de Atletismo Sur realizado el fin de semana pasado en la ciudad de Chill\u00e1n.<br \/>\nEn el torneo realizado en la ciudad sure\u00f1a participaron atletas de todo el pa\u00eds, lo cual le permiti\u00f3 a Ovalle tener una buena vara de medici\u00f3n para eventos de marca mayor en los cuales deber\u00e1 medirse con lanzadores de talla mayor.<br \/>\nEn el Regional sure\u00f1o, el atleta aconcag\u00fcino logr\u00f3 colgarse la medalla de oro en el Lanzamiento de la Bala, con un registro de 10.12 metros, mientras que estuvo a punto de hacer lo mismo en la Jabalina y Disco, pruebas en las cuales subi\u00f3 al podio en el segundo lugar, con env\u00edos de 31.33 y 32.2 metros.<br \/>\nJorge Ovalle mostr\u00f3 su total satisfacci\u00f3n por el importante logro conseguido en la capital de la nueva Regi\u00f3n del \u00d1uble. \u201cEra dif\u00edcil subir al podio porque hab\u00eda muy buenos rivales, pero felizmente los entrenamientos a los que me he sometido se vieron reflejados con las tres medallas que obtuve\u201d, dijo a El Trabajo Deportivo el destacado lanzador.<br \/>\nRespecto a sus pr\u00f3ximos desaf\u00edos, Ovalle afirm\u00f3. \u201cAhora comienza una etapa de entrenamientos m\u00e1s duros para poder fortalecerme para llegar bien y en \u00f3ptimas condiciones al Sudamericano, que es mi gran objetivo de mi carrerea deportiva, aunque estoy con los pies muy bien puestos en la tierra\u201d.<\/p>\n","protected":false},"excerpt":{"rendered":"<p>Un excelente y prometedor apronte de cara a lo que se ser\u00e1 su participaci\u00f3n en el Zonal Centro de septiembre y el Sudamericano Master del mes de noviembre, tuvo el lanzador Jorge&#8230;<\/p>\n","protected":false},"author":1,"featured_media":81268,"comment_status":"open","ping_status":"open","sticky":false,"template":"","format":"standard","meta":{"advanced_seo_description":"","jetpack_seo_html_title":"","jetpack_seo_noindex":false,"_jetpack_memberships_contains_paid_content":false,"footnotes":""},"categories":[19],"tags":[],"class_list":["post-81267","post","type-post","status-publish","format-standard","has-post-thumbnail","hentry","category-deportes"],"jetpack_featured_media_url":"https:\/\/i0.wp.com\/eltrabajo.cl\/portal\/wp-content\/uploads\/2017\/08\/JORGE-OVALLE.jpg?fit=580%2C350&ssl=1","jetpack_sharing_enabled":true,"jetpack_likes_enabled":true,"jetpack-related-posts":[],"_links":{"self":[{"href":"https:\/\/eltrabajo.cl\/portal\/wp-json\/wp\/v2\/posts\/81267","targetHints":{"allow":["GET"]}}],"collection":[{"href":"https:\/\/eltrabajo.cl\/portal\/wp-json\/wp\/v2\/posts"}],"about":[{"href":"https:\/\/eltrabajo.cl\/portal\/wp-json\/wp\/v2\/types\/post"}],"author":[{"embeddable":true,"href":"https:\/\/eltrabajo.cl\/portal\/wp-json\/wp\/v2\/users\/1"}],"replies":[{"embeddable":true,"href":"https:\/\/eltrabajo.cl\/portal\/wp-json\/wp\/v2\/comments?post=81267"}],"version-history":[{"count":0,"href":"https:\/\/eltrabajo.cl\/portal\/wp-json\/wp\/v2\/posts\/81267\/revisions"}],"wp:featuredmedia":[{"embeddable":true,"href":"https:\/\/eltrabajo.cl\/portal\/wp-json\/wp\/v2\/media\/81268"}],"wp:attachment":[{"href":"https:\/\/eltrabajo.cl\/portal\/wp-json\/wp\/v2\/media?parent=81267"}],"wp:term":[{"taxonomy":"category","embeddable":true,"href":"https:\/\/eltrabajo.cl\/portal\/wp-json\/wp\/v2\/categories?post=81267"},{"taxonomy":"post_tag","embeddable":true,"href":"https:\/\/eltrabajo.cl\/portal\/wp-json\/wp\/v2\/tags?post=81267"}],"curies":[{"name":"wp","href":"https:\/\/api.w.org\/{rel}","templated":true}]}}