{"id":81273,"date":"2017-08-29T05:02:01","date_gmt":"2017-08-29T09:02:01","guid":{"rendered":"http:\/\/www.eltrabajo.cl\/2017\/?p=81273"},"modified":"2017-08-29T05:02:01","modified_gmt":"2017-08-29T09:02:01","slug":"operativo-sociocultural-de-somos-uno-chile-en-villa-el-totoral","status":"publish","type":"post","link":"https:\/\/eltrabajo.cl\/portal\/operativo-sociocultural-de-somos-uno-chile-en-villa-el-totoral\/","title":{"rendered":"Operativo sociocultural de \u2018Somos Uno\u2019 Chile en Villa El Totoral"},"content":{"rendered":"<figure id=\"attachment_81274\" aria-describedby=\"caption-attachment-81274\" style=\"width: 580px\" class=\"wp-caption alignnone\"><img data-recalc-dims=\"1\" loading=\"lazy\" decoding=\"async\" class=\"size-full wp-image-81274\" src=\"https:\/\/i0.wp.com\/www.eltrabajo.cl\/2017\/wp-content\/uploads\/2017\/08\/Operativo1.jpg?resize=580%2C350\" alt=\"MUY DIVERTIDO.- Los ni\u00f1os tambi\u00e9n participaron en este stand, en donde una profesional les pint\u00f3 sus u\u00f1itas.\" width=\"580\" height=\"350\" srcset=\"https:\/\/i0.wp.com\/eltrabajo.cl\/portal\/wp-content\/uploads\/2017\/08\/Operativo1.jpg?w=580&amp;ssl=1 580w, https:\/\/i0.wp.com\/eltrabajo.cl\/portal\/wp-content\/uploads\/2017\/08\/Operativo1.jpg?resize=200%2C121&amp;ssl=1 200w, https:\/\/i0.wp.com\/eltrabajo.cl\/portal\/wp-content\/uploads\/2017\/08\/Operativo1.jpg?resize=300%2C181&amp;ssl=1 300w, https:\/\/i0.wp.com\/eltrabajo.cl\/portal\/wp-content\/uploads\/2017\/08\/Operativo1.jpg?resize=249%2C150&amp;ssl=1 249w, https:\/\/i0.wp.com\/eltrabajo.cl\/portal\/wp-content\/uploads\/2017\/08\/Operativo1.jpg?resize=400%2C241&amp;ssl=1 400w\" sizes=\"auto, (max-width: 580px) 100vw, 580px\" \/><figcaption id=\"caption-attachment-81274\" class=\"wp-caption-text\">MUY DIVERTIDO.- Los ni\u00f1os tambi\u00e9n participaron en este stand, en donde una profesional les pint\u00f3 sus u\u00f1itas.<\/figcaption><\/figure>\n<p>Un espectacular operativo sociocultural fue el que desarroll\u00f3 el Grupo Somos Uno, ONG que re\u00fane a distintos profesionales cristianos del Valle de Aconcagua. En el \u00e1rea social, vimos transformada la multicancha de Villa El Totoral en una cl\u00ednica integral, no s\u00f3lo de especialidades de la salud, sino que tambi\u00e9n se desarrollaron asesor\u00edas en Educaci\u00f3n, Est\u00e9tica y Belleza. Fueron 21 los profesionales que se pusieron al servicio de la comunidad en un trabajo coordinado con la Junta de vecinos El Totoral.<br \/>\nPor otra parte, en la carpa cultural ubicada en las \u00e1reas verdes del sector, se realizaron actividades para j\u00f3venes y ni\u00f1os, entre las cuales hubo canciones, baile entretenido, t\u00edteres y preparaci\u00f3n de ricos alimentos en la que los ni\u00f1os pudieron convertirse en verdaderos Chef.<br \/>\n\u00abHemos trabajado duro con distintas comisiones de trabajo para montar este tremendo operativo, para entregar un servicio totalmente gratuito, pero con un sello de excelencia, calidad y buen trato\u00bb, asegur\u00f3 a Diario El Trabajo el coordinador del \u00e1rea social del operativo, Maglio Henr\u00edquez.<br \/>\nSomos Uno forma parte del Consejo de Pastores de las Iglesias Evang\u00e9licas de San Felipe, equipo de trabajo con el cual han querido mostrar a la sociedad que son un verdadero aporte en distintas esferas y que pretende implementar este tipo de operativos en distintas zonas del Valle de Aconcagua.<br \/>\nEntre los profesionales que participaron en esta actividad hubo kinesi\u00f3logos, abogados, un pediatra, una masoterapeuta, asistentes sociales, un traductor para los usuarios haitianos, dos m\u00e9dicos cl\u00ednicos y hasta un profesional que hizo ex\u00e1menes de la vista y charlas de educaci\u00f3n vial.<br \/>\n<strong>Roberto Gonz\u00e1lez Short<\/strong><\/p>\n<figure id=\"attachment_81275\" aria-describedby=\"caption-attachment-81275\" style=\"width: 580px\" class=\"wp-caption alignnone\"><img data-recalc-dims=\"1\" loading=\"lazy\" decoding=\"async\" class=\"size-full wp-image-81275\" src=\"https:\/\/i0.wp.com\/www.eltrabajo.cl\/2017\/wp-content\/uploads\/2017\/08\/Operativo2.jpg?resize=580%2C350\" alt=\"PEQUE\u00d1OS CHEFS.- Aqu\u00ed los vemos desarrollando un curso y pr\u00e1ctica de cocina b\u00e1sica para ni\u00f1os.\" width=\"580\" height=\"350\" srcset=\"https:\/\/i0.wp.com\/eltrabajo.cl\/portal\/wp-content\/uploads\/2017\/08\/Operativo2.jpg?w=580&amp;ssl=1 580w, https:\/\/i0.wp.com\/eltrabajo.cl\/portal\/wp-content\/uploads\/2017\/08\/Operativo2.jpg?resize=200%2C121&amp;ssl=1 200w, https:\/\/i0.wp.com\/eltrabajo.cl\/portal\/wp-content\/uploads\/2017\/08\/Operativo2.jpg?resize=300%2C181&amp;ssl=1 300w, https:\/\/i0.wp.com\/eltrabajo.cl\/portal\/wp-content\/uploads\/2017\/08\/Operativo2.jpg?resize=249%2C150&amp;ssl=1 249w, https:\/\/i0.wp.com\/eltrabajo.cl\/portal\/wp-content\/uploads\/2017\/08\/Operativo2.jpg?resize=400%2C241&amp;ssl=1 400w\" sizes=\"auto, (max-width: 580px) 100vw, 580px\" \/><figcaption id=\"caption-attachment-81275\" class=\"wp-caption-text\">PEQUE\u00d1OS CHEFS.- Aqu\u00ed los vemos desarrollando un curso y pr\u00e1ctica de cocina b\u00e1sica para ni\u00f1os.<\/figcaption><\/figure>\n<figure id=\"attachment_81276\" aria-describedby=\"caption-attachment-81276\" style=\"width: 580px\" class=\"wp-caption alignnone\"><img data-recalc-dims=\"1\" loading=\"lazy\" decoding=\"async\" class=\"size-full wp-image-81276\" src=\"https:\/\/i0.wp.com\/www.eltrabajo.cl\/2017\/wp-content\/uploads\/2017\/08\/Operativo6.jpg?resize=580%2C350\" alt=\"INTEGRACI\u00d3N TOTAL.- Peques y grandes se sintieron integrados en esta jornada de trabajo sociocultural.\" width=\"580\" height=\"350\" srcset=\"https:\/\/i0.wp.com\/eltrabajo.cl\/portal\/wp-content\/uploads\/2017\/08\/Operativo6.jpg?w=580&amp;ssl=1 580w, https:\/\/i0.wp.com\/eltrabajo.cl\/portal\/wp-content\/uploads\/2017\/08\/Operativo6.jpg?resize=200%2C121&amp;ssl=1 200w, https:\/\/i0.wp.com\/eltrabajo.cl\/portal\/wp-content\/uploads\/2017\/08\/Operativo6.jpg?resize=300%2C181&amp;ssl=1 300w, https:\/\/i0.wp.com\/eltrabajo.cl\/portal\/wp-content\/uploads\/2017\/08\/Operativo6.jpg?resize=249%2C150&amp;ssl=1 249w, https:\/\/i0.wp.com\/eltrabajo.cl\/portal\/wp-content\/uploads\/2017\/08\/Operativo6.jpg?resize=400%2C241&amp;ssl=1 400w\" sizes=\"auto, (max-width: 580px) 100vw, 580px\" \/><figcaption id=\"caption-attachment-81276\" class=\"wp-caption-text\">INTEGRACI\u00d3N TOTAL.- Peques y grandes se sintieron integrados en esta jornada de trabajo sociocultural.<\/figcaption><\/figure>\n","protected":false},"excerpt":{"rendered":"<p>Un espectacular operativo sociocultural fue el que desarroll\u00f3 el Grupo Somos Uno, ONG que re\u00fane a distintos profesionales cristianos del Valle de Aconcagua. En el \u00e1rea social, vimos transformada la multicancha de&#8230;<\/p>\n","protected":false},"author":1,"featured_media":81275,"comment_status":"open","ping_status":"open","sticky":false,"template":"","format":"standard","meta":{"advanced_seo_description":"","jetpack_seo_html_title":"","jetpack_seo_noindex":false,"_jetpack_memberships_contains_paid_content":false,"footnotes":""},"categories":[15],"tags":[],"class_list":["post-81273","post","type-post","status-publish","format-standard","has-post-thumbnail","hentry","category-comunidad"],"jetpack_featured_media_url":"https:\/\/i0.wp.com\/eltrabajo.cl\/portal\/wp-content\/uploads\/2017\/08\/Operativo2.jpg?fit=580%2C350&ssl=1","jetpack_sharing_enabled":true,"jetpack_likes_enabled":true,"jetpack-related-posts":[],"_links":{"self":[{"href":"https:\/\/eltrabajo.cl\/portal\/wp-json\/wp\/v2\/posts\/81273","targetHints":{"allow":["GET"]}}],"collection":[{"href":"https:\/\/eltrabajo.cl\/portal\/wp-json\/wp\/v2\/posts"}],"about":[{"href":"https:\/\/eltrabajo.cl\/portal\/wp-json\/wp\/v2\/types\/post"}],"author":[{"embeddable":true,"href":"https:\/\/eltrabajo.cl\/portal\/wp-json\/wp\/v2\/users\/1"}],"replies":[{"embeddable":true,"href":"https:\/\/eltrabajo.cl\/portal\/wp-json\/wp\/v2\/comments?post=81273"}],"version-history":[{"count":0,"href":"https:\/\/eltrabajo.cl\/portal\/wp-json\/wp\/v2\/posts\/81273\/revisions"}],"wp:featuredmedia":[{"embeddable":true,"href":"https:\/\/eltrabajo.cl\/portal\/wp-json\/wp\/v2\/media\/81275"}],"wp:attachment":[{"href":"https:\/\/eltrabajo.cl\/portal\/wp-json\/wp\/v2\/media?parent=81273"}],"wp:term":[{"taxonomy":"category","embeddable":true,"href":"https:\/\/eltrabajo.cl\/portal\/wp-json\/wp\/v2\/categories?post=81273"},{"taxonomy":"post_tag","embeddable":true,"href":"https:\/\/eltrabajo.cl\/portal\/wp-json\/wp\/v2\/tags?post=81273"}],"curies":[{"name":"wp","href":"https:\/\/api.w.org\/{rel}","templated":true}]}}