{"id":81282,"date":"2017-08-29T05:04:42","date_gmt":"2017-08-29T09:04:42","guid":{"rendered":"http:\/\/www.eltrabajo.cl\/2017\/?p=81282"},"modified":"2018-12-17T23:22:37","modified_gmt":"2018-12-18T02:22:37","slug":"decretan-el-29-de-agosto-como-fecha-perenne-para-disputar-la-copa-javier-munoz","status":"publish","type":"post","link":"https:\/\/eltrabajo.cl\/portal\/decretan-el-29-de-agosto-como-fecha-perenne-para-disputar-la-copa-javier-munoz\/","title":{"rendered":"Decretan el 29 de agosto como fecha perenne para disputar la Copa Javier Mu\u00f1oz"},"content":{"rendered":"<figure id=\"attachment_81285\" aria-describedby=\"caption-attachment-81285\" style=\"width: 580px\" class=\"wp-caption alignleft\"><a href=\"http:\/\/www.eltrabajo.cl\/portal\/javier-munoz-copia\/\"><img data-recalc-dims=\"1\" loading=\"lazy\" decoding=\"async\" class=\"wp-image-81285 size-full\" src=\"https:\/\/i0.wp.com\/www.eltrabajo.cl\/portal\/wp-content\/uploads\/2017\/08\/javier-mu%C3%B1oz-copia.jpg?resize=580%2C448\" alt=\"Hoy a partir de las 16 horas se enfrentan \u2018Los Amigos de Javier\u2019, versus combinado del CDF.\" width=\"580\" height=\"448\" srcset=\"https:\/\/i0.wp.com\/eltrabajo.cl\/portal\/wp-content\/uploads\/2017\/08\/javier-mu%C3%B1oz-copia.jpg?w=580&amp;ssl=1 580w, https:\/\/i0.wp.com\/eltrabajo.cl\/portal\/wp-content\/uploads\/2017\/08\/javier-mu%C3%B1oz-copia.jpg?resize=194%2C150&amp;ssl=1 194w, https:\/\/i0.wp.com\/eltrabajo.cl\/portal\/wp-content\/uploads\/2017\/08\/javier-mu%C3%B1oz-copia.jpg?resize=300%2C232&amp;ssl=1 300w, https:\/\/i0.wp.com\/eltrabajo.cl\/portal\/wp-content\/uploads\/2017\/08\/javier-mu%C3%B1oz-copia.jpg?resize=400%2C309&amp;ssl=1 400w\" sizes=\"auto, (max-width: 580px) 100vw, 580px\" \/><\/a><figcaption id=\"caption-attachment-81285\" class=\"wp-caption-text\">Hoy a partir de las 16 horas se enfrentan \u2018Los Amigos de Javier\u2019, versus combinado del CDF.<\/figcaption><\/figure>\n<ul>\n<li><strong><span style=\"color: #ff0000;\">Trofeo se disputa esta tarde desde las 16:00 horas en el Municipal:\u00a0<\/span>Decisi\u00f3n un\u00e1nime de los ediles permitir\u00e1 que el principal recinto deportivo de la comuna sea escenario de una instancia deportiva que puede modificarse a futuro, y que adem\u00e1s pretende recordar a otros Hijos Ilustres de la ciudad, que han dejado la vida terrenal.<\/strong><\/li>\n<\/ul>\n<p>En votaci\u00f3n un\u00e1nime, el Concejo Municipal de San Felipe encabezado por el alcalde Patricio Freire, aprob\u00f3 este lunes, el decreto que se\u00f1ala el 29 de agosto como la fecha oficial en la que cada a\u00f1o se disputar\u00e1 la Copa Aniversario de San Felipe Javier Mu\u00f1oz Delgado.<br \/>\nJusto un d\u00eda antes de conmemorar el segundo aniversario de la muerte de Mu\u00f1oz, la autoridad municipal aprob\u00f3 que se instaure este evento deportivo, no s\u00f3lo para recordar a tan destacado comunicador, sino tambi\u00e9n a los restantes hijos ilustres de la ciudad que ya no est\u00e1n f\u00edsicamente junto a sus familiares y seres queridos.<br \/>\nLa moci\u00f3n fue promovida desde el grupo de amigos de Javier Mu\u00f1oz y, por intermedio del encargado del Departamento de Deportes de la Municipalidad de San Felipe, Danilo Pe\u00f1a, quien junto a Cristian \u00c1vila -uno de los amigos m\u00e1s cercanos a Javier y a su familia-, presentaron la iniciativa a los ediles sanfelipe\u00f1os, quienes aprobaron la idea de forma inmediata.<br \/>\nCon esto, se pretende asegurar el estadio municipal como escenario constante de la disputa de este hermoso trofeo y, a la vez, que el d\u00eda en que su familia y amigos recuerdan a Mu\u00f1oz, no se limite al actual encuentro futbol\u00edstico donde se enfrentan \u2018Los amigos de Javier\u2019 contra un representativo del \u2018CDF\u2019 (Canal del F\u00fatbol), sino que pueda albergar alguna otra instancia deportiva en el futuro.<br \/>\nAs\u00ed al menos lo plante\u00f3 el propio Cristian \u00c1vila, quien manifest\u00f3 que \u00abun evento como este no se puede decretar que se va a realizar de una manera y hacerlo parte de un s\u00f3lo grupo, esto con el tiempo seguramente se va ir transformando, se van aceptar otro tipo de propuestas, sabemos que el CDF Tambi\u00e9n sufrir\u00e1 modificaciones con el tiempo y lo que ac\u00e1 decreta el Concejo Municipal es muy importante, porque en la medida que la gente aporte o participe con sus ideas m\u00e1s adelante, lo que importa es perpetuar el nombre de Javier Mu\u00f1oz Delgado, la actividad deportiva que venga detr\u00e1s, bienvenido el que se quiera sumar y las nuevas propuestas\u00bb, asever\u00f3.<br \/>\nRespecto del sentido mismo y el significado que tiene el trofeo, \u00c1vila insisti\u00f3 en que el homenaje va m\u00e1s all\u00e1 del recuerdo mismo que lleva consigo la familia y amigos de \u2018El Negro\u2019, sino que tambi\u00e9n, con el legado de humildad, perseverancia y sacrificio que dej\u00f3 Mu\u00f1oz.<br \/>\n\u00abEsto de una u otra forma hace justicia lo tr\u00e1gica que fue esta noticia, queremos instaurar esta copa como una actividad donde se recuerde a todos los hijos ilustres de la ciudad de San Felipeque ya no est\u00e1 con nosotros y que de una u otra manera tienden a quedar en el olvido. Lo que nosotros no queremos es que la figura de ning\u00fan hijo ilustre de la ciudad, menos la de nuestro amigo Javier Mu\u00f1oz, se olvide con el tiempo\u00bb, decret\u00f3 \u00c1vila.<br \/>\nA su vez, el alcalde de San Felipe, Patricio Freire destac\u00f3 la importancia que tiene para el municipio, instaurar y decretar esta fecha como una instancia conmemorativa, \u00abpor lo que signific\u00f3 Javier Mu\u00f1oz para el deporte y como un periodista deportivo que llev\u00f3 el nombre de nuestra comuna a un sitial de privilegio en las comunicaciones del pa\u00eds, para nosotros Javier dej\u00f3 una huella que debemos recordar por siempre, e instaurar este d\u00eda con la disputa de un trofeo con su nombre, es lo menos que se merece\u00bb, sentenci\u00f3 el jefe comunal.<\/p>\n<figure id=\"attachment_81283\" aria-describedby=\"caption-attachment-81283\" style=\"width: 580px\" class=\"wp-caption alignleft\"><a href=\"http:\/\/www.eltrabajo.cl\/portal\/cristian-avila\/\"><img data-recalc-dims=\"1\" loading=\"lazy\" decoding=\"async\" class=\"size-full wp-image-81283\" src=\"https:\/\/i0.wp.com\/www.eltrabajo.cl\/portal\/wp-content\/uploads\/2017\/08\/cristian-avila.jpg?resize=580%2C349\" alt=\"Cristian \u00c1vila, amigo de Javier Mu\u00f1oz y uno de los precursores del decreto municipal.\" width=\"580\" height=\"349\" srcset=\"https:\/\/i0.wp.com\/eltrabajo.cl\/portal\/wp-content\/uploads\/2017\/08\/cristian-avila.jpg?w=580&amp;ssl=1 580w, https:\/\/i0.wp.com\/eltrabajo.cl\/portal\/wp-content\/uploads\/2017\/08\/cristian-avila.jpg?resize=200%2C120&amp;ssl=1 200w, https:\/\/i0.wp.com\/eltrabajo.cl\/portal\/wp-content\/uploads\/2017\/08\/cristian-avila.jpg?resize=300%2C181&amp;ssl=1 300w, https:\/\/i0.wp.com\/eltrabajo.cl\/portal\/wp-content\/uploads\/2017\/08\/cristian-avila.jpg?resize=249%2C150&amp;ssl=1 249w, https:\/\/i0.wp.com\/eltrabajo.cl\/portal\/wp-content\/uploads\/2017\/08\/cristian-avila.jpg?resize=400%2C241&amp;ssl=1 400w\" sizes=\"auto, (max-width: 580px) 100vw, 580px\" \/><\/a><figcaption id=\"caption-attachment-81283\" class=\"wp-caption-text\">Cristian \u00c1vila, amigo de Javier Mu\u00f1oz y uno de los precursores del decreto municipal.<\/figcaption><\/figure>\n<figure id=\"attachment_81284\" aria-describedby=\"caption-attachment-81284\" style=\"width: 580px\" class=\"wp-caption alignleft\"><a href=\"http:\/\/www.eltrabajo.cl\/portal\/foto2-2\/\"><img data-recalc-dims=\"1\" loading=\"lazy\" decoding=\"async\" class=\"size-full wp-image-81284\" src=\"https:\/\/i0.wp.com\/www.eltrabajo.cl\/portal\/wp-content\/uploads\/2017\/08\/Foto2.jpg?resize=580%2C985\" alt=\"Trofeo Aniversario Ciudad de San Felipe: Javier Mu\u00f1oz Delgado.\" width=\"580\" height=\"985\" srcset=\"https:\/\/i0.wp.com\/eltrabajo.cl\/portal\/wp-content\/uploads\/2017\/08\/Foto2.jpg?w=580&amp;ssl=1 580w, https:\/\/i0.wp.com\/eltrabajo.cl\/portal\/wp-content\/uploads\/2017\/08\/Foto2.jpg?resize=88%2C150&amp;ssl=1 88w, https:\/\/i0.wp.com\/eltrabajo.cl\/portal\/wp-content\/uploads\/2017\/08\/Foto2.jpg?resize=177%2C300&amp;ssl=1 177w, https:\/\/i0.wp.com\/eltrabajo.cl\/portal\/wp-content\/uploads\/2017\/08\/Foto2.jpg?resize=400%2C679&amp;ssl=1 400w\" sizes=\"auto, (max-width: 580px) 100vw, 580px\" \/><\/a><figcaption id=\"caption-attachment-81284\" class=\"wp-caption-text\">Trofeo Aniversario Ciudad de San Felipe: Javier Mu\u00f1oz Delgado.<\/figcaption><\/figure>\n<p>&nbsp;<\/p>\n<p>&nbsp;<\/p>\n<p>&nbsp;<\/p>\n","protected":false},"excerpt":{"rendered":"<p>Trofeo se disputa esta tarde desde las 16:00 horas en el Municipal:\u00a0Decisi\u00f3n un\u00e1nime de los ediles permitir\u00e1 que el principal recinto deportivo de la comuna sea escenario de una instancia deportiva que&#8230;<\/p>\n","protected":false},"author":1,"featured_media":81285,"comment_status":"open","ping_status":"open","sticky":false,"template":"","format":"standard","meta":{"advanced_seo_description":"","jetpack_seo_html_title":"","jetpack_seo_noindex":false,"_jetpack_memberships_contains_paid_content":false,"footnotes":""},"categories":[1],"tags":[],"class_list":["post-81282","post","type-post","status-publish","format-standard","has-post-thumbnail","hentry","category-cronica"],"jetpack_featured_media_url":"https:\/\/i0.wp.com\/eltrabajo.cl\/portal\/wp-content\/uploads\/2017\/08\/javier-mu%C3%B1oz-copia.jpg?fit=580%2C448&ssl=1","jetpack_sharing_enabled":true,"jetpack_likes_enabled":true,"jetpack-related-posts":[],"_links":{"self":[{"href":"https:\/\/eltrabajo.cl\/portal\/wp-json\/wp\/v2\/posts\/81282","targetHints":{"allow":["GET"]}}],"collection":[{"href":"https:\/\/eltrabajo.cl\/portal\/wp-json\/wp\/v2\/posts"}],"about":[{"href":"https:\/\/eltrabajo.cl\/portal\/wp-json\/wp\/v2\/types\/post"}],"author":[{"embeddable":true,"href":"https:\/\/eltrabajo.cl\/portal\/wp-json\/wp\/v2\/users\/1"}],"replies":[{"embeddable":true,"href":"https:\/\/eltrabajo.cl\/portal\/wp-json\/wp\/v2\/comments?post=81282"}],"version-history":[{"count":0,"href":"https:\/\/eltrabajo.cl\/portal\/wp-json\/wp\/v2\/posts\/81282\/revisions"}],"wp:featuredmedia":[{"embeddable":true,"href":"https:\/\/eltrabajo.cl\/portal\/wp-json\/wp\/v2\/media\/81285"}],"wp:attachment":[{"href":"https:\/\/eltrabajo.cl\/portal\/wp-json\/wp\/v2\/media?parent=81282"}],"wp:term":[{"taxonomy":"category","embeddable":true,"href":"https:\/\/eltrabajo.cl\/portal\/wp-json\/wp\/v2\/categories?post=81282"},{"taxonomy":"post_tag","embeddable":true,"href":"https:\/\/eltrabajo.cl\/portal\/wp-json\/wp\/v2\/tags?post=81282"}],"curies":[{"name":"wp","href":"https:\/\/api.w.org\/{rel}","templated":true}]}}