{"id":81288,"date":"2017-08-29T05:05:08","date_gmt":"2017-08-29T09:05:08","guid":{"rendered":"http:\/\/www.eltrabajo.cl\/2017\/?p=81288"},"modified":"2017-08-29T05:05:08","modified_gmt":"2017-08-29T09:05:08","slug":"madre-denuncia-que-no-fue-avisada-a-tiempo-del-intento-de-suicidio-de-su-hijo","status":"publish","type":"post","link":"https:\/\/eltrabajo.cl\/portal\/madre-denuncia-que-no-fue-avisada-a-tiempo-del-intento-de-suicidio-de-su-hijo\/","title":{"rendered":"Madre denuncia que no fue avisada a tiempo del intento de suicidio de su hijo"},"content":{"rendered":"<figure id=\"attachment_81289\" aria-describedby=\"caption-attachment-81289\" style=\"width: 580px\" class=\"wp-caption alignnone\"><img data-recalc-dims=\"1\" loading=\"lazy\" decoding=\"async\" class=\"size-full wp-image-81289\" src=\"https:\/\/i0.wp.com\/www.eltrabajo.cl\/2017\/wp-content\/uploads\/2017\/08\/Karen-Marlene-Cuevas-Sandoval.jpg?resize=580%2C349\" alt=\"La Madre del menor Karen Marlene Cuevas Sandoval, muestra un escrito en el que ella relata su historia.\" width=\"580\" height=\"349\" srcset=\"https:\/\/i0.wp.com\/eltrabajo.cl\/portal\/wp-content\/uploads\/2017\/08\/Karen-Marlene-Cuevas-Sandoval.jpg?w=580&amp;ssl=1 580w, https:\/\/i0.wp.com\/eltrabajo.cl\/portal\/wp-content\/uploads\/2017\/08\/Karen-Marlene-Cuevas-Sandoval.jpg?resize=200%2C120&amp;ssl=1 200w, https:\/\/i0.wp.com\/eltrabajo.cl\/portal\/wp-content\/uploads\/2017\/08\/Karen-Marlene-Cuevas-Sandoval.jpg?resize=300%2C181&amp;ssl=1 300w, https:\/\/i0.wp.com\/eltrabajo.cl\/portal\/wp-content\/uploads\/2017\/08\/Karen-Marlene-Cuevas-Sandoval.jpg?resize=249%2C150&amp;ssl=1 249w, https:\/\/i0.wp.com\/eltrabajo.cl\/portal\/wp-content\/uploads\/2017\/08\/Karen-Marlene-Cuevas-Sandoval.jpg?resize=400%2C241&amp;ssl=1 400w\" sizes=\"auto, (max-width: 580px) 100vw, 580px\" \/><figcaption id=\"caption-attachment-81289\" class=\"wp-caption-text\">La Madre del menor Karen Marlene Cuevas Sandoval, muestra un escrito en el que ella relata su historia.<\/figcaption><\/figure>\n<ul>\n<li><span style=\"color: #ff0000;\"><strong>Supuestamente ocurrido en el Hogar Paulo VI de San Felipe:<\/strong><\/span><\/li>\n<\/ul>\n<p>Una madre denuncia que su hijo de 9 a\u00f1os intent\u00f3 suicidarse con una piola de bicicleta en el Hogar de Menores Pablo VI de San Felipe, la noche del martes de la semana pasada, sin que ella fuese avisada a tiempo, menos que se aplicaran los protocolos correspondientes, como por ejemplo haberlo llevado al Hospital San Camilo.<br \/>\nLa madre, quien se identific\u00f3 como <strong>Karen Marlene Sandoval Robles<\/strong>, dijo que lo hac\u00eda p\u00fablico para terminar con los abusos que supuestamente afectan a los menores en ese hogar. Cuenta que en ocasiones a su hijo le han robado la ropa, adem\u00e1s del extrav\u00edo de ropa interior y alimentaci\u00f3n: \u00abEl martes en la noche una de las t\u00edas que trabaja en lugar encontr\u00f3 a mi hijo con una piola del freno de una bicicleta en el cuello y amarrado al fierro de la cama; yo puedo dar fe de eso, porque tengo el escrito presentado al Juzgado ayer (por el jueves). En el juzgado retaron pr\u00e1cticamente a las profesionales porque no avisaron en la misma noche al tel\u00e9fono de turno del juzgado, y ellas dijeron que primero iban a hablar con la magistrado, que va a inspeccionar el hogar, entonces el magistrado le dijo que no era as\u00ed, que ellos por ese caso tan grave como es intento de suicidio -porque eso fue lo que hizo mi hijo, intent\u00f3 suicidarse-, debieran haber avisado, a parte no siguieron el protocolo, el protocolo es que debieran haber llevado al ni\u00f1o esa misma noche a constatarle lesiones al Hospital San Camilo, que a ellos no les queda lejos, y la excusa que me dieron era que no hab\u00eda quien lo trasladara, que esa noche no hab\u00edan profesionales, \u00bfy por qu\u00e9 no me llamaron a m\u00ed por tel\u00e9fono?, por \u00faltimo haber ido a primera hora a verlo y yo misma haberlo llevado a constatarle lesiones, no hicieron nada de eso\u00bb, dijo la mujer.<br \/>\nEn el juicio llevado a cabo en el Tribunal de Familia, seg\u00fan cuenta la madre, se habr\u00eda dictaminado que su hijo debe estar por 90 d\u00edas en una cl\u00ednica en Santiago para tratarse, \u00absin embargo ellas gestionaron para que el ni\u00f1o se fuera a Valpara\u00edso, y no hicieron lo que este jueves se dictamin\u00f3 en el Juzgado de Familia de San Felipe\u00bb, sostuvo. En definitiva, lo que pide la madre es que a su hijo se le trate con respeto, dejando en claro que era una madre presente.<br \/>\nAparte de este hijo, ella tiene otros dos, de los cuales tambi\u00e9n debe preocuparse, por eso pide que tengan conciencia con ella, porque cuando sucedi\u00f3 lo relatado anteriormente la llamaron para que fuera a verlo: \u00abYo lo iba a ir a ver, pero la directora, la se\u00f1ora Evelyn, me dijo que yo no pod\u00eda ver a Tom\u00e1s, y que iban a ser un pre-egreso, o sea, que el ni\u00f1o se viniera conmigo, entonces fue tan grave lo que sucedi\u00f3 con (su hijo), que el ni\u00f1o va a ser internado en Valpara\u00edso, siendo que hab\u00eda quedado ordenado por el Magistrado que el ni\u00f1o deb\u00eda quedarse en una cl\u00ednica en Santiago y que los gastos los iba a pagar Sename, y hasta el momento no han hecho nada, ahora (su hijo) est\u00e1 internado en el San Camilo, desde donde debe ser ingresado en Valpara\u00edso\u00bb, situaci\u00f3n que no ha ocurrido, seg\u00fan lo informado por la madre.<br \/>\nSe\u00f1alar que al momento de llamar al Hogar, nos dijeron que la directora se encontraba en reuni\u00f3n con Sename.<\/p>\n","protected":false},"excerpt":{"rendered":"<p>Supuestamente ocurrido en el Hogar Paulo VI de San Felipe: Una madre denuncia que su hijo de 9 a\u00f1os intent\u00f3 suicidarse con una piola de bicicleta en el Hogar de Menores Pablo&#8230;<\/p>\n","protected":false},"author":1,"featured_media":81289,"comment_status":"open","ping_status":"open","sticky":false,"template":"","format":"standard","meta":{"advanced_seo_description":"","jetpack_seo_html_title":"","jetpack_seo_noindex":false,"_jetpack_memberships_contains_paid_content":false,"footnotes":""},"categories":[15],"tags":[],"class_list":["post-81288","post","type-post","status-publish","format-standard","has-post-thumbnail","hentry","category-comunidad"],"jetpack_featured_media_url":"https:\/\/i0.wp.com\/eltrabajo.cl\/portal\/wp-content\/uploads\/2017\/08\/Karen-Marlene-Cuevas-Sandoval.jpg?fit=580%2C349&ssl=1","jetpack_sharing_enabled":true,"jetpack_likes_enabled":true,"jetpack-related-posts":[],"_links":{"self":[{"href":"https:\/\/eltrabajo.cl\/portal\/wp-json\/wp\/v2\/posts\/81288","targetHints":{"allow":["GET"]}}],"collection":[{"href":"https:\/\/eltrabajo.cl\/portal\/wp-json\/wp\/v2\/posts"}],"about":[{"href":"https:\/\/eltrabajo.cl\/portal\/wp-json\/wp\/v2\/types\/post"}],"author":[{"embeddable":true,"href":"https:\/\/eltrabajo.cl\/portal\/wp-json\/wp\/v2\/users\/1"}],"replies":[{"embeddable":true,"href":"https:\/\/eltrabajo.cl\/portal\/wp-json\/wp\/v2\/comments?post=81288"}],"version-history":[{"count":0,"href":"https:\/\/eltrabajo.cl\/portal\/wp-json\/wp\/v2\/posts\/81288\/revisions"}],"wp:featuredmedia":[{"embeddable":true,"href":"https:\/\/eltrabajo.cl\/portal\/wp-json\/wp\/v2\/media\/81289"}],"wp:attachment":[{"href":"https:\/\/eltrabajo.cl\/portal\/wp-json\/wp\/v2\/media?parent=81288"}],"wp:term":[{"taxonomy":"category","embeddable":true,"href":"https:\/\/eltrabajo.cl\/portal\/wp-json\/wp\/v2\/categories?post=81288"},{"taxonomy":"post_tag","embeddable":true,"href":"https:\/\/eltrabajo.cl\/portal\/wp-json\/wp\/v2\/tags?post=81288"}],"curies":[{"name":"wp","href":"https:\/\/api.w.org\/{rel}","templated":true}]}}