{"id":81294,"date":"2017-08-30T05:00:26","date_gmt":"2017-08-30T09:00:26","guid":{"rendered":"http:\/\/www.eltrabajo.cl\/2017\/?p=81294"},"modified":"2017-08-30T05:00:26","modified_gmt":"2017-08-30T09:00:26","slug":"dialogo-ciudadano-para-buscar-soluciones-a-la-inseguridad-y-delincuencia","status":"publish","type":"post","link":"https:\/\/eltrabajo.cl\/portal\/dialogo-ciudadano-para-buscar-soluciones-a-la-inseguridad-y-delincuencia\/","title":{"rendered":"Di\u00e1logo ciudadano para buscar soluciones a la inseguridad y delincuencia"},"content":{"rendered":"<figure id=\"attachment_81295\" aria-describedby=\"caption-attachment-81295\" style=\"width: 580px\" class=\"wp-caption alignnone\"><img data-recalc-dims=\"1\" loading=\"lazy\" decoding=\"async\" class=\"size-full wp-image-81295\" src=\"https:\/\/i0.wp.com\/www.eltrabajo.cl\/2017\/wp-content\/uploads\/2017\/08\/Seguridad_Juan-Fernandez.jpg?resize=580%2C349\" alt=\"Presidente de los Delegados Barriales de Seguridad, Juan Fern\u00e1ndez Gallardo.\" width=\"580\" height=\"349\" srcset=\"https:\/\/i0.wp.com\/eltrabajo.cl\/portal\/wp-content\/uploads\/2017\/08\/Seguridad_Juan-Fernandez.jpg?w=580&amp;ssl=1 580w, https:\/\/i0.wp.com\/eltrabajo.cl\/portal\/wp-content\/uploads\/2017\/08\/Seguridad_Juan-Fernandez.jpg?resize=200%2C120&amp;ssl=1 200w, https:\/\/i0.wp.com\/eltrabajo.cl\/portal\/wp-content\/uploads\/2017\/08\/Seguridad_Juan-Fernandez.jpg?resize=300%2C181&amp;ssl=1 300w, https:\/\/i0.wp.com\/eltrabajo.cl\/portal\/wp-content\/uploads\/2017\/08\/Seguridad_Juan-Fernandez.jpg?resize=249%2C150&amp;ssl=1 249w, https:\/\/i0.wp.com\/eltrabajo.cl\/portal\/wp-content\/uploads\/2017\/08\/Seguridad_Juan-Fernandez.jpg?resize=400%2C241&amp;ssl=1 400w\" sizes=\"auto, (max-width: 580px) 100vw, 580px\" \/><figcaption id=\"caption-attachment-81295\" class=\"wp-caption-text\">Presidente de los Delegados Barriales de Seguridad, Juan Fern\u00e1ndez Gallardo.<\/figcaption><\/figure>\n<ul>\n<li><span style=\"color: #ff0000;\"><strong>Ma\u00f1ana jueves a las 16:00 horas en el sal\u00f3n de honor del Municipio:<\/strong><\/span><\/li>\n<\/ul>\n<p>Luego que la ola de robos que se vive en San Felipe llegara al punto de arrinconar a los comerciantes de nuestra comuna por el camino de la violencia en busca de intentar recuperar los productos que los delincuentes roban en sus locales, y luego tambi\u00e9n de ver c\u00f3mo los hampones ingresan a la Fiscal\u00eda por una puerta y salen por otra minutos despu\u00e9s, un grupo de personas, quienes conforman el Consejo Comunal de Seguridad P\u00fablica, sali\u00f3 al paso para invitar a la comunidad a poner en la palestra estos temas en busca de soluciones que frenen la delincuencia y los robos.<\/p>\n<p><span style=\"color: #ff0000;\"><strong>LA PROPUESTA<\/strong><\/span><br \/>\nDiario El Trabajo habl\u00f3 ayer con el presidente de los Delegados Barriales de Seguridad, Juan Fern\u00e1ndez Gallardo, quien pidi\u00f3 a nuestro medio informar sobre esta convocatoria.<br \/>\n\u00abQueremos invitar a los lectores de Diario El Trabajo y a todos los sanfelipe\u00f1os en general, para que participen en una conferencia que este jueves 31 de agosto a las 16:00 horas se realizar\u00e1 en el sal\u00f3n de honor del Municipio. El tema a tratar tiene que ver con el Plan de Seguridad Comunal (\u2026) aqu\u00ed lo que trataremos es el tema de los desaf\u00edos del tema de Seguridad, el conferencista es el se\u00f1or Patricio Tudela Poblete, director de An\u00e1lisis y Estudio de Fundaci\u00f3n Paz Ciudadana, el objetivo es que a nivel local podamos discutir el tema de inseguridad\u00bb, indic\u00f3 Fern\u00e1ndez.<br \/>\nCuando le consultamos a este dirigente por los continuos robos al comercio y vecinos en nuestra comuna, y puntualmente por el ocurrido el s\u00e1bado a los comerciantes chinos, Fern\u00e1ndez respondi\u00f3 que \u00abeste caso que usted menciona no es habitual en San Felipe, es m\u00e1s parecido a las situaciones en ciudades como Santiago o Valpara\u00edso, tenemos en frente un gran desaf\u00edo en este tema que nos afecta, todos los sanfelipe\u00f1os tenemos que aportar de manera positiva para hallar soluciones al tema de la delincuencia, las autoridades de la comuna ya est\u00e1n invitadas, Poder Judicial, Carabineros y dem\u00e1s instituciones\u00bb.<br \/>\nEste Comit\u00e9 est\u00e1 integrado por las siguientes instituciones: Asociaci\u00f3n de Empresarios Nocturnos de Aconcagua, Uni\u00f3n Comunal de Juntas de Vecinos, C\u00e1mara de Comercio San Felipe, Consejo de Pastores de San Felipe, Consejo Consultivo de Infancia, Liga Deportiva San Felipe de Aconcagua, Gobernaci\u00f3n Provincial San Felipe de Aconcagua, Carabineros, PDI, Concejales del Honorable Concejo Municipal de San Felipe, Ministerio P\u00fablico, Direcci\u00f3n de Administraci\u00f3n de Educaci\u00f3n Municipal, Direcci\u00f3n de Salud Municipal, Obispado de San Felipe y Delegados Barriales de Seguridad.<br \/>\n<strong>Roberto Gonz\u00e1lez Short<\/strong><\/p>\n<figure id=\"attachment_81296\" aria-describedby=\"caption-attachment-81296\" style=\"width: 580px\" class=\"wp-caption alignnone\"><img data-recalc-dims=\"1\" loading=\"lazy\" decoding=\"async\" class=\"size-full wp-image-81296\" src=\"https:\/\/i0.wp.com\/www.eltrabajo.cl\/2017\/wp-content\/uploads\/2017\/08\/Seguridad1.jpg?resize=580%2C349\" alt=\"El ambiente que se genera cada vez que hay robos en nuestra ciudad, es de violencia, frustraci\u00f3n e impotencia de las v\u00edctimas, como ocurri\u00f3 el s\u00e1bado frente a Tienda La Giralda. (Archivo)\" width=\"580\" height=\"349\" srcset=\"https:\/\/i0.wp.com\/eltrabajo.cl\/portal\/wp-content\/uploads\/2017\/08\/Seguridad1.jpg?w=580&amp;ssl=1 580w, https:\/\/i0.wp.com\/eltrabajo.cl\/portal\/wp-content\/uploads\/2017\/08\/Seguridad1.jpg?resize=200%2C120&amp;ssl=1 200w, https:\/\/i0.wp.com\/eltrabajo.cl\/portal\/wp-content\/uploads\/2017\/08\/Seguridad1.jpg?resize=300%2C181&amp;ssl=1 300w, https:\/\/i0.wp.com\/eltrabajo.cl\/portal\/wp-content\/uploads\/2017\/08\/Seguridad1.jpg?resize=249%2C150&amp;ssl=1 249w, https:\/\/i0.wp.com\/eltrabajo.cl\/portal\/wp-content\/uploads\/2017\/08\/Seguridad1.jpg?resize=400%2C241&amp;ssl=1 400w\" sizes=\"auto, (max-width: 580px) 100vw, 580px\" \/><figcaption id=\"caption-attachment-81296\" class=\"wp-caption-text\">El ambiente que se genera cada vez que hay robos en nuestra ciudad, es de violencia, frustraci\u00f3n e impotencia de las v\u00edctimas, como ocurri\u00f3 el s\u00e1bado frente a Tienda La Giralda. (Archivo)<\/figcaption><\/figure>\n","protected":false},"excerpt":{"rendered":"<p>Ma\u00f1ana jueves a las 16:00 horas en el sal\u00f3n de honor del Municipio: Luego que la ola de robos que se vive en San Felipe llegara al punto de arrinconar a los&#8230;<\/p>\n","protected":false},"author":1,"featured_media":81296,"comment_status":"open","ping_status":"open","sticky":false,"template":"","format":"standard","meta":{"advanced_seo_description":"","jetpack_seo_html_title":"","jetpack_seo_noindex":false,"_jetpack_memberships_contains_paid_content":false,"footnotes":""},"categories":[15],"tags":[],"class_list":["post-81294","post","type-post","status-publish","format-standard","has-post-thumbnail","hentry","category-comunidad"],"jetpack_featured_media_url":"https:\/\/i0.wp.com\/eltrabajo.cl\/portal\/wp-content\/uploads\/2017\/08\/Seguridad1.jpg?fit=580%2C349&ssl=1","jetpack_sharing_enabled":true,"jetpack_likes_enabled":true,"jetpack-related-posts":[],"_links":{"self":[{"href":"https:\/\/eltrabajo.cl\/portal\/wp-json\/wp\/v2\/posts\/81294","targetHints":{"allow":["GET"]}}],"collection":[{"href":"https:\/\/eltrabajo.cl\/portal\/wp-json\/wp\/v2\/posts"}],"about":[{"href":"https:\/\/eltrabajo.cl\/portal\/wp-json\/wp\/v2\/types\/post"}],"author":[{"embeddable":true,"href":"https:\/\/eltrabajo.cl\/portal\/wp-json\/wp\/v2\/users\/1"}],"replies":[{"embeddable":true,"href":"https:\/\/eltrabajo.cl\/portal\/wp-json\/wp\/v2\/comments?post=81294"}],"version-history":[{"count":0,"href":"https:\/\/eltrabajo.cl\/portal\/wp-json\/wp\/v2\/posts\/81294\/revisions"}],"wp:featuredmedia":[{"embeddable":true,"href":"https:\/\/eltrabajo.cl\/portal\/wp-json\/wp\/v2\/media\/81296"}],"wp:attachment":[{"href":"https:\/\/eltrabajo.cl\/portal\/wp-json\/wp\/v2\/media?parent=81294"}],"wp:term":[{"taxonomy":"category","embeddable":true,"href":"https:\/\/eltrabajo.cl\/portal\/wp-json\/wp\/v2\/categories?post=81294"},{"taxonomy":"post_tag","embeddable":true,"href":"https:\/\/eltrabajo.cl\/portal\/wp-json\/wp\/v2\/tags?post=81294"}],"curies":[{"name":"wp","href":"https:\/\/api.w.org\/{rel}","templated":true}]}}