{"id":81311,"date":"2017-08-30T05:04:14","date_gmt":"2017-08-30T09:04:14","guid":{"rendered":"http:\/\/www.eltrabajo.cl\/2017\/?p=81311"},"modified":"2017-08-30T05:04:14","modified_gmt":"2017-08-30T09:04:14","slug":"fiesta-bailable-a-beneficio-del-popular-chino-zuniga-en-el-negro-bueno","status":"publish","type":"post","link":"https:\/\/eltrabajo.cl\/portal\/fiesta-bailable-a-beneficio-del-popular-chino-zuniga-en-el-negro-bueno\/","title":{"rendered":"Fiesta bailable a beneficio del popular \u2018Chino\u2019 Z\u00fa\u00f1iga en El Negro Bueno"},"content":{"rendered":"<figure id=\"attachment_81312\" aria-describedby=\"caption-attachment-81312\" style=\"width: 580px\" class=\"wp-caption alignnone\"><img data-recalc-dims=\"1\" loading=\"lazy\" decoding=\"async\" class=\"size-full wp-image-81312\" src=\"https:\/\/i0.wp.com\/www.eltrabajo.cl\/2017\/wp-content\/uploads\/2017\/08\/juan-zu%C3%B1iga-los-celos-1.jpg?resize=580%2C349\" alt=\"FOTO DEL RECUERDO.- As\u00ed luc\u00eda el grupo musical \u2018Los Celos\u2019, cuando se presentaban en los distintos escenarios del Valle de Aconcagua.\" width=\"580\" height=\"349\" srcset=\"https:\/\/i0.wp.com\/eltrabajo.cl\/portal\/wp-content\/uploads\/2017\/08\/juan-zu%C3%B1iga-los-celos-1.jpg?w=580&amp;ssl=1 580w, https:\/\/i0.wp.com\/eltrabajo.cl\/portal\/wp-content\/uploads\/2017\/08\/juan-zu%C3%B1iga-los-celos-1.jpg?resize=200%2C120&amp;ssl=1 200w, https:\/\/i0.wp.com\/eltrabajo.cl\/portal\/wp-content\/uploads\/2017\/08\/juan-zu%C3%B1iga-los-celos-1.jpg?resize=300%2C181&amp;ssl=1 300w, https:\/\/i0.wp.com\/eltrabajo.cl\/portal\/wp-content\/uploads\/2017\/08\/juan-zu%C3%B1iga-los-celos-1.jpg?resize=249%2C150&amp;ssl=1 249w, https:\/\/i0.wp.com\/eltrabajo.cl\/portal\/wp-content\/uploads\/2017\/08\/juan-zu%C3%B1iga-los-celos-1.jpg?resize=400%2C241&amp;ssl=1 400w\" sizes=\"auto, (max-width: 580px) 100vw, 580px\" \/><figcaption id=\"caption-attachment-81312\" class=\"wp-caption-text\">FOTO DEL RECUERDO.- As\u00ed luc\u00eda el grupo musical \u2018Los Celos\u2019, cuando se presentaban en los distintos escenarios del Valle de Aconcagua.<\/figcaption><\/figure>\n<ul>\n<li><span style=\"color: #ff0000;\"><strong>Este viernes a partir de las 22:00 horas:<\/strong><\/span><\/li>\n<\/ul>\n<p>Quiz\u00e1s muchos lectores de Diario El Trabajo recuerden la alegr\u00eda y picard\u00eda que vivieron bailando los temas musicales que interpretaba el ya desaparecido grupo musical Los Celos, de San Felipe. Era don Juan Ram\u00f3n \u2018Chino\u2019 Z\u00fa\u00f1iga, por cierto, uno de los que le daba ese toque maestro a las actividades del conjunto.<br \/>\nSin embargo y para pesar de quienes le conocemos, hoy nuestro medio lamenta tener que informar que este querido sanfelipe\u00f1o est\u00e1 muy enfermo e internado en el Hospital San Camilo desde hace varios meses, en donde enfrenta una seria enfermedad, raz\u00f3n por la cual sus amigos est\u00e1n organizando una actividad bailable en El Negro Bueno, ubicado en Rinconada de Silva, este viernes a partir de las 22:00 horas.<br \/>\nSeg\u00fan lo informado por quienes organizan esta actividad, la entrada es a beneficio del \u2018Chino\u2019 Z\u00fa\u00f1iga, pues debe financiar muchos gastos para seguir adelante. Tambi\u00e9n habr\u00e1 muchas sorpresas y la participaci\u00f3n de otras agrupaciones del Valle de Aconcagua. La entrada vale $2.000.<br \/>\n<strong>Roberto Gonz\u00e1lez Short<\/strong><\/p>\n<figure id=\"attachment_81313\" aria-describedby=\"caption-attachment-81313\" style=\"width: 580px\" class=\"wp-caption alignnone\"><img data-recalc-dims=\"1\" loading=\"lazy\" decoding=\"async\" class=\"size-full wp-image-81313\" src=\"https:\/\/i0.wp.com\/www.eltrabajo.cl\/2017\/wp-content\/uploads\/2017\/08\/juan-zu%C3%B1iga-los-celos-2.jpg?resize=580%2C349\" alt=\"As\u00ed luc\u00eda tambi\u00e9n don Juan Ram\u00f3n \u2018Chino\u2019 Z\u00fa\u00f1iga, quien ahora necesita de nuestro apoyo.\" width=\"580\" height=\"349\" srcset=\"https:\/\/i0.wp.com\/eltrabajo.cl\/portal\/wp-content\/uploads\/2017\/08\/juan-zu%C3%B1iga-los-celos-2.jpg?w=580&amp;ssl=1 580w, https:\/\/i0.wp.com\/eltrabajo.cl\/portal\/wp-content\/uploads\/2017\/08\/juan-zu%C3%B1iga-los-celos-2.jpg?resize=200%2C120&amp;ssl=1 200w, https:\/\/i0.wp.com\/eltrabajo.cl\/portal\/wp-content\/uploads\/2017\/08\/juan-zu%C3%B1iga-los-celos-2.jpg?resize=300%2C181&amp;ssl=1 300w, https:\/\/i0.wp.com\/eltrabajo.cl\/portal\/wp-content\/uploads\/2017\/08\/juan-zu%C3%B1iga-los-celos-2.jpg?resize=249%2C150&amp;ssl=1 249w, https:\/\/i0.wp.com\/eltrabajo.cl\/portal\/wp-content\/uploads\/2017\/08\/juan-zu%C3%B1iga-los-celos-2.jpg?resize=400%2C241&amp;ssl=1 400w\" sizes=\"auto, (max-width: 580px) 100vw, 580px\" \/><figcaption id=\"caption-attachment-81313\" class=\"wp-caption-text\">As\u00ed luc\u00eda tambi\u00e9n don Juan Ram\u00f3n \u2018Chino\u2019 Z\u00fa\u00f1iga, quien ahora necesita de nuestro apoyo.<\/figcaption><\/figure>\n","protected":false},"excerpt":{"rendered":"<p>Este viernes a partir de las 22:00 horas: Quiz\u00e1s muchos lectores de Diario El Trabajo recuerden la alegr\u00eda y picard\u00eda que vivieron bailando los temas musicales que interpretaba el ya desaparecido grupo&#8230;<\/p>\n","protected":false},"author":1,"featured_media":81313,"comment_status":"open","ping_status":"open","sticky":false,"template":"","format":"standard","meta":{"advanced_seo_description":"","jetpack_seo_html_title":"","jetpack_seo_noindex":false,"_jetpack_memberships_contains_paid_content":false,"footnotes":""},"categories":[15],"tags":[],"class_list":["post-81311","post","type-post","status-publish","format-standard","has-post-thumbnail","hentry","category-comunidad"],"jetpack_featured_media_url":"https:\/\/i0.wp.com\/eltrabajo.cl\/portal\/wp-content\/uploads\/2017\/08\/juan-zu%C3%B1iga-los-celos-2.jpg?fit=580%2C349&ssl=1","jetpack_sharing_enabled":true,"jetpack_likes_enabled":true,"jetpack-related-posts":[],"_links":{"self":[{"href":"https:\/\/eltrabajo.cl\/portal\/wp-json\/wp\/v2\/posts\/81311","targetHints":{"allow":["GET"]}}],"collection":[{"href":"https:\/\/eltrabajo.cl\/portal\/wp-json\/wp\/v2\/posts"}],"about":[{"href":"https:\/\/eltrabajo.cl\/portal\/wp-json\/wp\/v2\/types\/post"}],"author":[{"embeddable":true,"href":"https:\/\/eltrabajo.cl\/portal\/wp-json\/wp\/v2\/users\/1"}],"replies":[{"embeddable":true,"href":"https:\/\/eltrabajo.cl\/portal\/wp-json\/wp\/v2\/comments?post=81311"}],"version-history":[{"count":0,"href":"https:\/\/eltrabajo.cl\/portal\/wp-json\/wp\/v2\/posts\/81311\/revisions"}],"wp:featuredmedia":[{"embeddable":true,"href":"https:\/\/eltrabajo.cl\/portal\/wp-json\/wp\/v2\/media\/81313"}],"wp:attachment":[{"href":"https:\/\/eltrabajo.cl\/portal\/wp-json\/wp\/v2\/media?parent=81311"}],"wp:term":[{"taxonomy":"category","embeddable":true,"href":"https:\/\/eltrabajo.cl\/portal\/wp-json\/wp\/v2\/categories?post=81311"},{"taxonomy":"post_tag","embeddable":true,"href":"https:\/\/eltrabajo.cl\/portal\/wp-json\/wp\/v2\/tags?post=81311"}],"curies":[{"name":"wp","href":"https:\/\/api.w.org\/{rel}","templated":true}]}}