{"id":81319,"date":"2017-08-30T05:06:45","date_gmt":"2017-08-30T09:06:45","guid":{"rendered":"http:\/\/www.eltrabajo.cl\/2017\/?p=81319"},"modified":"2017-08-30T05:06:45","modified_gmt":"2017-08-30T09:06:45","slug":"sistema-informatico-de-la-municipalidad-en-el-suelo-por-supuesto-virus","status":"publish","type":"post","link":"https:\/\/eltrabajo.cl\/portal\/sistema-informatico-de-la-municipalidad-en-el-suelo-por-supuesto-virus\/","title":{"rendered":"Sistema inform\u00e1tico de la Municipalidad \u2018en el suelo\u2019 por supuesto virus"},"content":{"rendered":"<figure id=\"attachment_81321\" aria-describedby=\"caption-attachment-81321\" style=\"width: 580px\" class=\"wp-caption alignnone\"><img data-recalc-dims=\"1\" loading=\"lazy\" decoding=\"async\" class=\"size-full wp-image-81321\" src=\"https:\/\/i0.wp.com\/www.eltrabajo.cl\/2017\/wp-content\/uploads\/2017\/08\/Pastor_Jorge-Jara.jpg?resize=580%2C349\" alt=\"Jorge Jara Catal\u00e1n, Director Jur\u00eddico de la Municipalidad.\" width=\"580\" height=\"349\" srcset=\"https:\/\/i0.wp.com\/eltrabajo.cl\/portal\/wp-content\/uploads\/2017\/08\/Pastor_Jorge-Jara.jpg?w=580&amp;ssl=1 580w, https:\/\/i0.wp.com\/eltrabajo.cl\/portal\/wp-content\/uploads\/2017\/08\/Pastor_Jorge-Jara.jpg?resize=200%2C120&amp;ssl=1 200w, https:\/\/i0.wp.com\/eltrabajo.cl\/portal\/wp-content\/uploads\/2017\/08\/Pastor_Jorge-Jara.jpg?resize=300%2C181&amp;ssl=1 300w, https:\/\/i0.wp.com\/eltrabajo.cl\/portal\/wp-content\/uploads\/2017\/08\/Pastor_Jorge-Jara.jpg?resize=249%2C150&amp;ssl=1 249w, https:\/\/i0.wp.com\/eltrabajo.cl\/portal\/wp-content\/uploads\/2017\/08\/Pastor_Jorge-Jara.jpg?resize=400%2C241&amp;ssl=1 400w\" sizes=\"auto, (max-width: 580px) 100vw, 580px\" \/><figcaption id=\"caption-attachment-81321\" class=\"wp-caption-text\">Jorge Jara Catal\u00e1n, Director Jur\u00eddico de la Municipalidad.<\/figcaption><\/figure>\n<ul>\n<li><strong><span style=\"color: #ff0000;\">Antecedentes fueron puestos a disposici\u00f3n de la PDI:<\/span>\u00a0P\u00fablico no ha podido ser atendido debido al percance que tambi\u00e9n pudo ser originado por la acci\u00f3n de un hacker.<\/strong><\/li>\n<\/ul>\n<p>Un problema a\u00fan no determinado, pero que obedecer\u00eda a la acci\u00f3n de un virus inform\u00e1tico o incluso la probable actividad de un hacker, habr\u00edan causado que desde este lunes en la ma\u00f1ana, todo el sistema computacional de la municipalidad de San Felipe est\u00e9 inutilizable, teniendo como consecuencia no poder entregar los servicios correspondientes a la comunidad.<br \/>\nAs\u00ed lo confirm\u00f3 el Director Jur\u00eddico de la Municipalidad, Jorge Jara Catal\u00e1n, quien dijo que este lunes en la ma\u00f1ana los profesionales que est\u00e1n a cargo de los equipos y los propios funcionarios se dieron cuenta de la falta de servicio por la presencia de un virus en el sistema inform\u00e1tico, lo que ha dificultado la correcta y permanente gesti\u00f3n de la municipalidad en sus distintos \u00e1mbitos.<br \/>\n\u00abPor la complejidad del tema obviamente se hicieron las denuncias respectivas en la PDI, ahora estuvimos viendo el problema en la Contralor\u00eda Regional, y ya hemos tomado las providencias del caso, contratando una empresa para que se haga cargo de la materia, examine los antecedentes, nos libere de los que corresponda y podamos normalizar a la brevedad los sistemas operacionales que la municipalidad debe tener a disposici\u00f3n de los usuarios, de los vecinos para el normal y permanente funcionamiento de todos sus programas\u00bb, dijo Jara.<br \/>\nEnfatiz\u00f3 que es un poco prematuro hablar sobre el origen de la situaci\u00f3n, porque como se dijo ya hicieron la denuncia en la PDI y ser\u00e1n ellos los organismos competentes los que definan supuestas o eventuales responsabilidades.<br \/>\n<strong>&#8211; \u00bfPero se est\u00e1 frente a un hackeo o virus?<\/strong><br \/>\n&#8211; Por ahora es aventurado emitir un juicio m\u00e1s categ\u00f3rico, nosotros somos prudentes en esta materia, no nos gusta hacer calificaciones demasiado apresuradas, hay que esperar los antecedentes de la investigaci\u00f3n que est\u00e1n desarrollando los organismos competentes y en su minuto haremos una evaluaci\u00f3n, por ahora la preocupaci\u00f3n de la municipalidad apunta en la direcci\u00f3n a tener la normalizaci\u00f3n a la brevedad posible de todos nuestros programas y de esa manera minimizar los factores de riesgo, peligro o da\u00f1os que ya se han provocado, pero hubo problemas para la recepci\u00f3n de pagos y ma\u00f1ana tenemos que abordar de nuestros docentes, hay una serie de gestiones que son urgentes que demandan la preocupaci\u00f3n de la municipalidad.<br \/>\n<strong>&#8211; \u00bfHay informaci\u00f3n que se perdi\u00f3 con este problema, hay respaldo?<\/strong><br \/>\n&#8211; Esa es parte de la evaluaci\u00f3n final que digamos. Por ahora, todo lo que es remuneraciones, sistema Siaper, que es un programa que tenemos con la Contralor\u00eda; todo lo que es contabilidad est\u00e1 totalmente salvado porque todos los organismos p\u00fablicos, las municipalidades, tenemos que tener informado a la Contralor\u00eda General de la Rep\u00fablica a trav\u00e9s de sus direcciones regionales de estos sistemas, de manera tal que mucha de la informaci\u00f3n que hoy est\u00e1 complejizada, est\u00e1 respaldada en instituciones de terceros, como en este caso la Contralor\u00eda. Probablemente va a haber alguna informaci\u00f3n que no podamos reconstituir, no sabemos todav\u00eda, vamos a tener que esperar la evaluaci\u00f3n final porque como le digo, ya contratamos una empresa especializada que viene de la ciudad de Santiago, hay funcionarios nuestros inform\u00e1ticos que est\u00e1n llevando los antecedentes presenciales para iniciar un proceso de recuperaci\u00f3n.<\/p>\n<figure id=\"attachment_81320\" aria-describedby=\"caption-attachment-81320\" style=\"width: 580px\" class=\"wp-caption alignnone\"><img data-recalc-dims=\"1\" loading=\"lazy\" decoding=\"async\" class=\"size-full wp-image-81320\" src=\"https:\/\/i0.wp.com\/www.eltrabajo.cl\/2017\/wp-content\/uploads\/2017\/08\/municipalidad-de-san-felipe1.jpg?resize=580%2C349\" alt=\"La Municipalidad de San Felipe se encuentra de momento sin poder atender p\u00fablico.\" width=\"580\" height=\"349\" srcset=\"https:\/\/i0.wp.com\/eltrabajo.cl\/portal\/wp-content\/uploads\/2017\/08\/municipalidad-de-san-felipe1.jpg?w=580&amp;ssl=1 580w, https:\/\/i0.wp.com\/eltrabajo.cl\/portal\/wp-content\/uploads\/2017\/08\/municipalidad-de-san-felipe1.jpg?resize=200%2C120&amp;ssl=1 200w, https:\/\/i0.wp.com\/eltrabajo.cl\/portal\/wp-content\/uploads\/2017\/08\/municipalidad-de-san-felipe1.jpg?resize=300%2C181&amp;ssl=1 300w, https:\/\/i0.wp.com\/eltrabajo.cl\/portal\/wp-content\/uploads\/2017\/08\/municipalidad-de-san-felipe1.jpg?resize=249%2C150&amp;ssl=1 249w, https:\/\/i0.wp.com\/eltrabajo.cl\/portal\/wp-content\/uploads\/2017\/08\/municipalidad-de-san-felipe1.jpg?resize=400%2C241&amp;ssl=1 400w\" sizes=\"auto, (max-width: 580px) 100vw, 580px\" \/><figcaption id=\"caption-attachment-81320\" class=\"wp-caption-text\">La Municipalidad de San Felipe se encuentra de momento sin poder atender p\u00fablico.<\/figcaption><\/figure>\n","protected":false},"excerpt":{"rendered":"<p>Antecedentes fueron puestos a disposici\u00f3n de la PDI:\u00a0P\u00fablico no ha podido ser atendido debido al percance que tambi\u00e9n pudo ser originado por la acci\u00f3n de un hacker. Un problema a\u00fan no determinado,&#8230;<\/p>\n","protected":false},"author":1,"featured_media":81320,"comment_status":"open","ping_status":"open","sticky":false,"template":"","format":"standard","meta":{"advanced_seo_description":"","jetpack_seo_html_title":"","jetpack_seo_noindex":false,"_jetpack_memberships_contains_paid_content":false,"footnotes":""},"categories":[1],"tags":[],"class_list":["post-81319","post","type-post","status-publish","format-standard","has-post-thumbnail","hentry","category-cronica"],"jetpack_featured_media_url":"https:\/\/i0.wp.com\/eltrabajo.cl\/portal\/wp-content\/uploads\/2017\/08\/municipalidad-de-san-felipe1.jpg?fit=580%2C349&ssl=1","jetpack_sharing_enabled":true,"jetpack_likes_enabled":true,"jetpack-related-posts":[],"_links":{"self":[{"href":"https:\/\/eltrabajo.cl\/portal\/wp-json\/wp\/v2\/posts\/81319","targetHints":{"allow":["GET"]}}],"collection":[{"href":"https:\/\/eltrabajo.cl\/portal\/wp-json\/wp\/v2\/posts"}],"about":[{"href":"https:\/\/eltrabajo.cl\/portal\/wp-json\/wp\/v2\/types\/post"}],"author":[{"embeddable":true,"href":"https:\/\/eltrabajo.cl\/portal\/wp-json\/wp\/v2\/users\/1"}],"replies":[{"embeddable":true,"href":"https:\/\/eltrabajo.cl\/portal\/wp-json\/wp\/v2\/comments?post=81319"}],"version-history":[{"count":0,"href":"https:\/\/eltrabajo.cl\/portal\/wp-json\/wp\/v2\/posts\/81319\/revisions"}],"wp:featuredmedia":[{"embeddable":true,"href":"https:\/\/eltrabajo.cl\/portal\/wp-json\/wp\/v2\/media\/81320"}],"wp:attachment":[{"href":"https:\/\/eltrabajo.cl\/portal\/wp-json\/wp\/v2\/media?parent=81319"}],"wp:term":[{"taxonomy":"category","embeddable":true,"href":"https:\/\/eltrabajo.cl\/portal\/wp-json\/wp\/v2\/categories?post=81319"},{"taxonomy":"post_tag","embeddable":true,"href":"https:\/\/eltrabajo.cl\/portal\/wp-json\/wp\/v2\/tags?post=81319"}],"curies":[{"name":"wp","href":"https:\/\/api.w.org\/{rel}","templated":true}]}}