{"id":81339,"date":"2017-08-31T05:04:38","date_gmt":"2017-08-31T09:04:38","guid":{"rendered":"http:\/\/www.eltrabajo.cl\/2017\/?p=81339"},"modified":"2017-08-31T05:04:38","modified_gmt":"2017-08-31T09:04:38","slug":"hoy-se-disputa-tercera-version-copa-de-ajedrez-diario-el-trabajo-2017","status":"publish","type":"post","link":"https:\/\/eltrabajo.cl\/portal\/hoy-se-disputa-tercera-version-copa-de-ajedrez-diario-el-trabajo-2017\/","title":{"rendered":"Hoy se disputa tercera versi\u00f3n Copa de Ajedrez Diario El Trabajo 2017"},"content":{"rendered":"<figure id=\"attachment_81342\" aria-describedby=\"caption-attachment-81342\" style=\"width: 580px\" class=\"wp-caption alignnone\"><img data-recalc-dims=\"1\" loading=\"lazy\" decoding=\"async\" class=\"size-full wp-image-81342\" src=\"https:\/\/i0.wp.com\/www.eltrabajo.cl\/2017\/wp-content\/uploads\/2017\/08\/Copa1.jpg?resize=580%2C350\" alt=\"LA TERCERA COPA.- Los ni\u00f1os de la Escuela Jos\u00e9 de San Mart\u00edn est\u00e1n como locos de alegr\u00eda de cara a este tercer campeonato interescolar de ajedrez. \" width=\"580\" height=\"350\" srcset=\"https:\/\/i0.wp.com\/eltrabajo.cl\/portal\/wp-content\/uploads\/2017\/08\/Copa1.jpg?w=580&amp;ssl=1 580w, https:\/\/i0.wp.com\/eltrabajo.cl\/portal\/wp-content\/uploads\/2017\/08\/Copa1.jpg?resize=200%2C121&amp;ssl=1 200w, https:\/\/i0.wp.com\/eltrabajo.cl\/portal\/wp-content\/uploads\/2017\/08\/Copa1.jpg?resize=300%2C181&amp;ssl=1 300w, https:\/\/i0.wp.com\/eltrabajo.cl\/portal\/wp-content\/uploads\/2017\/08\/Copa1.jpg?resize=249%2C150&amp;ssl=1 249w, https:\/\/i0.wp.com\/eltrabajo.cl\/portal\/wp-content\/uploads\/2017\/08\/Copa1.jpg?resize=400%2C241&amp;ssl=1 400w\" sizes=\"auto, (max-width: 580px) 100vw, 580px\" \/><figcaption id=\"caption-attachment-81342\" class=\"wp-caption-text\">LA TERCERA COPA.- Los ni\u00f1os de la Escuela Jos\u00e9 de San Mart\u00edn est\u00e1n como locos de alegr\u00eda de cara a este tercer campeonato interescolar de ajedrez.<\/figcaption><\/figure>\n<ul>\n<li><span style=\"color: #ff0000;\"><strong>En las salas de la Escuela Jos\u00e9 de San Mart\u00edn a las 14:30:<\/strong><\/span><\/li>\n<\/ul>\n<p>Hoy jueves a partir de las 14:30 horas, en los salones de la Escuela Jos\u00e9 de San Mart\u00edn, se estar\u00e1 desarrollando la III Copa de Ajedrez Diario El Trabajo 2017. En esta oportunidad se disputar\u00e1n los premios ni\u00f1os de 6 a 9; 10 a 12; 13 a 14 y 15 a 18 a\u00f1os de edad.<br \/>\n\u00abPara nuestra escuela es un honor el poder desarrollar nuevamente este torneo de ajedrez interescolar, es un evento muy esperado por los ni\u00f1os desde que regresan de vacaciones de invierno, el torneo lleva el nombre Diario El Trabajo en virtud de la gratitud que en la escuela queremos expresar por todo el apoyo que este medio de comunicaci\u00f3n nos brinda desde hace tantos a\u00f1os. Son 60 ni\u00f1os los que dar\u00e1n vida y alegr\u00eda al torneo, estar\u00e1n participando chicos del Liceo Mixto de San Felipe; Escuela Vedruna; Liceo Roberto Humeres y el Instituto Marista, de Los Andes\u00bb, inform\u00f3 a nuestro medio el desarrollador del torneo y profesor de ajedrez de la Escuela Jos\u00e9 de San Mart\u00edn, Guillermo Quijanes.<br \/>\nEsta actividad se viene realizando en esa casa estudiantil desde 2015 con el apoyo de la directora de la escuela, Ximena Baquedano, quien a su vez coment\u00f3 que \u00abpara nuestra escuela es muy gratificante poder impulsar esta clase de iniciativas deportivas, porque los ni\u00f1os no solamente logran mejorar su juego y capacidad de concentraci\u00f3n, sino que tambi\u00e9n son estimulados a competir sanamente en un ambiente amigable con estudiantes de otros colegios\u00bb, dijo Baquedano. Es importante recordar a nuestros lectores que en 2015 la Copa Diario El Trabajo la gan\u00f3 la ni\u00f1a Lisbeth Raymonson, y en 2016 el ganador del torneo result\u00f3 ser Arturo Avenda\u00f1o, ambos de la Escuela Jos\u00e9 de San Mart\u00edn. \u00bfQui\u00e9n la ganar\u00e1 hoy?<br \/>\n<strong>Roberto Gonz\u00e1lez Short<\/strong><\/p>\n<figure id=\"attachment_81340\" aria-describedby=\"caption-attachment-81340\" style=\"width: 580px\" class=\"wp-caption alignnone\"><img data-recalc-dims=\"1\" loading=\"lazy\" decoding=\"async\" class=\"size-full wp-image-81340\" src=\"https:\/\/i0.wp.com\/www.eltrabajo.cl\/2017\/wp-content\/uploads\/2017\/08\/Copa_Guillermo-Quijanes.jpg?resize=580%2C348\" alt=\"Desarrollador del torneo y profesor de ajedrez de la Escuela Jos\u00e9 de San Mart\u00edn, Guillermo Quijanes.\" width=\"580\" height=\"348\" srcset=\"https:\/\/i0.wp.com\/eltrabajo.cl\/portal\/wp-content\/uploads\/2017\/08\/Copa_Guillermo-Quijanes.jpg?w=580&amp;ssl=1 580w, https:\/\/i0.wp.com\/eltrabajo.cl\/portal\/wp-content\/uploads\/2017\/08\/Copa_Guillermo-Quijanes.jpg?resize=200%2C120&amp;ssl=1 200w, https:\/\/i0.wp.com\/eltrabajo.cl\/portal\/wp-content\/uploads\/2017\/08\/Copa_Guillermo-Quijanes.jpg?resize=300%2C180&amp;ssl=1 300w, https:\/\/i0.wp.com\/eltrabajo.cl\/portal\/wp-content\/uploads\/2017\/08\/Copa_Guillermo-Quijanes.jpg?resize=250%2C150&amp;ssl=1 250w, https:\/\/i0.wp.com\/eltrabajo.cl\/portal\/wp-content\/uploads\/2017\/08\/Copa_Guillermo-Quijanes.jpg?resize=400%2C240&amp;ssl=1 400w\" sizes=\"auto, (max-width: 580px) 100vw, 580px\" \/><figcaption id=\"caption-attachment-81340\" class=\"wp-caption-text\">Desarrollador del torneo y profesor de ajedrez de la Escuela Jos\u00e9 de San Mart\u00edn, Guillermo Quijanes.<\/figcaption><\/figure>\n<figure id=\"attachment_81341\" aria-describedby=\"caption-attachment-81341\" style=\"width: 580px\" class=\"wp-caption alignnone\"><img data-recalc-dims=\"1\" loading=\"lazy\" decoding=\"async\" class=\"size-full wp-image-81341\" src=\"https:\/\/i0.wp.com\/www.eltrabajo.cl\/2017\/wp-content\/uploads\/2017\/08\/Copa_Ximena-Baquedano.jpg?resize=580%2C348\" alt=\"Directora de la escuela, Ximena Baquedano.\" width=\"580\" height=\"348\" srcset=\"https:\/\/i0.wp.com\/eltrabajo.cl\/portal\/wp-content\/uploads\/2017\/08\/Copa_Ximena-Baquedano.jpg?w=580&amp;ssl=1 580w, https:\/\/i0.wp.com\/eltrabajo.cl\/portal\/wp-content\/uploads\/2017\/08\/Copa_Ximena-Baquedano.jpg?resize=200%2C120&amp;ssl=1 200w, https:\/\/i0.wp.com\/eltrabajo.cl\/portal\/wp-content\/uploads\/2017\/08\/Copa_Ximena-Baquedano.jpg?resize=300%2C180&amp;ssl=1 300w, https:\/\/i0.wp.com\/eltrabajo.cl\/portal\/wp-content\/uploads\/2017\/08\/Copa_Ximena-Baquedano.jpg?resize=250%2C150&amp;ssl=1 250w, https:\/\/i0.wp.com\/eltrabajo.cl\/portal\/wp-content\/uploads\/2017\/08\/Copa_Ximena-Baquedano.jpg?resize=400%2C240&amp;ssl=1 400w\" sizes=\"auto, (max-width: 580px) 100vw, 580px\" \/><figcaption id=\"caption-attachment-81341\" class=\"wp-caption-text\">Directora de la escuela, Ximena Baquedano.<\/figcaption><\/figure>\n<figure id=\"attachment_81343\" aria-describedby=\"caption-attachment-81343\" style=\"width: 580px\" class=\"wp-caption alignnone\"><img data-recalc-dims=\"1\" loading=\"lazy\" decoding=\"async\" class=\"size-full wp-image-81343\" src=\"https:\/\/i0.wp.com\/www.eltrabajo.cl\/2017\/wp-content\/uploads\/2017\/08\/Copa2.jpg?resize=580%2C348\" alt=\"HOY SE JUEGA.-  Durante todos estos meses los estudiantes que participar\u00e1n han estado entrenando duro. Son 60 ni\u00f1os los que dar\u00e1n vida y alegr\u00eda al torneo, estar\u00e1n participando chicos del Liceo Mixto de San Felipe; Escuela Vedruna; Liceo Roberto Humeres y el Instituto Marista, de Los Andes.\" width=\"580\" height=\"348\" srcset=\"https:\/\/i0.wp.com\/eltrabajo.cl\/portal\/wp-content\/uploads\/2017\/08\/Copa2.jpg?w=580&amp;ssl=1 580w, https:\/\/i0.wp.com\/eltrabajo.cl\/portal\/wp-content\/uploads\/2017\/08\/Copa2.jpg?resize=200%2C120&amp;ssl=1 200w, https:\/\/i0.wp.com\/eltrabajo.cl\/portal\/wp-content\/uploads\/2017\/08\/Copa2.jpg?resize=300%2C180&amp;ssl=1 300w, https:\/\/i0.wp.com\/eltrabajo.cl\/portal\/wp-content\/uploads\/2017\/08\/Copa2.jpg?resize=250%2C150&amp;ssl=1 250w, https:\/\/i0.wp.com\/eltrabajo.cl\/portal\/wp-content\/uploads\/2017\/08\/Copa2.jpg?resize=400%2C240&amp;ssl=1 400w\" sizes=\"auto, (max-width: 580px) 100vw, 580px\" \/><figcaption id=\"caption-attachment-81343\" class=\"wp-caption-text\">HOY SE JUEGA.- Durante todos estos meses los estudiantes que participar\u00e1n han estado entrenando duro. Son 60 ni\u00f1os los que dar\u00e1n vida y alegr\u00eda al torneo, estar\u00e1n participando chicos del Liceo Mixto de San Felipe; Escuela Vedruna; Liceo Roberto Humeres y el Instituto Marista, de Los Andes.<\/figcaption><\/figure>\n","protected":false},"excerpt":{"rendered":"<p>En las salas de la Escuela Jos\u00e9 de San Mart\u00edn a las 14:30: Hoy jueves a partir de las 14:30 horas, en los salones de la Escuela Jos\u00e9 de San Mart\u00edn, se&#8230;<\/p>\n","protected":false},"author":1,"featured_media":81342,"comment_status":"open","ping_status":"open","sticky":false,"template":"","format":"standard","meta":{"advanced_seo_description":"","jetpack_seo_html_title":"","jetpack_seo_noindex":false,"_jetpack_memberships_contains_paid_content":false,"footnotes":""},"categories":[15],"tags":[],"class_list":["post-81339","post","type-post","status-publish","format-standard","has-post-thumbnail","hentry","category-comunidad"],"jetpack_featured_media_url":"https:\/\/i0.wp.com\/eltrabajo.cl\/portal\/wp-content\/uploads\/2017\/08\/Copa1.jpg?fit=580%2C350&ssl=1","jetpack_sharing_enabled":true,"jetpack_likes_enabled":true,"jetpack-related-posts":[],"_links":{"self":[{"href":"https:\/\/eltrabajo.cl\/portal\/wp-json\/wp\/v2\/posts\/81339","targetHints":{"allow":["GET"]}}],"collection":[{"href":"https:\/\/eltrabajo.cl\/portal\/wp-json\/wp\/v2\/posts"}],"about":[{"href":"https:\/\/eltrabajo.cl\/portal\/wp-json\/wp\/v2\/types\/post"}],"author":[{"embeddable":true,"href":"https:\/\/eltrabajo.cl\/portal\/wp-json\/wp\/v2\/users\/1"}],"replies":[{"embeddable":true,"href":"https:\/\/eltrabajo.cl\/portal\/wp-json\/wp\/v2\/comments?post=81339"}],"version-history":[{"count":0,"href":"https:\/\/eltrabajo.cl\/portal\/wp-json\/wp\/v2\/posts\/81339\/revisions"}],"wp:featuredmedia":[{"embeddable":true,"href":"https:\/\/eltrabajo.cl\/portal\/wp-json\/wp\/v2\/media\/81342"}],"wp:attachment":[{"href":"https:\/\/eltrabajo.cl\/portal\/wp-json\/wp\/v2\/media?parent=81339"}],"wp:term":[{"taxonomy":"category","embeddable":true,"href":"https:\/\/eltrabajo.cl\/portal\/wp-json\/wp\/v2\/categories?post=81339"},{"taxonomy":"post_tag","embeddable":true,"href":"https:\/\/eltrabajo.cl\/portal\/wp-json\/wp\/v2\/tags?post=81339"}],"curies":[{"name":"wp","href":"https:\/\/api.w.org\/{rel}","templated":true}]}}