{"id":81348,"date":"2017-08-31T05:06:58","date_gmt":"2017-08-31T09:06:58","guid":{"rendered":"http:\/\/www.eltrabajo.cl\/2017\/?p=81348"},"modified":"2017-08-31T05:06:58","modified_gmt":"2017-08-31T09:06:58","slug":"vecinos-molestos-por-malos-olores-del-alcantarillado-por-trabajos-de-esval","status":"publish","type":"post","link":"https:\/\/eltrabajo.cl\/portal\/vecinos-molestos-por-malos-olores-del-alcantarillado-por-trabajos-de-esval\/","title":{"rendered":"Vecinos molestos por malos olores del alcantarillado por trabajos de Esval"},"content":{"rendered":"<figure id=\"attachment_81349\" aria-describedby=\"caption-attachment-81349\" style=\"width: 580px\" class=\"wp-caption alignnone\"><img data-recalc-dims=\"1\" loading=\"lazy\" decoding=\"async\" class=\"size-full wp-image-81349\" src=\"https:\/\/i0.wp.com\/www.eltrabajo.cl\/2017\/wp-content\/uploads\/2017\/08\/Alcantarillado.jpg?resize=580%2C350\" alt=\"Joanna y Ricardo, vecinos de calle Traslavi\u00f1a, nos muestran una de las c\u00e1maras por donde salen malos olores.\" width=\"580\" height=\"350\" srcset=\"https:\/\/i0.wp.com\/eltrabajo.cl\/portal\/wp-content\/uploads\/2017\/08\/Alcantarillado.jpg?w=580&amp;ssl=1 580w, https:\/\/i0.wp.com\/eltrabajo.cl\/portal\/wp-content\/uploads\/2017\/08\/Alcantarillado.jpg?resize=200%2C121&amp;ssl=1 200w, https:\/\/i0.wp.com\/eltrabajo.cl\/portal\/wp-content\/uploads\/2017\/08\/Alcantarillado.jpg?resize=300%2C181&amp;ssl=1 300w, https:\/\/i0.wp.com\/eltrabajo.cl\/portal\/wp-content\/uploads\/2017\/08\/Alcantarillado.jpg?resize=249%2C150&amp;ssl=1 249w, https:\/\/i0.wp.com\/eltrabajo.cl\/portal\/wp-content\/uploads\/2017\/08\/Alcantarillado.jpg?resize=400%2C241&amp;ssl=1 400w\" sizes=\"auto, (max-width: 580px) 100vw, 580px\" \/><figcaption id=\"caption-attachment-81349\" class=\"wp-caption-text\">Joanna y Ricardo, vecinos de calle Traslavi\u00f1a, nos muestran una de las c\u00e1maras por donde salen malos olores.<\/figcaption><\/figure>\n<ul>\n<li><span style=\"color: #ff0000;\"><strong>Hedor en Calle Traslavi\u00f1a:<\/strong><\/span><\/li>\n<\/ul>\n<p>Molestia existe en algunos vecinos que viven en calle Traslavi\u00f1a, entre Freire y San Mart\u00edn, por los malos olores que deben soportar provenientes de las c\u00e1maras de alcantarillado instaladas por la empresa Esval hace unos d\u00edas.<br \/>\nUno de los vecinos, Ricardo Videla, dice que el olor es insoportable, especialmente en horas de la tarde: \u201cA partir de las cinco de la tarde ya no se puede andar en la calle porque hay muy malos olores que se van al interior de las piezas, porque vivimos adentro en un pasaje, hay ni\u00f1os chicos, gente adulta y discapacitados como yo; no sabemos a qu\u00e9 se debe, antes no ten\u00edamos esos olores y no sabemos a qui\u00e9n debemos recurrir, a la municipalidad, a la gobernaci\u00f3n, a Esval, no sabemos, no tengo idea\u201d.<br \/>\nOtra vecina que vive al interior, de nombre Joanna, confirm\u00f3 que \u201cs\u00ed hay malos olores, sobretodo en la tarde, a la hora del sol sale mucho olor, muy mal olor, y ac\u00e1 como usted ve hay guag\u00fcitas y deben soportar los olores, pero en la tarde es insoportable, antes no ten\u00edamos estos olores, si usted pasa en la tarde, va a sentir muy fuerte olor, no hemos conversado con nadie, esto se hizo y as\u00ed qued\u00f3\u201d.<br \/>\nOtro de los vecinos que labora en una zapater\u00eda, de nombre Mauricio, sostuvo: \u201cComo a las cuatro, cinco de la tarde empiezan los malos olores, es insoportable, no hemos hablado con nadie porque no se puede, e incluso hemos tratado de hablar con los trabajadores, pero no nos dicen nada, no hay soluciones. Ahora se viene el verano, ah\u00ed va a ser peor\u201d, cuenta Mauricio.<br \/>\nDestacar que son trabajos recientes efectuados por Esval y que fueron entregados hace pocos d\u00edas al uso p\u00fablico nuevamente.<\/p>\n<p><span style=\"color: #ff0000;\"><strong>LO QUE DICE ESVAL<\/strong><\/span><br \/>\nPor su parte y consultado por esta denuncia de los vecinosa, el Subgerente Zonal Esval, Ennio Canessa, envi\u00f3 el siguiente comunicado:<br \/>\n\u201cEntendemos la inquietud de los vecinos respecto a esta situaci\u00f3n. Se trata de un proyecto a\u00fan en desarrollo, en que ya finalizamos el recambio estructural del colector, que se encuentra operando con normalidad.<br \/>\n\u201cPriorizamos la apertura a tr\u00e1nsito del tramo intervenido, para minimizar el impacto en el comercio del sector y permitir el acceso a veh\u00edculos y peatones. Estamos en el proceso de terminaci\u00f3n de las uniones domiciliarias, con el sellado de las mismas, lo que permitir\u00e1 superar la situaci\u00f3n en los pr\u00f3ximos d\u00edas.<br \/>\n\u201cEste es un proyecto de gran relevancia para la comuna, que implica la renovaci\u00f3n de 257 metros de tuber\u00eda (considerando la intervenci\u00f3n que se realiza en Combate de Las Coimas), con una inversi\u00f3n de $113 millones, para optimizar nuestro servicio en el centro comercial de San Felipe\u201d, concluye el comunicado.<\/p>\n","protected":false},"excerpt":{"rendered":"<p>Hedor en Calle Traslavi\u00f1a: Molestia existe en algunos vecinos que viven en calle Traslavi\u00f1a, entre Freire y San Mart\u00edn, por los malos olores que deben soportar provenientes de las c\u00e1maras de alcantarillado&#8230;<\/p>\n","protected":false},"author":1,"featured_media":81349,"comment_status":"open","ping_status":"open","sticky":false,"template":"","format":"standard","meta":{"advanced_seo_description":"","jetpack_seo_html_title":"","jetpack_seo_noindex":false,"_jetpack_memberships_contains_paid_content":false,"footnotes":""},"categories":[15],"tags":[],"class_list":["post-81348","post","type-post","status-publish","format-standard","has-post-thumbnail","hentry","category-comunidad"],"jetpack_featured_media_url":"https:\/\/i0.wp.com\/eltrabajo.cl\/portal\/wp-content\/uploads\/2017\/08\/Alcantarillado.jpg?fit=580%2C350&ssl=1","jetpack_sharing_enabled":true,"jetpack_likes_enabled":true,"jetpack-related-posts":[],"_links":{"self":[{"href":"https:\/\/eltrabajo.cl\/portal\/wp-json\/wp\/v2\/posts\/81348","targetHints":{"allow":["GET"]}}],"collection":[{"href":"https:\/\/eltrabajo.cl\/portal\/wp-json\/wp\/v2\/posts"}],"about":[{"href":"https:\/\/eltrabajo.cl\/portal\/wp-json\/wp\/v2\/types\/post"}],"author":[{"embeddable":true,"href":"https:\/\/eltrabajo.cl\/portal\/wp-json\/wp\/v2\/users\/1"}],"replies":[{"embeddable":true,"href":"https:\/\/eltrabajo.cl\/portal\/wp-json\/wp\/v2\/comments?post=81348"}],"version-history":[{"count":0,"href":"https:\/\/eltrabajo.cl\/portal\/wp-json\/wp\/v2\/posts\/81348\/revisions"}],"wp:featuredmedia":[{"embeddable":true,"href":"https:\/\/eltrabajo.cl\/portal\/wp-json\/wp\/v2\/media\/81349"}],"wp:attachment":[{"href":"https:\/\/eltrabajo.cl\/portal\/wp-json\/wp\/v2\/media?parent=81348"}],"wp:term":[{"taxonomy":"category","embeddable":true,"href":"https:\/\/eltrabajo.cl\/portal\/wp-json\/wp\/v2\/categories?post=81348"},{"taxonomy":"post_tag","embeddable":true,"href":"https:\/\/eltrabajo.cl\/portal\/wp-json\/wp\/v2\/tags?post=81348"}],"curies":[{"name":"wp","href":"https:\/\/api.w.org\/{rel}","templated":true}]}}