{"id":81351,"date":"2017-08-31T05:07:07","date_gmt":"2017-08-31T09:07:07","guid":{"rendered":"http:\/\/www.eltrabajo.cl\/2017\/?p=81351"},"modified":"2017-08-31T05:07:07","modified_gmt":"2017-08-31T09:07:07","slug":"el-hampa-hizo-su-agosto-en-las-carpas-de-la-feria-de-la-plaza-de-armas","status":"publish","type":"post","link":"https:\/\/eltrabajo.cl\/portal\/el-hampa-hizo-su-agosto-en-las-carpas-de-la-feria-de-la-plaza-de-armas\/","title":{"rendered":"El hampa hizo su \u2018Agosto\u2019 en las carpas de la feria de la Plaza de Armas"},"content":{"rendered":"<figure id=\"attachment_81356\" aria-describedby=\"caption-attachment-81356\" style=\"width: 580px\" class=\"wp-caption alignnone\"><img data-recalc-dims=\"1\" loading=\"lazy\" decoding=\"async\" class=\"size-full wp-image-81356\" src=\"https:\/\/i0.wp.com\/www.eltrabajo.cl\/2017\/wp-content\/uploads\/2017\/08\/Feria3-1.jpg?resize=580%2C349\" alt=\"TIERRA DE NADIE.- Este comerciante tambi\u00e9n fue v\u00edctima del hampa, paso a paso pareciera, los delincuentes ganan esta batalla contra el comercio en nuestra ciudad.\" width=\"580\" height=\"349\" srcset=\"https:\/\/i0.wp.com\/eltrabajo.cl\/portal\/wp-content\/uploads\/2017\/08\/Feria3-1.jpg?w=580&amp;ssl=1 580w, https:\/\/i0.wp.com\/eltrabajo.cl\/portal\/wp-content\/uploads\/2017\/08\/Feria3-1.jpg?resize=200%2C120&amp;ssl=1 200w, https:\/\/i0.wp.com\/eltrabajo.cl\/portal\/wp-content\/uploads\/2017\/08\/Feria3-1.jpg?resize=300%2C181&amp;ssl=1 300w, https:\/\/i0.wp.com\/eltrabajo.cl\/portal\/wp-content\/uploads\/2017\/08\/Feria3-1.jpg?resize=249%2C150&amp;ssl=1 249w, https:\/\/i0.wp.com\/eltrabajo.cl\/portal\/wp-content\/uploads\/2017\/08\/Feria3-1.jpg?resize=400%2C241&amp;ssl=1 400w\" sizes=\"auto, (max-width: 580px) 100vw, 580px\" \/><figcaption id=\"caption-attachment-81356\" class=\"wp-caption-text\">TIERRA DE NADIE.- Este comerciante tambi\u00e9n fue v\u00edctima del hampa, paso a paso pareciera, los delincuentes ganan esta batalla contra el comercio en nuestra ciudad.<\/figcaption><\/figure>\n<ul>\n<li><span style=\"color: #ff0000;\"><strong>Robaron relojes, ropa y juguetes rompiendo la tela de los stands:<\/strong><\/span><\/li>\n<\/ul>\n<p>Ya es desesperante la situaci\u00f3n. El comercio sanfelipe\u00f1o sigue clamando a gritos misericordia por parte de las autoridades para ver c\u00f3mo ellos, los que trabajan, dejan ya de ser las v\u00edctimas de la delincuencia en esta ola de robos en la ciudad y poblaciones de nuestra comuna. El robo esta vez fue a dos carpas de la feria instalada en la Plaza de Armas, desde donde los \u2018amigos de lo ajeno\u2019 hicieron su fiesta rompiendo la tela y huyendo con bolsas llenas de relojes y mercader\u00eda variada.<\/p>\n<p><span style=\"color: #ff0000;\"><strong>\u00bfAPAT\u00cdA POLICIAL?<\/strong><\/span><br \/>\nSeg\u00fan lo indicado por el propietario sanfelipe\u00f1o de una de las carpas, John Saa, de nada sirvi\u00f3 que los nocheros llamaran a Carabineros, ya que, seg\u00fan \u00e9stos, los oficiales se negaron a recepcionar la respectiva denuncia.<br \/>\n\u00abNosotros hicimos cuenta de lo robado y hemos calculado que se llevaron m\u00e1s de $1.200.000 en mercader\u00eda. Estamos hablando de relojes, ropa, juguetes, lentes y dinero en efectivo. Nosotros ac\u00e1 somos 85 comerciantes, pagamos para que nos cuiden las cosas en la noche, el guardia anoche llam\u00f3 a Carabineros como corresponde, pero Carabineros no quiso tomar el denuncio, cuando llegaron los uniformados, dieron un par de vueltas por fuera, pero nada m\u00e1s, cuando llegu\u00e9 hoy en la ma\u00f1ana (ayer) me encontr\u00e9 rajada la carpa atr\u00e1s\u00bb, dijo Saa a Diario El Trabajo.<\/p>\n<p><span style=\"color: #ff0000;\"><strong>CARRETES ETERNOS<\/strong><\/span><br \/>\nUno de los nocheros, Guillermo Lillo Vivar, fue m\u00e1s all\u00e1, al se\u00f1alar a los lavadores de autos como generadores de problemas y peleas callejeras, lo que seg\u00fan \u00e9l, agrava en parte el mal ambiente que se vive en ese sector de la ciudad.<br \/>\n\u00abNosotros anoche le advertimos a Carabineros que la gente que lava autos ac\u00e1 en Calle Prat, que se drogan y beben todas las noches, llamamos nosotros a Carabineros pero no tenemos respuesta de parte de ellos, los carabineros se van y los viciosos regresan y se quedan toda la noche. En cuanto al robo, este robo es el primero del a\u00f1o que nos hacen. Otros a\u00f1os nos roban m\u00e1s veces, este a\u00f1o no nos hab\u00edan robado, pero lamentablemente ya lo hicieron. El vigilante que descubri\u00f3 el robo encontr\u00f3 un tajo atr\u00e1s del stand\u00bb, indic\u00f3 Lillo.<br \/>\nEl s\u00e1bado robaron a los chinos de Traslavi\u00f1a, ayer a los comerciantes de la feria, \u00bfhoy a qui\u00e9n robar\u00e1n o asaltar\u00e1n?<br \/>\n<strong>Roberto Gonz\u00e1lez Short<\/strong><\/p>\n<figure id=\"attachment_81352\" aria-describedby=\"caption-attachment-81352\" style=\"width: 580px\" class=\"wp-caption alignnone\"><img data-recalc-dims=\"1\" loading=\"lazy\" decoding=\"async\" class=\"size-full wp-image-81352\" src=\"https:\/\/i0.wp.com\/www.eltrabajo.cl\/2017\/wp-content\/uploads\/2017\/08\/Feria__.jpg?resize=580%2C349\" alt=\"Propietario sanfelipe\u00f1o de una de las carpas, John Saa.\" width=\"580\" height=\"349\" srcset=\"https:\/\/i0.wp.com\/eltrabajo.cl\/portal\/wp-content\/uploads\/2017\/08\/Feria__.jpg?w=580&amp;ssl=1 580w, https:\/\/i0.wp.com\/eltrabajo.cl\/portal\/wp-content\/uploads\/2017\/08\/Feria__.jpg?resize=200%2C120&amp;ssl=1 200w, https:\/\/i0.wp.com\/eltrabajo.cl\/portal\/wp-content\/uploads\/2017\/08\/Feria__.jpg?resize=300%2C181&amp;ssl=1 300w, https:\/\/i0.wp.com\/eltrabajo.cl\/portal\/wp-content\/uploads\/2017\/08\/Feria__.jpg?resize=249%2C150&amp;ssl=1 249w, https:\/\/i0.wp.com\/eltrabajo.cl\/portal\/wp-content\/uploads\/2017\/08\/Feria__.jpg?resize=400%2C241&amp;ssl=1 400w\" sizes=\"auto, (max-width: 580px) 100vw, 580px\" \/><figcaption id=\"caption-attachment-81352\" class=\"wp-caption-text\">Propietario sanfelipe\u00f1o de una de las carpas, John Saa.<\/figcaption><\/figure>\n<figure id=\"attachment_81353\" aria-describedby=\"caption-attachment-81353\" style=\"width: 580px\" class=\"wp-caption alignnone\"><img data-recalc-dims=\"1\" loading=\"lazy\" decoding=\"async\" class=\"size-full wp-image-81353\" src=\"https:\/\/i0.wp.com\/www.eltrabajo.cl\/2017\/wp-content\/uploads\/2017\/08\/Feria_Guillermo-Lillo.jpg?resize=580%2C349\" alt=\"Uno de los nocheros de la feria, Guillermo Lillo Vivar.\" width=\"580\" height=\"349\" srcset=\"https:\/\/i0.wp.com\/eltrabajo.cl\/portal\/wp-content\/uploads\/2017\/08\/Feria_Guillermo-Lillo.jpg?w=580&amp;ssl=1 580w, https:\/\/i0.wp.com\/eltrabajo.cl\/portal\/wp-content\/uploads\/2017\/08\/Feria_Guillermo-Lillo.jpg?resize=200%2C120&amp;ssl=1 200w, https:\/\/i0.wp.com\/eltrabajo.cl\/portal\/wp-content\/uploads\/2017\/08\/Feria_Guillermo-Lillo.jpg?resize=300%2C181&amp;ssl=1 300w, https:\/\/i0.wp.com\/eltrabajo.cl\/portal\/wp-content\/uploads\/2017\/08\/Feria_Guillermo-Lillo.jpg?resize=249%2C150&amp;ssl=1 249w, https:\/\/i0.wp.com\/eltrabajo.cl\/portal\/wp-content\/uploads\/2017\/08\/Feria_Guillermo-Lillo.jpg?resize=400%2C241&amp;ssl=1 400w\" sizes=\"auto, (max-width: 580px) 100vw, 580px\" \/><figcaption id=\"caption-attachment-81353\" class=\"wp-caption-text\">Uno de los nocheros de la feria, Guillermo Lillo Vivar.<\/figcaption><\/figure>\n<figure id=\"attachment_81354\" aria-describedby=\"caption-attachment-81354\" style=\"width: 580px\" class=\"wp-caption alignnone\"><img data-recalc-dims=\"1\" loading=\"lazy\" decoding=\"async\" class=\"size-full wp-image-81354\" src=\"https:\/\/i0.wp.com\/www.eltrabajo.cl\/2017\/wp-content\/uploads\/2017\/08\/Feria1-1.jpg?resize=580%2C349\" alt=\"LA FERIA SIGUE.- La feria instalada en nuestra Plaza de Armas continuar\u00e1 funcionando hasta el pr\u00f3ximo fin de semana.\" width=\"580\" height=\"349\" srcset=\"https:\/\/i0.wp.com\/eltrabajo.cl\/portal\/wp-content\/uploads\/2017\/08\/Feria1-1.jpg?w=580&amp;ssl=1 580w, https:\/\/i0.wp.com\/eltrabajo.cl\/portal\/wp-content\/uploads\/2017\/08\/Feria1-1.jpg?resize=200%2C120&amp;ssl=1 200w, https:\/\/i0.wp.com\/eltrabajo.cl\/portal\/wp-content\/uploads\/2017\/08\/Feria1-1.jpg?resize=300%2C181&amp;ssl=1 300w, https:\/\/i0.wp.com\/eltrabajo.cl\/portal\/wp-content\/uploads\/2017\/08\/Feria1-1.jpg?resize=249%2C150&amp;ssl=1 249w, https:\/\/i0.wp.com\/eltrabajo.cl\/portal\/wp-content\/uploads\/2017\/08\/Feria1-1.jpg?resize=400%2C241&amp;ssl=1 400w\" sizes=\"auto, (max-width: 580px) 100vw, 580px\" \/><figcaption id=\"caption-attachment-81354\" class=\"wp-caption-text\">LA FERIA SIGUE.- La feria instalada en nuestra Plaza de Armas continuar\u00e1 funcionando hasta el pr\u00f3ximo fin de semana.<\/figcaption><\/figure>\n<figure id=\"attachment_81355\" aria-describedby=\"caption-attachment-81355\" style=\"width: 580px\" class=\"wp-caption alignnone\"><img data-recalc-dims=\"1\" loading=\"lazy\" decoding=\"async\" class=\"size-full wp-image-81355\" src=\"https:\/\/i0.wp.com\/www.eltrabajo.cl\/2017\/wp-content\/uploads\/2017\/08\/Feria2-1.jpg?resize=580%2C349\" alt=\"INGRATA VISITA.- Rompiendo la tela de esta carpa los delincuentes lograron llevarse m\u00e1s de un mill\u00f3n de pesos en relojes y otra mercader\u00eda.\" width=\"580\" height=\"349\" srcset=\"https:\/\/i0.wp.com\/eltrabajo.cl\/portal\/wp-content\/uploads\/2017\/08\/Feria2-1.jpg?w=580&amp;ssl=1 580w, https:\/\/i0.wp.com\/eltrabajo.cl\/portal\/wp-content\/uploads\/2017\/08\/Feria2-1.jpg?resize=200%2C120&amp;ssl=1 200w, https:\/\/i0.wp.com\/eltrabajo.cl\/portal\/wp-content\/uploads\/2017\/08\/Feria2-1.jpg?resize=300%2C181&amp;ssl=1 300w, https:\/\/i0.wp.com\/eltrabajo.cl\/portal\/wp-content\/uploads\/2017\/08\/Feria2-1.jpg?resize=249%2C150&amp;ssl=1 249w, https:\/\/i0.wp.com\/eltrabajo.cl\/portal\/wp-content\/uploads\/2017\/08\/Feria2-1.jpg?resize=400%2C241&amp;ssl=1 400w\" sizes=\"auto, (max-width: 580px) 100vw, 580px\" \/><figcaption id=\"caption-attachment-81355\" class=\"wp-caption-text\">INGRATA VISITA.- Rompiendo la tela de esta carpa los delincuentes lograron llevarse m\u00e1s de un mill\u00f3n de pesos en relojes y otra mercader\u00eda.<\/figcaption><\/figure>\n","protected":false},"excerpt":{"rendered":"<p>Robaron relojes, ropa y juguetes rompiendo la tela de los stands: Ya es desesperante la situaci\u00f3n. El comercio sanfelipe\u00f1o sigue clamando a gritos misericordia por parte de las autoridades para ver c\u00f3mo&#8230;<\/p>\n","protected":false},"author":1,"featured_media":81355,"comment_status":"open","ping_status":"open","sticky":false,"template":"","format":"standard","meta":{"advanced_seo_description":"","jetpack_seo_html_title":"","jetpack_seo_noindex":false,"_jetpack_memberships_contains_paid_content":false,"footnotes":""},"categories":[21],"tags":[],"class_list":["post-81351","post","type-post","status-publish","format-standard","has-post-thumbnail","hentry","category-policial"],"jetpack_featured_media_url":"https:\/\/i0.wp.com\/eltrabajo.cl\/portal\/wp-content\/uploads\/2017\/08\/Feria2-1.jpg?fit=580%2C349&ssl=1","jetpack_sharing_enabled":true,"jetpack_likes_enabled":true,"jetpack-related-posts":[],"_links":{"self":[{"href":"https:\/\/eltrabajo.cl\/portal\/wp-json\/wp\/v2\/posts\/81351","targetHints":{"allow":["GET"]}}],"collection":[{"href":"https:\/\/eltrabajo.cl\/portal\/wp-json\/wp\/v2\/posts"}],"about":[{"href":"https:\/\/eltrabajo.cl\/portal\/wp-json\/wp\/v2\/types\/post"}],"author":[{"embeddable":true,"href":"https:\/\/eltrabajo.cl\/portal\/wp-json\/wp\/v2\/users\/1"}],"replies":[{"embeddable":true,"href":"https:\/\/eltrabajo.cl\/portal\/wp-json\/wp\/v2\/comments?post=81351"}],"version-history":[{"count":0,"href":"https:\/\/eltrabajo.cl\/portal\/wp-json\/wp\/v2\/posts\/81351\/revisions"}],"wp:featuredmedia":[{"embeddable":true,"href":"https:\/\/eltrabajo.cl\/portal\/wp-json\/wp\/v2\/media\/81355"}],"wp:attachment":[{"href":"https:\/\/eltrabajo.cl\/portal\/wp-json\/wp\/v2\/media?parent=81351"}],"wp:term":[{"taxonomy":"category","embeddable":true,"href":"https:\/\/eltrabajo.cl\/portal\/wp-json\/wp\/v2\/categories?post=81351"},{"taxonomy":"post_tag","embeddable":true,"href":"https:\/\/eltrabajo.cl\/portal\/wp-json\/wp\/v2\/tags?post=81351"}],"curies":[{"name":"wp","href":"https:\/\/api.w.org\/{rel}","templated":true}]}}