{"id":81362,"date":"2017-09-01T05:00:18","date_gmt":"2017-09-01T09:00:18","guid":{"rendered":"http:\/\/www.eltrabajo.cl\/2017\/?p=81362"},"modified":"2017-09-01T05:00:18","modified_gmt":"2017-09-01T09:00:18","slug":"continuan-preparativos-del-primer-festival-musical-para-estudiantes-sordos","status":"publish","type":"post","link":"https:\/\/eltrabajo.cl\/portal\/continuan-preparativos-del-primer-festival-musical-para-estudiantes-sordos\/","title":{"rendered":"Contin\u00faan preparativos del primer festival musical para estudiantes sordos"},"content":{"rendered":"<figure id=\"attachment_81363\" aria-describedby=\"caption-attachment-81363\" style=\"width: 580px\" class=\"wp-caption alignnone\"><img data-recalc-dims=\"1\" loading=\"lazy\" decoding=\"async\" class=\"size-full wp-image-81363\" src=\"https:\/\/i0.wp.com\/www.eltrabajo.cl\/2017\/wp-content\/uploads\/2017\/08\/AFICHE-FESTIVAL.jpg?resize=580%2C348\" alt=\"Un festival inclusivo, el primero en su tipo, para estudiantes sordos, se estar\u00e1 desarrollando el 26 de octubre en San Felipe.\" width=\"580\" height=\"348\" srcset=\"https:\/\/i0.wp.com\/eltrabajo.cl\/portal\/wp-content\/uploads\/2017\/08\/AFICHE-FESTIVAL.jpg?w=580&amp;ssl=1 580w, https:\/\/i0.wp.com\/eltrabajo.cl\/portal\/wp-content\/uploads\/2017\/08\/AFICHE-FESTIVAL.jpg?resize=200%2C120&amp;ssl=1 200w, https:\/\/i0.wp.com\/eltrabajo.cl\/portal\/wp-content\/uploads\/2017\/08\/AFICHE-FESTIVAL.jpg?resize=300%2C180&amp;ssl=1 300w, https:\/\/i0.wp.com\/eltrabajo.cl\/portal\/wp-content\/uploads\/2017\/08\/AFICHE-FESTIVAL.jpg?resize=250%2C150&amp;ssl=1 250w, https:\/\/i0.wp.com\/eltrabajo.cl\/portal\/wp-content\/uploads\/2017\/08\/AFICHE-FESTIVAL.jpg?resize=400%2C240&amp;ssl=1 400w\" sizes=\"auto, (max-width: 580px) 100vw, 580px\" \/><figcaption id=\"caption-attachment-81363\" class=\"wp-caption-text\">Un festival inclusivo, el primero en su tipo, para estudiantes sordos, se estar\u00e1 desarrollando el 26 de octubre en San Felipe.<\/figcaption><\/figure>\n<ul>\n<li><span style=\"color: #ff0000;\"><strong>El equipo organizador del \u2018Festivalense\u2019 inform\u00f3 que ya cuentan con la totalidad de las agrupaciones (13) para la realizaci\u00f3n de esta jornada, que busca promover la lengua de se\u00f1as y apoyar la inclusi\u00f3n.<\/strong><\/span><\/li>\n<\/ul>\n<p>Contin\u00faan los preparativos para la realizaci\u00f3n del \u2018Festivalense\u2019, el primer festival de m\u00fasica dise\u00f1ado para estudiantes sordos de liceos municipalizados de la comuna de San Felipe. La actividad, desarrollada por el Programa de Integraci\u00f3n Escolar del Liceo Bicentenario Cordillera, ha sido catalogada como un \u00e9xito por sus organizadores, debido a que ya cuentan con los cupos completos a semanas del inicio.<br \/>\nLa idea de esta jornada, es que los 13 grupos inscritos interpreten las canciones que escogieron en lengua de se\u00f1as, con ello, masificar el uso de este lenguaje en la sociedad y, tambi\u00e9n, promover el desarrollo de las ni\u00f1as y ni\u00f1os sordos del sistema municipal, favoreciendo el proceso de inclusi\u00f3n.<br \/>\nEn esa l\u00ednea, la Coordinadora del PIE del Liceo Cordillera, Camila Barbera, se\u00f1al\u00f3 que \u00abesta ha sido una tremenda organizaci\u00f3n, harto compromiso por parte del equipo, tambi\u00e9n del cuerpo directivo y profesionales quienes nos han ayudado y validado con esta idea. Estamos trabajando todos, codo a codo, para que resulte en festival espectacular, a un nivel importante\u00bb, sostuvo.<br \/>\nAdem\u00e1s, agreg\u00f3 que \u00abposiblemente contemos con el apoyo de algunas instituciones que han mostrado inter\u00e9s por nuestro festival. La idea es seguir generando coordinaciones para concretar beneficios que sirvan para el desarrollo de la actividad\u00bb, afirm\u00f3 la profesional.<br \/>\nEn cuanto al evento, informaron que los 13 grupos pertenecen a cinco establecimientos, que son los Liceos Cordillera y Corina Urbina y las escuelas Mateo Cokljat, Bucalemu y Jos\u00e9 Manso de Velasco.<br \/>\nDentro de las grupos que ser\u00e1n versionados en esta competencia, se encuentran canciones de Mazap\u00e1n, Mon Laferte, Camila Gallardo, Maluma, Luis Fonsi, entre otros, raz\u00f3n por la que la organizaci\u00f3n dispuso de una categor\u00eda: \u2018Premio al m\u00e1s popular\u2019, que se otorgar\u00e1 al video que tenga un mayor n\u00famero de \u2018me gusta\u2019 en Facebook e Instagram (en redes sociales bajo el nombre de \u2018Festivalense\u2019).<br \/>\nLa invitaci\u00f3n est\u00e1 hecha para que disfruten de este original festival que se desarrollar\u00e1 el jueves 26 de octubre.<\/p>\n","protected":false},"excerpt":{"rendered":"<p>El equipo organizador del \u2018Festivalense\u2019 inform\u00f3 que ya cuentan con la totalidad de las agrupaciones (13) para la realizaci\u00f3n de esta jornada, que busca promover la lengua de se\u00f1as y apoyar la&#8230;<\/p>\n","protected":false},"author":1,"featured_media":81363,"comment_status":"open","ping_status":"open","sticky":false,"template":"","format":"standard","meta":{"advanced_seo_description":"","jetpack_seo_html_title":"","jetpack_seo_noindex":false,"_jetpack_memberships_contains_paid_content":false,"footnotes":""},"categories":[1],"tags":[],"class_list":["post-81362","post","type-post","status-publish","format-standard","has-post-thumbnail","hentry","category-cronica"],"jetpack_featured_media_url":"https:\/\/i0.wp.com\/eltrabajo.cl\/portal\/wp-content\/uploads\/2017\/08\/AFICHE-FESTIVAL.jpg?fit=580%2C348&ssl=1","jetpack_sharing_enabled":true,"jetpack_likes_enabled":true,"jetpack-related-posts":[],"_links":{"self":[{"href":"https:\/\/eltrabajo.cl\/portal\/wp-json\/wp\/v2\/posts\/81362","targetHints":{"allow":["GET"]}}],"collection":[{"href":"https:\/\/eltrabajo.cl\/portal\/wp-json\/wp\/v2\/posts"}],"about":[{"href":"https:\/\/eltrabajo.cl\/portal\/wp-json\/wp\/v2\/types\/post"}],"author":[{"embeddable":true,"href":"https:\/\/eltrabajo.cl\/portal\/wp-json\/wp\/v2\/users\/1"}],"replies":[{"embeddable":true,"href":"https:\/\/eltrabajo.cl\/portal\/wp-json\/wp\/v2\/comments?post=81362"}],"version-history":[{"count":0,"href":"https:\/\/eltrabajo.cl\/portal\/wp-json\/wp\/v2\/posts\/81362\/revisions"}],"wp:featuredmedia":[{"embeddable":true,"href":"https:\/\/eltrabajo.cl\/portal\/wp-json\/wp\/v2\/media\/81363"}],"wp:attachment":[{"href":"https:\/\/eltrabajo.cl\/portal\/wp-json\/wp\/v2\/media?parent=81362"}],"wp:term":[{"taxonomy":"category","embeddable":true,"href":"https:\/\/eltrabajo.cl\/portal\/wp-json\/wp\/v2\/categories?post=81362"},{"taxonomy":"post_tag","embeddable":true,"href":"https:\/\/eltrabajo.cl\/portal\/wp-json\/wp\/v2\/tags?post=81362"}],"curies":[{"name":"wp","href":"https:\/\/api.w.org\/{rel}","templated":true}]}}