{"id":81365,"date":"2017-09-01T05:01:21","date_gmt":"2017-09-01T09:01:21","guid":{"rendered":"http:\/\/www.eltrabajo.cl\/2017\/?p=81365"},"modified":"2017-09-01T05:01:21","modified_gmt":"2017-09-01T09:01:21","slug":"hace-una-semana-que-nos-dejo-el-profesor-luis-navarrete-vera","status":"publish","type":"post","link":"https:\/\/eltrabajo.cl\/portal\/hace-una-semana-que-nos-dejo-el-profesor-luis-navarrete-vera\/","title":{"rendered":"Hace una semana que nos dej\u00f3 el profesor Luis Navarrete Vera"},"content":{"rendered":"<figure id=\"attachment_81367\" aria-describedby=\"caption-attachment-81367\" style=\"width: 578px\" class=\"wp-caption alignnone\"><img data-recalc-dims=\"1\" loading=\"lazy\" decoding=\"async\" class=\"size-full wp-image-81367\" src=\"https:\/\/i0.wp.com\/www.eltrabajo.cl\/2017\/wp-content\/uploads\/2017\/08\/Profe1.jpg?resize=578%2C350\" alt=\"SIEMPRE ENAMORADOS.- Aqu\u00ed vemos a don Eugenio, en compa\u00f1\u00eda de su esposa do\u00f1a In\u00e9s Ibaceta Esp\u00ednola.\" width=\"578\" height=\"350\" srcset=\"https:\/\/i0.wp.com\/eltrabajo.cl\/portal\/wp-content\/uploads\/2017\/08\/Profe1.jpg?w=578&amp;ssl=1 578w, https:\/\/i0.wp.com\/eltrabajo.cl\/portal\/wp-content\/uploads\/2017\/08\/Profe1.jpg?resize=200%2C121&amp;ssl=1 200w, https:\/\/i0.wp.com\/eltrabajo.cl\/portal\/wp-content\/uploads\/2017\/08\/Profe1.jpg?resize=300%2C182&amp;ssl=1 300w, https:\/\/i0.wp.com\/eltrabajo.cl\/portal\/wp-content\/uploads\/2017\/08\/Profe1.jpg?resize=248%2C150&amp;ssl=1 248w, https:\/\/i0.wp.com\/eltrabajo.cl\/portal\/wp-content\/uploads\/2017\/08\/Profe1.jpg?resize=400%2C242&amp;ssl=1 400w\" sizes=\"auto, (max-width: 578px) 100vw, 578px\" \/><figcaption id=\"caption-attachment-81367\" class=\"wp-caption-text\">SIEMPRE ENAMORADOS.- Aqu\u00ed vemos a don Eugenio, en compa\u00f1\u00eda de su esposa do\u00f1a In\u00e9s Ibaceta Esp\u00ednola.<\/figcaption><\/figure>\n<ul>\n<li><span style=\"color: #ff0000;\"><strong>Hoy Diario El Trabajo le rinde homenaje:<\/strong><\/span><\/li>\n<\/ul>\n<p>Hace una semana exacta, y para pena de miles de sanfelipe\u00f1os, a sus 68 nos dej\u00f3 para siempre uno de los profesores normalistas aconcag\u00fcinos m\u00e1s emblem\u00e1ticos de todos los tiempos, hablamos del querido Luis Eugenio Navarrete Vera, quien naciera el domingo 13 de marzo de 1949. Don Luis era uno de esos educadores que desde hace d\u00e9cadas est\u00e1n en peligro de extinci\u00f3n, ya que los profesores normalistas pertenec\u00edan a una casta de alto vuelo en lo referente al compromiso, docencia, valores \u00e9ticos y morales.<br \/>\nNavarrete estudi\u00f3 en el Liceo de Hombres, hoy Liceo Roberto Humeres de San Felipe. Inici\u00f3 su trabajo como profesor en la Escuela Normalista de Santiago, apenas con 18 a\u00f1os. Luego de varios a\u00f1os en la capital, fue enviado a impartir sus conocimientos, tambi\u00e9n como profesor, a la ciudad de Los Molinos, en Petorca, luego lleg\u00f3 a San Felipe, en donde se destac\u00f3 como un comprometido profesor en el Liceo de Ni\u00f1as Corina Urbina, asumiendo en poco tiempo la direcci\u00f3n de dicho establecimiento.<\/p>\n<p><span style=\"color: #ff0000;\"><strong>AMOR ETERNO<\/strong><\/span><br \/>\nFue tan significativa y bien calificada su gesti\u00f3n como director, que al a\u00f1o siguiente le entregaron las riendas de la Escuela 62, ahora Jos\u00e9 de San Mart\u00edn, en donde se consolid\u00f3 como uno de los m\u00e1s s\u00f3lidos referentes en el mundo de la educaci\u00f3n para el beneficio de muchos, jubil\u00f3 hace unos tres a\u00f1os y dej\u00f3 a su paso un legado de honestidad, buen ejemplo, s\u00f3lidas ense\u00f1anzas de auto respeto y amor propio a quienes fueron sus alumnos, as\u00ed como a los muchos profesores que siempre le acompa\u00f1aron en esta vertiginosa aventura de la vida.<br \/>\nDon Luis Navarrete s\u00f3lo tuvo un grande y \u00fanico amor, aseguran quienes le conocieron y as\u00ed ha sido confirmado por sus tres hijos: Gonzalo, el doctor; Javier el profesor y la enfermera Luc\u00eda, quienes siempre vieron a su padre locamente enamorado de quien fue su esposa, do\u00f1a In\u00e9s Ibaceta Esp\u00ednola.<\/p>\n<p><span style=\"color: #ff0000;\"><strong>UNO DE LOS GRANDES<\/strong><\/span><br \/>\nDon Luis tambi\u00e9n era muy alegre, cuando joven \u00e9l particip\u00f3 activamente en la desaparecida agrupaci\u00f3n musical \u2018Los Celos\u2019: armaba obras de teatro y carros aleg\u00f3ricos, era un hombre trabajador y con grandes cualidades, las que le llevaron a cultivar amistades sinceras y fraternas a lo largo de sus 68 a\u00f1os de existencia.<br \/>\nSe fue uno de los grandes, nos dej\u00f3 un amigo y ejemplar ciudadano, un hombre de bien. Todos quienes laboramos en Diario El Trabajo hoy queremos con esta rese\u00f1a especial sobre su persona, externar nuestro sentido P\u00e9same a toda la familia de don Luis Eugenio Navarrete Vera, quien falleciera hace una semana a causa de un c\u00e1ncer ramificado.<br \/>\n<strong>Roberto Gonz\u00e1lez Short<\/strong><\/p>\n<figure id=\"attachment_81370\" aria-describedby=\"caption-attachment-81370\" style=\"width: 580px\" class=\"wp-caption alignnone\"><img data-recalc-dims=\"1\" loading=\"lazy\" decoding=\"async\" class=\"size-full wp-image-81370\" src=\"https:\/\/i0.wp.com\/www.eltrabajo.cl\/2017\/wp-content\/uploads\/2017\/08\/Profe4.jpg?resize=580%2C350\" alt=\"UN L\u00cdDER NATO.- Esta fotograf\u00eda nos muestra al profesor, en compa\u00f1\u00eda de sus profesores cuando era el director de la Escuela 62, ahora Jos\u00e9 de San Mart\u00edn.\" width=\"580\" height=\"350\" srcset=\"https:\/\/i0.wp.com\/eltrabajo.cl\/portal\/wp-content\/uploads\/2017\/08\/Profe4.jpg?w=580&amp;ssl=1 580w, https:\/\/i0.wp.com\/eltrabajo.cl\/portal\/wp-content\/uploads\/2017\/08\/Profe4.jpg?resize=200%2C121&amp;ssl=1 200w, https:\/\/i0.wp.com\/eltrabajo.cl\/portal\/wp-content\/uploads\/2017\/08\/Profe4.jpg?resize=300%2C181&amp;ssl=1 300w, https:\/\/i0.wp.com\/eltrabajo.cl\/portal\/wp-content\/uploads\/2017\/08\/Profe4.jpg?resize=249%2C150&amp;ssl=1 249w, https:\/\/i0.wp.com\/eltrabajo.cl\/portal\/wp-content\/uploads\/2017\/08\/Profe4.jpg?resize=400%2C241&amp;ssl=1 400w\" sizes=\"auto, (max-width: 580px) 100vw, 580px\" \/><figcaption id=\"caption-attachment-81370\" class=\"wp-caption-text\">UN L\u00cdDER NATO.- Esta fotograf\u00eda nos muestra al profesor, en compa\u00f1\u00eda de sus profesores cuando era el director de la Escuela 62, ahora Jos\u00e9 de San Mart\u00edn.<\/figcaption><\/figure>\n<figure id=\"attachment_81369\" aria-describedby=\"caption-attachment-81369\" style=\"width: 580px\" class=\"wp-caption alignnone\"><img data-recalc-dims=\"1\" loading=\"lazy\" decoding=\"async\" class=\"size-full wp-image-81369\" src=\"https:\/\/i0.wp.com\/www.eltrabajo.cl\/2017\/wp-content\/uploads\/2017\/08\/Profe3.jpg?resize=580%2C350\" alt=\"TAMBI\u00c9N ERA M\u00daSICO.- Aqu\u00ed lo vemos cuando amenizaba el popular y desaparecido grupo musical \u2018Los Celos\u2019.\" width=\"580\" height=\"350\" srcset=\"https:\/\/i0.wp.com\/eltrabajo.cl\/portal\/wp-content\/uploads\/2017\/08\/Profe3.jpg?w=580&amp;ssl=1 580w, https:\/\/i0.wp.com\/eltrabajo.cl\/portal\/wp-content\/uploads\/2017\/08\/Profe3.jpg?resize=200%2C121&amp;ssl=1 200w, https:\/\/i0.wp.com\/eltrabajo.cl\/portal\/wp-content\/uploads\/2017\/08\/Profe3.jpg?resize=300%2C181&amp;ssl=1 300w, https:\/\/i0.wp.com\/eltrabajo.cl\/portal\/wp-content\/uploads\/2017\/08\/Profe3.jpg?resize=249%2C150&amp;ssl=1 249w, https:\/\/i0.wp.com\/eltrabajo.cl\/portal\/wp-content\/uploads\/2017\/08\/Profe3.jpg?resize=400%2C241&amp;ssl=1 400w\" sizes=\"auto, (max-width: 580px) 100vw, 580px\" \/><figcaption id=\"caption-attachment-81369\" class=\"wp-caption-text\">TAMBI\u00c9N ERA M\u00daSICO.- Aqu\u00ed lo vemos cuando amenizaba el popular y desaparecido grupo musical \u2018Los Celos\u2019.<\/figcaption><\/figure>\n<figure id=\"attachment_81368\" aria-describedby=\"caption-attachment-81368\" style=\"width: 580px\" class=\"wp-caption alignnone\"><img data-recalc-dims=\"1\" loading=\"lazy\" decoding=\"async\" class=\"size-full wp-image-81368\" src=\"https:\/\/i0.wp.com\/www.eltrabajo.cl\/2017\/wp-content\/uploads\/2017\/08\/Profe2.jpg?resize=580%2C349\" alt=\"HACE 42 A\u00d1OS.- El profesor Navarrete en sus a\u00f1os de juventud, cuando era educador en la Liceo de Ni\u00f1as Corina Urbina, de San Felipe, all\u00e1 por 1975.\" width=\"580\" height=\"349\" srcset=\"https:\/\/i0.wp.com\/eltrabajo.cl\/portal\/wp-content\/uploads\/2017\/08\/Profe2.jpg?w=580&amp;ssl=1 580w, https:\/\/i0.wp.com\/eltrabajo.cl\/portal\/wp-content\/uploads\/2017\/08\/Profe2.jpg?resize=200%2C120&amp;ssl=1 200w, https:\/\/i0.wp.com\/eltrabajo.cl\/portal\/wp-content\/uploads\/2017\/08\/Profe2.jpg?resize=300%2C181&amp;ssl=1 300w, https:\/\/i0.wp.com\/eltrabajo.cl\/portal\/wp-content\/uploads\/2017\/08\/Profe2.jpg?resize=249%2C150&amp;ssl=1 249w, https:\/\/i0.wp.com\/eltrabajo.cl\/portal\/wp-content\/uploads\/2017\/08\/Profe2.jpg?resize=400%2C241&amp;ssl=1 400w\" sizes=\"auto, (max-width: 580px) 100vw, 580px\" \/><figcaption id=\"caption-attachment-81368\" class=\"wp-caption-text\">HACE 42 A\u00d1OS.- El profesor Navarrete en sus a\u00f1os de juventud, cuando era educador en la Liceo de Ni\u00f1as Corina Urbina, de San Felipe, all\u00e1 por 1975.<\/figcaption><\/figure>\n<figure id=\"attachment_81366\" aria-describedby=\"caption-attachment-81366\" style=\"width: 580px\" class=\"wp-caption alignnone\"><img data-recalc-dims=\"1\" loading=\"lazy\" decoding=\"async\" class=\"size-full wp-image-81366\" src=\"https:\/\/i0.wp.com\/www.eltrabajo.cl\/2017\/wp-content\/uploads\/2017\/08\/Profe_Luis-Navarrete.jpg?resize=580%2C347\" alt=\"Luis Eugenio Navarrete Vera, el domingo 13 de marzo de 1949. Falleci\u00f3 el viernes 25 de agosto de 2017.\" width=\"580\" height=\"347\" srcset=\"https:\/\/i0.wp.com\/eltrabajo.cl\/portal\/wp-content\/uploads\/2017\/08\/Profe_Luis-Navarrete.jpg?w=580&amp;ssl=1 580w, https:\/\/i0.wp.com\/eltrabajo.cl\/portal\/wp-content\/uploads\/2017\/08\/Profe_Luis-Navarrete.jpg?resize=200%2C120&amp;ssl=1 200w, https:\/\/i0.wp.com\/eltrabajo.cl\/portal\/wp-content\/uploads\/2017\/08\/Profe_Luis-Navarrete.jpg?resize=300%2C179&amp;ssl=1 300w, https:\/\/i0.wp.com\/eltrabajo.cl\/portal\/wp-content\/uploads\/2017\/08\/Profe_Luis-Navarrete.jpg?resize=251%2C150&amp;ssl=1 251w, https:\/\/i0.wp.com\/eltrabajo.cl\/portal\/wp-content\/uploads\/2017\/08\/Profe_Luis-Navarrete.jpg?resize=400%2C239&amp;ssl=1 400w\" sizes=\"auto, (max-width: 580px) 100vw, 580px\" \/><figcaption id=\"caption-attachment-81366\" class=\"wp-caption-text\">Luis Eugenio Navarrete Vera, el domingo 13 de marzo de 1949. Falleci\u00f3 el viernes 25 de agosto de 2017.<\/figcaption><\/figure>\n","protected":false},"excerpt":{"rendered":"<p>Hoy Diario El Trabajo le rinde homenaje: Hace una semana exacta, y para pena de miles de sanfelipe\u00f1os, a sus 68 nos dej\u00f3 para siempre uno de los profesores normalistas aconcag\u00fcinos m\u00e1s&#8230;<\/p>\n","protected":false},"author":1,"featured_media":81366,"comment_status":"open","ping_status":"open","sticky":false,"template":"","format":"standard","meta":{"advanced_seo_description":"","jetpack_seo_html_title":"","jetpack_seo_noindex":false,"_jetpack_memberships_contains_paid_content":false,"footnotes":""},"categories":[15],"tags":[],"class_list":["post-81365","post","type-post","status-publish","format-standard","has-post-thumbnail","hentry","category-comunidad"],"jetpack_featured_media_url":"https:\/\/i0.wp.com\/eltrabajo.cl\/portal\/wp-content\/uploads\/2017\/08\/Profe_Luis-Navarrete.jpg?fit=580%2C347&ssl=1","jetpack_sharing_enabled":true,"jetpack_likes_enabled":true,"jetpack-related-posts":[],"_links":{"self":[{"href":"https:\/\/eltrabajo.cl\/portal\/wp-json\/wp\/v2\/posts\/81365","targetHints":{"allow":["GET"]}}],"collection":[{"href":"https:\/\/eltrabajo.cl\/portal\/wp-json\/wp\/v2\/posts"}],"about":[{"href":"https:\/\/eltrabajo.cl\/portal\/wp-json\/wp\/v2\/types\/post"}],"author":[{"embeddable":true,"href":"https:\/\/eltrabajo.cl\/portal\/wp-json\/wp\/v2\/users\/1"}],"replies":[{"embeddable":true,"href":"https:\/\/eltrabajo.cl\/portal\/wp-json\/wp\/v2\/comments?post=81365"}],"version-history":[{"count":0,"href":"https:\/\/eltrabajo.cl\/portal\/wp-json\/wp\/v2\/posts\/81365\/revisions"}],"wp:featuredmedia":[{"embeddable":true,"href":"https:\/\/eltrabajo.cl\/portal\/wp-json\/wp\/v2\/media\/81366"}],"wp:attachment":[{"href":"https:\/\/eltrabajo.cl\/portal\/wp-json\/wp\/v2\/media?parent=81365"}],"wp:term":[{"taxonomy":"category","embeddable":true,"href":"https:\/\/eltrabajo.cl\/portal\/wp-json\/wp\/v2\/categories?post=81365"},{"taxonomy":"post_tag","embeddable":true,"href":"https:\/\/eltrabajo.cl\/portal\/wp-json\/wp\/v2\/tags?post=81365"}],"curies":[{"name":"wp","href":"https:\/\/api.w.org\/{rel}","templated":true}]}}