{"id":81377,"date":"2017-09-01T05:03:12","date_gmt":"2017-09-01T09:03:12","guid":{"rendered":"http:\/\/www.eltrabajo.cl\/2017\/?p=81377"},"modified":"2017-09-01T05:03:12","modified_gmt":"2017-09-01T09:03:12","slug":"alumnos-esc-fray-camilo-henriquez-desarrollan-novedoso-proyecto-audiovisual-al-estilo-31-minutos","status":"publish","type":"post","link":"https:\/\/eltrabajo.cl\/portal\/alumnos-esc-fray-camilo-henriquez-desarrollan-novedoso-proyecto-audiovisual-al-estilo-31-minutos\/","title":{"rendered":"Alumnos Esc. Fray Camilo Henr\u00edquez desarrollan novedoso proyecto audiovisual al estilo 31 Minutos"},"content":{"rendered":"<figure id=\"attachment_81378\" aria-describedby=\"caption-attachment-81378\" style=\"width: 580px\" class=\"wp-caption alignnone\"><img data-recalc-dims=\"1\" loading=\"lazy\" decoding=\"async\" class=\"size-full wp-image-81378\" src=\"https:\/\/i0.wp.com\/www.eltrabajo.cl\/2017\/wp-content\/uploads\/2017\/08\/plaza-algarrobal.jpg?resize=580%2C349\" alt=\"El sector de Algarrobal fue uno de los beneficiados, cuyos vecinos desde este fin de semana disponen de un nuevo y moderno espacio de \u00e1reas verdes de 1.730 m2, que incluye sombreaderos, pasto, plantas, juegos infantiles y mesa de ping pong y de ajedrez. \" width=\"580\" height=\"349\" srcset=\"https:\/\/i0.wp.com\/eltrabajo.cl\/portal\/wp-content\/uploads\/2017\/08\/plaza-algarrobal.jpg?w=580&amp;ssl=1 580w, https:\/\/i0.wp.com\/eltrabajo.cl\/portal\/wp-content\/uploads\/2017\/08\/plaza-algarrobal.jpg?resize=200%2C120&amp;ssl=1 200w, https:\/\/i0.wp.com\/eltrabajo.cl\/portal\/wp-content\/uploads\/2017\/08\/plaza-algarrobal.jpg?resize=300%2C181&amp;ssl=1 300w, https:\/\/i0.wp.com\/eltrabajo.cl\/portal\/wp-content\/uploads\/2017\/08\/plaza-algarrobal.jpg?resize=249%2C150&amp;ssl=1 249w, https:\/\/i0.wp.com\/eltrabajo.cl\/portal\/wp-content\/uploads\/2017\/08\/plaza-algarrobal.jpg?resize=400%2C241&amp;ssl=1 400w\" sizes=\"auto, (max-width: 580px) 100vw, 580px\" \/><figcaption id=\"caption-attachment-81378\" class=\"wp-caption-text\">El sector de Algarrobal fue uno de los beneficiados, cuyos vecinos desde este fin de semana disponen de un nuevo y moderno espacio de \u00e1reas verdes de 1.730 m2, que incluye sombreaderos, pasto, plantas, juegos infantiles y mesa de ping pong y de ajedrez.<\/figcaption><\/figure>\n<ul>\n<li><span style=\"color: #ff0000;\"><strong>Bomberos, Carabineros, profesores, locutores de radio y el alcalde, han sido los personajes entrevistados por estas marionetas, que interact\u00faan con sus preguntas.<\/strong> <\/span><\/li>\n<\/ul>\n<p><strong>PANQUEHUE.-<\/strong> Un grupo de alumnos de la escuela Fray Camilo Henr\u00edquez, est\u00e1n desarrollando un novedoso proyecto audiovisual, al estilo del programa 31 minutos.<br \/>\nTras una postulaci\u00f3n a un proyecto Enlace del Ministerio de Educaci\u00f3n, se adjudicaron los recursos que les permitir\u00e1n adquirir c\u00e1maras de video, accesorios y software de edici\u00f3n de video.<br \/>\nRoberto Cruz, profesor a cargo del proyecto de la citada escuela ubicada en el sector Lo Campo, afirm\u00f3 que la idea del proyecto es hacer una serie de entrevistas, utilizando marionetas al estilo del programa 31 minutos.<br \/>\n\u00abComo escuela postulamos a un proyecto Ministerial a trav\u00e9s de la Universidad Cat\u00f3lica, donde ten\u00edamos que confeccionar un taller de video en la escuela. Para ello buscamos a aquellos alumnos con las condiciones para su desarrollo y ten\u00edamos que hacer un cortometraje, el cual decidimos apuntarlo al programa 31 minutos, para que los ni\u00f1os puedan ir desarrollando otras habilidades, que se hacen habitualmente al interior de las salas de clases y que se refieren espec\u00edficamente a entrevistar, el uso de las c\u00e1maras y el manejo de micr\u00f3fonos. Ahora lo que haremos es confeccionar un compacto con las distintas entrevistas efectuadas por los t\u00edteres a las personalidades p\u00fablicas de la comuna de Panquehue, para finalmente ser distribuidos en las distintas escuelas, con el fin de trabajar el tema de las profesiones y oficios\u00bb.<br \/>\nEn la entrevista realizada por uno de los t\u00edteres al alcalde de la comuna Luis Pradenas, estuvo la alumna de quinto b\u00e1sico de la escuela Fray Camilo Henr\u00edquez, Emilia Vega Vergara, donde conoci\u00f3 un poco m\u00e1s de la vida personal de la autoridad comunal: \u00abMe pareci\u00f3 una muy buena entrevista, porque al final es f\u00e1cil entrevistar, ahora hay veces que me siento algo nerviosa, pero en el caso del alcalde qued\u00e9 muy conforme, m\u00e1s a\u00fan porque \u00e9l es una de las autoridades m\u00e1s importantes de mi comuna\u00bb.<br \/>\nTerminada la ronda de entrevistas, vendr\u00e1 el trabajo de edici\u00f3n y postproducci\u00f3n, donde la genialidad dar\u00e1 vida a este proyecto audiovisual del cual se tienen buenas expectativas.<\/p>\n","protected":false},"excerpt":{"rendered":"<p>Bomberos, Carabineros, profesores, locutores de radio y el alcalde, han sido los personajes entrevistados por estas marionetas, que interact\u00faan con sus preguntas. PANQUEHUE.- Un grupo de alumnos de la escuela Fray Camilo&#8230;<\/p>\n","protected":false},"author":1,"featured_media":81378,"comment_status":"open","ping_status":"open","sticky":false,"template":"","format":"standard","meta":{"advanced_seo_description":"","jetpack_seo_html_title":"","jetpack_seo_noindex":false,"_jetpack_memberships_contains_paid_content":false,"footnotes":""},"categories":[1],"tags":[],"class_list":["post-81377","post","type-post","status-publish","format-standard","has-post-thumbnail","hentry","category-cronica"],"jetpack_featured_media_url":"https:\/\/i0.wp.com\/eltrabajo.cl\/portal\/wp-content\/uploads\/2017\/08\/plaza-algarrobal.jpg?fit=580%2C349&ssl=1","jetpack_sharing_enabled":true,"jetpack_likes_enabled":true,"jetpack-related-posts":[],"_links":{"self":[{"href":"https:\/\/eltrabajo.cl\/portal\/wp-json\/wp\/v2\/posts\/81377","targetHints":{"allow":["GET"]}}],"collection":[{"href":"https:\/\/eltrabajo.cl\/portal\/wp-json\/wp\/v2\/posts"}],"about":[{"href":"https:\/\/eltrabajo.cl\/portal\/wp-json\/wp\/v2\/types\/post"}],"author":[{"embeddable":true,"href":"https:\/\/eltrabajo.cl\/portal\/wp-json\/wp\/v2\/users\/1"}],"replies":[{"embeddable":true,"href":"https:\/\/eltrabajo.cl\/portal\/wp-json\/wp\/v2\/comments?post=81377"}],"version-history":[{"count":0,"href":"https:\/\/eltrabajo.cl\/portal\/wp-json\/wp\/v2\/posts\/81377\/revisions"}],"wp:featuredmedia":[{"embeddable":true,"href":"https:\/\/eltrabajo.cl\/portal\/wp-json\/wp\/v2\/media\/81378"}],"wp:attachment":[{"href":"https:\/\/eltrabajo.cl\/portal\/wp-json\/wp\/v2\/media?parent=81377"}],"wp:term":[{"taxonomy":"category","embeddable":true,"href":"https:\/\/eltrabajo.cl\/portal\/wp-json\/wp\/v2\/categories?post=81377"},{"taxonomy":"post_tag","embeddable":true,"href":"https:\/\/eltrabajo.cl\/portal\/wp-json\/wp\/v2\/tags?post=81377"}],"curies":[{"name":"wp","href":"https:\/\/api.w.org\/{rel}","templated":true}]}}