{"id":81380,"date":"2017-09-01T05:04:09","date_gmt":"2017-09-01T09:04:09","guid":{"rendered":"http:\/\/www.eltrabajo.cl\/2017\/?p=81380"},"modified":"2017-09-01T05:04:09","modified_gmt":"2017-09-01T09:04:09","slug":"ascensores-del-edificio-de-los-servicios-publicos-continuaran-sin-poder-funcionar","status":"publish","type":"post","link":"https:\/\/eltrabajo.cl\/portal\/ascensores-del-edificio-de-los-servicios-publicos-continuaran-sin-poder-funcionar\/","title":{"rendered":"Ascensores del edificio de los servicios p\u00fablicos continuar\u00e1n sin poder funcionar"},"content":{"rendered":"<figure id=\"attachment_81382\" aria-describedby=\"caption-attachment-81382\" style=\"width: 580px\" class=\"wp-caption alignnone\"><img data-recalc-dims=\"1\" loading=\"lazy\" decoding=\"async\" class=\"size-full wp-image-81382\" src=\"https:\/\/i0.wp.com\/www.eltrabajo.cl\/2017\/wp-content\/uploads\/2017\/08\/Gober_Rodolfo-Pizarro.jpg?resize=580%2C474\" alt=\"Rodolfo Pizarro, abogado titular de la Gobernaci\u00f3n de San Felipe.\" width=\"580\" height=\"474\" srcset=\"https:\/\/i0.wp.com\/eltrabajo.cl\/portal\/wp-content\/uploads\/2017\/08\/Gober_Rodolfo-Pizarro.jpg?w=580&amp;ssl=1 580w, https:\/\/i0.wp.com\/eltrabajo.cl\/portal\/wp-content\/uploads\/2017\/08\/Gober_Rodolfo-Pizarro.jpg?resize=184%2C150&amp;ssl=1 184w, https:\/\/i0.wp.com\/eltrabajo.cl\/portal\/wp-content\/uploads\/2017\/08\/Gober_Rodolfo-Pizarro.jpg?resize=300%2C245&amp;ssl=1 300w, https:\/\/i0.wp.com\/eltrabajo.cl\/portal\/wp-content\/uploads\/2017\/08\/Gober_Rodolfo-Pizarro.jpg?resize=400%2C327&amp;ssl=1 400w\" sizes=\"auto, (max-width: 580px) 100vw, 580px\" \/><figcaption id=\"caption-attachment-81382\" class=\"wp-caption-text\">Rodolfo Pizarro, abogado titular de la Gobernaci\u00f3n de San Felipe.<\/figcaption><\/figure>\n<ul>\n<li><span style=\"color: #ff0000;\"><strong>Gobernaci\u00f3n busca organizar distintos departamentos:<\/strong><\/span><\/li>\n<\/ul>\n<p>Fueron varios a\u00f1os los que los sanfelipe\u00f1os debimos esperar para contar con un ascensor que funcionara en el edificio de los servicios p\u00fablicos y que alberga a la Gobernaci\u00f3n de San Felipe. Cuando finalmente \u00e9ste fue instalado hace un par de a\u00f1os, se supon\u00eda que las cosas mejorar\u00edan para los usuarios de ese edificio, sin embargo desde hace casi un mes este dispositivo est\u00e1 clausurado.<br \/>\nDiario El Trabajo consult\u00f3 a Rodolfo Pizarro, abogado de la Gobernaci\u00f3n de San Felipe, sobre las razones que tienen paralizados este servicio.<br \/>\n\u00abLo primero que hay que precisar es que si se paraliz\u00f3 el sistema de ascensores, fue por prevenci\u00f3n y seguridad, pues \u00e9stos por muy modernos que sean, hay que tenerlos en reparaci\u00f3n y mantenimiento constante (\u2026) Debo eso s\u00ed aclarar, que este edificio no pertenece a la Gobernaci\u00f3n, este es un inmueble fiscal, que est\u00e1 sujeto a una normativa y es Bienes Nacionales que lo administra y se lo da en concesi\u00f3n a los diferentes servicios ocupantes, para eso hay que regularizar la administraci\u00f3n haciendo aplicable las normas de la copropiedad, por lo tanto hay que tener un comit\u00e9 de administraci\u00f3n y un reglamento, de momento estamos haciendo cabeza nosotros en Gobernaci\u00f3n\u00bb.<\/p>\n<p><span style=\"color: #ff0000;\"><strong>A PAGAR TODOS<\/strong><\/span><br \/>\nSeg\u00fan el profesional, hasta hace poco tiempo Gobernaci\u00f3n hab\u00eda pagado reparaciones y mantenimiento de los ascensores, pero Contralor\u00eda prohibi\u00f3 que se siguiera haciendo, determinando entonces que los servicios p\u00fablicos que funcionan en ese edificio tengan que organizarse para pagar a modo de gastos comunes, todo lo referente a ese rubro de mantenimiento y otros gastos.<br \/>\n\u00abEste reglamento ya est\u00e1 redactado y est\u00e1 en proceso de visaci\u00f3n y esperamos que a la brevedad est\u00e9 normalizado y tener as\u00ed una estructura jur\u00eddica, y los que usamos este edificio podamos pagar as\u00ed proporcionalmente los respectivos gastos comunes (\u2026) Yo no me atrevo a dar fechas, pero espero que muy pronto tengamos en uso estos ascensores. Ya la Contralor\u00eda nos dijo que no podremos seguir pagando nosotros mantenimiento, ahora tenemos que hacerlo entre todos por medio de este comit\u00e9 y con este reglamento\u00bb, detall\u00f3 Pizarro.<br \/>\n<strong>Roberto Gonz\u00e1lez Short<\/strong><\/p>\n<figure id=\"attachment_81381\" aria-describedby=\"caption-attachment-81381\" style=\"width: 580px\" class=\"wp-caption alignnone\"><img data-recalc-dims=\"1\" loading=\"lazy\" decoding=\"async\" class=\"size-full wp-image-81381\" src=\"https:\/\/i0.wp.com\/www.eltrabajo.cl\/2017\/wp-content\/uploads\/2017\/08\/Gober1.jpg?resize=580%2C348\" alt=\"PARALIZADOS.- Desde hace ya casi un mes los ascensores del edificio de Gobernaci\u00f3n de San Felipe est\u00e1n paralizados, obligando a los usuarios tener que subir escaleras.\" width=\"580\" height=\"348\" srcset=\"https:\/\/i0.wp.com\/eltrabajo.cl\/portal\/wp-content\/uploads\/2017\/08\/Gober1.jpg?w=580&amp;ssl=1 580w, https:\/\/i0.wp.com\/eltrabajo.cl\/portal\/wp-content\/uploads\/2017\/08\/Gober1.jpg?resize=200%2C120&amp;ssl=1 200w, https:\/\/i0.wp.com\/eltrabajo.cl\/portal\/wp-content\/uploads\/2017\/08\/Gober1.jpg?resize=300%2C180&amp;ssl=1 300w, https:\/\/i0.wp.com\/eltrabajo.cl\/portal\/wp-content\/uploads\/2017\/08\/Gober1.jpg?resize=250%2C150&amp;ssl=1 250w, https:\/\/i0.wp.com\/eltrabajo.cl\/portal\/wp-content\/uploads\/2017\/08\/Gober1.jpg?resize=400%2C240&amp;ssl=1 400w\" sizes=\"auto, (max-width: 580px) 100vw, 580px\" \/><figcaption id=\"caption-attachment-81381\" class=\"wp-caption-text\">PARALIZADOS.- Desde hace ya casi un mes los ascensores del edificio de Gobernaci\u00f3n de San Felipe est\u00e1n paralizados, obligando a los usuarios tener que subir escaleras.<\/figcaption><\/figure>\n","protected":false},"excerpt":{"rendered":"<p>Gobernaci\u00f3n busca organizar distintos departamentos: Fueron varios a\u00f1os los que los sanfelipe\u00f1os debimos esperar para contar con un ascensor que funcionara en el edificio de los servicios p\u00fablicos y que alberga a&#8230;<\/p>\n","protected":false},"author":1,"featured_media":81381,"comment_status":"open","ping_status":"open","sticky":false,"template":"","format":"standard","meta":{"advanced_seo_description":"","jetpack_seo_html_title":"","jetpack_seo_noindex":false,"_jetpack_memberships_contains_paid_content":false,"footnotes":""},"categories":[1],"tags":[],"class_list":["post-81380","post","type-post","status-publish","format-standard","has-post-thumbnail","hentry","category-cronica"],"jetpack_featured_media_url":"https:\/\/i0.wp.com\/eltrabajo.cl\/portal\/wp-content\/uploads\/2017\/08\/Gober1.jpg?fit=580%2C348&ssl=1","jetpack_sharing_enabled":true,"jetpack_likes_enabled":true,"jetpack-related-posts":[],"_links":{"self":[{"href":"https:\/\/eltrabajo.cl\/portal\/wp-json\/wp\/v2\/posts\/81380","targetHints":{"allow":["GET"]}}],"collection":[{"href":"https:\/\/eltrabajo.cl\/portal\/wp-json\/wp\/v2\/posts"}],"about":[{"href":"https:\/\/eltrabajo.cl\/portal\/wp-json\/wp\/v2\/types\/post"}],"author":[{"embeddable":true,"href":"https:\/\/eltrabajo.cl\/portal\/wp-json\/wp\/v2\/users\/1"}],"replies":[{"embeddable":true,"href":"https:\/\/eltrabajo.cl\/portal\/wp-json\/wp\/v2\/comments?post=81380"}],"version-history":[{"count":0,"href":"https:\/\/eltrabajo.cl\/portal\/wp-json\/wp\/v2\/posts\/81380\/revisions"}],"wp:featuredmedia":[{"embeddable":true,"href":"https:\/\/eltrabajo.cl\/portal\/wp-json\/wp\/v2\/media\/81381"}],"wp:attachment":[{"href":"https:\/\/eltrabajo.cl\/portal\/wp-json\/wp\/v2\/media?parent=81380"}],"wp:term":[{"taxonomy":"category","embeddable":true,"href":"https:\/\/eltrabajo.cl\/portal\/wp-json\/wp\/v2\/categories?post=81380"},{"taxonomy":"post_tag","embeddable":true,"href":"https:\/\/eltrabajo.cl\/portal\/wp-json\/wp\/v2\/tags?post=81380"}],"curies":[{"name":"wp","href":"https:\/\/api.w.org\/{rel}","templated":true}]}}