{"id":81384,"date":"2017-09-01T05:05:35","date_gmt":"2017-09-01T09:05:35","guid":{"rendered":"http:\/\/www.eltrabajo.cl\/2017\/?p=81384"},"modified":"2017-09-01T05:05:35","modified_gmt":"2017-09-01T09:05:35","slug":"frustran-robo-a-local-de-plaza-de-armas-capturando-a-dos-antisociales","status":"publish","type":"post","link":"https:\/\/eltrabajo.cl\/portal\/frustran-robo-a-local-de-plaza-de-armas-capturando-a-dos-antisociales\/","title":{"rendered":"Frustran robo a local de Plaza de Armas capturando a dos antisociales"},"content":{"rendered":"<figure id=\"attachment_81386\" aria-describedby=\"caption-attachment-81386\" style=\"width: 580px\" class=\"wp-caption alignnone\"><img data-recalc-dims=\"1\" loading=\"lazy\" decoding=\"async\" class=\"size-full wp-image-81386\" src=\"https:\/\/i0.wp.com\/www.eltrabajo.cl\/2017\/wp-content\/uploads\/2017\/08\/LOCAL-1.jpg?resize=580%2C349\" alt=\"Recordemos que este mi\u00e9rcoles un locatario de la Plaza de Armas de San Felipe, denunci\u00f3 el robo de especies por desconocidos que se apoderaron de diversas especies y dinero en efectivo.\" width=\"580\" height=\"349\" srcset=\"https:\/\/i0.wp.com\/eltrabajo.cl\/portal\/wp-content\/uploads\/2017\/08\/LOCAL-1.jpg?w=580&amp;ssl=1 580w, https:\/\/i0.wp.com\/eltrabajo.cl\/portal\/wp-content\/uploads\/2017\/08\/LOCAL-1.jpg?resize=200%2C120&amp;ssl=1 200w, https:\/\/i0.wp.com\/eltrabajo.cl\/portal\/wp-content\/uploads\/2017\/08\/LOCAL-1.jpg?resize=300%2C181&amp;ssl=1 300w, https:\/\/i0.wp.com\/eltrabajo.cl\/portal\/wp-content\/uploads\/2017\/08\/LOCAL-1.jpg?resize=249%2C150&amp;ssl=1 249w, https:\/\/i0.wp.com\/eltrabajo.cl\/portal\/wp-content\/uploads\/2017\/08\/LOCAL-1.jpg?resize=400%2C241&amp;ssl=1 400w\" sizes=\"auto, (max-width: 580px) 100vw, 580px\" \/><figcaption id=\"caption-attachment-81386\" class=\"wp-caption-text\">Recordemos que este mi\u00e9rcoles un locatario de la Plaza de Armas de San Felipe, denunci\u00f3 el robo de especies por desconocidos que se apoderaron de diversas especies y dinero en efectivo.<\/figcaption><\/figure>\n<ul>\n<li><strong><span style=\"color: #ff0000;\">Se movilizaban a bordo de una motocicleta:<\/span>\u00a0Uno de los delincuentes, quien se desempe\u00f1ar\u00eda como lavador de autom\u00f3viles, apodado \u2018El Loco Klein\u2019, fue reducido por el guardia cuando efectuaba el robo, mientras su presunto c\u00f3mplice lo esperaba a bordo del m\u00f3vil con el motor encendido.<\/strong><\/li>\n<\/ul>\n<p>Dos antisociales fueron detenidos en flagrancia por Carabineros luego de ser descubiertos robando diversas especies desde uno de los locales instalados en la Plaza de Armas de San Felipe, siendo uno de ellos retenido por el rond\u00edn mientras el segundo fue reducido por Carabineros. \u00c9ste \u00faltimo aparentemente esperaba a su c\u00f3mplice a bordo de una motocicleta.<br \/>\nLos hechos quedaron al descubierto a eso de las 01:15 horas de la madrugada de ayer jueves, luego que el guardia de seguridad de los locales instalados en el principal paseo p\u00fablico de esta comuna, advirti\u00f3 la presencia de dos sujetos por calle Prat, a la altura del 828, quienes circulaban a bordo de una motocicleta.<br \/>\nEn esos instantes uno de los delincuentes descendi\u00f3 del m\u00f3vil rasgando la lona que cubren estos locales comerciales, espec\u00edficamente en el puesto de venta de frutas confitadas, siendo retenido por el rond\u00edn de 52 a\u00f1os de edad, quien redujo al delincuente para dar cuenta del hecho a Carabineros, individualizando al sujeto quien se desempe\u00f1ar\u00eda como lavador de autom\u00f3viles de este sector, apodado \u2018El Loco Klein\u2019.<br \/>\nAfortunadamente una patrulla policial que circulaba por ese sector, advirti\u00f3 lo sucedido, interviniendo en la captura de un segundo sujeto, quien esperaba a su c\u00f3mplice a bordo de una motocicleta marca Keeway, con el motor encendido, a metros del lugar de los hechos.<br \/>\nAmbos imputados fueron identificados como Francis Milton Klein Alvarado, de 25 a\u00f1os de edad, y el presunto c\u00f3mplice E.R.P.V., 22 a\u00f1os, ambos con antecedentes policiales, el primero de ellos por delito de amenazas simples, lesiones leves y hurto.<br \/>\nLos imputados fueron derivados hasta el Juzgado de Garant\u00eda de San Felipe para ser formalizados por la Fiscal\u00eda, quedando en libertad al t\u00e9rmino de la audiencia, bajo las cautelares de prohibici\u00f3n de acercarse a la Plaza de Armas de San Felipe y arraigo nacional por los 60 d\u00edas fijados por este tribunal para la investigaci\u00f3n del caso.<br \/>\nRecordemos que durante la madrugada de este mi\u00e9rcoles, locatarios de este mismo lugar denunciaron el robo de especies por sujetos desconocidos, quienes se habr\u00edan apoderado de relojes, vestuario, lentes y dinero en efectivo. Seg\u00fan el testimonio de uno de los afectados en aquella oportunidad, las p\u00e9rdidas alcanzaron a un total de un mill\u00f3n doscientos mil pesos.<br \/>\n<strong>Pablo Salinas Sald\u00edas<\/strong><\/p>\n<figure id=\"attachment_81385\" aria-describedby=\"caption-attachment-81385\" style=\"width: 580px\" class=\"wp-caption alignnone\"><img data-recalc-dims=\"1\" loading=\"lazy\" decoding=\"async\" class=\"size-full wp-image-81385\" src=\"https:\/\/i0.wp.com\/www.eltrabajo.cl\/2017\/wp-content\/uploads\/2017\/08\/Policias1.jpg?resize=580%2C349\" alt=\"Carabineros de San Felipe resguardando la seguridad en la Plaza de Armas de la comuna ante los \u00faltimos acontecimientos delictuales ocurridos.\" width=\"580\" height=\"349\" srcset=\"https:\/\/i0.wp.com\/eltrabajo.cl\/portal\/wp-content\/uploads\/2017\/08\/Policias1.jpg?w=580&amp;ssl=1 580w, https:\/\/i0.wp.com\/eltrabajo.cl\/portal\/wp-content\/uploads\/2017\/08\/Policias1.jpg?resize=200%2C120&amp;ssl=1 200w, https:\/\/i0.wp.com\/eltrabajo.cl\/portal\/wp-content\/uploads\/2017\/08\/Policias1.jpg?resize=300%2C181&amp;ssl=1 300w, https:\/\/i0.wp.com\/eltrabajo.cl\/portal\/wp-content\/uploads\/2017\/08\/Policias1.jpg?resize=249%2C150&amp;ssl=1 249w, https:\/\/i0.wp.com\/eltrabajo.cl\/portal\/wp-content\/uploads\/2017\/08\/Policias1.jpg?resize=400%2C241&amp;ssl=1 400w\" sizes=\"auto, (max-width: 580px) 100vw, 580px\" \/><figcaption id=\"caption-attachment-81385\" class=\"wp-caption-text\">Carabineros de San Felipe resguardando la seguridad en la Plaza de Armas de la comuna ante los \u00faltimos acontecimientos delictuales ocurridos.<\/figcaption><\/figure>\n","protected":false},"excerpt":{"rendered":"<p>Se movilizaban a bordo de una motocicleta:\u00a0Uno de los delincuentes, quien se desempe\u00f1ar\u00eda como lavador de autom\u00f3viles, apodado \u2018El Loco Klein\u2019, fue reducido por el guardia cuando efectuaba el robo, mientras su&#8230;<\/p>\n","protected":false},"author":1,"featured_media":81385,"comment_status":"open","ping_status":"open","sticky":false,"template":"","format":"standard","meta":{"advanced_seo_description":"","jetpack_seo_html_title":"","jetpack_seo_noindex":false,"_jetpack_memberships_contains_paid_content":false,"footnotes":""},"categories":[21],"tags":[],"class_list":["post-81384","post","type-post","status-publish","format-standard","has-post-thumbnail","hentry","category-policial"],"jetpack_featured_media_url":"https:\/\/i0.wp.com\/eltrabajo.cl\/portal\/wp-content\/uploads\/2017\/08\/Policias1.jpg?fit=580%2C349&ssl=1","jetpack_sharing_enabled":true,"jetpack_likes_enabled":true,"jetpack-related-posts":[],"_links":{"self":[{"href":"https:\/\/eltrabajo.cl\/portal\/wp-json\/wp\/v2\/posts\/81384","targetHints":{"allow":["GET"]}}],"collection":[{"href":"https:\/\/eltrabajo.cl\/portal\/wp-json\/wp\/v2\/posts"}],"about":[{"href":"https:\/\/eltrabajo.cl\/portal\/wp-json\/wp\/v2\/types\/post"}],"author":[{"embeddable":true,"href":"https:\/\/eltrabajo.cl\/portal\/wp-json\/wp\/v2\/users\/1"}],"replies":[{"embeddable":true,"href":"https:\/\/eltrabajo.cl\/portal\/wp-json\/wp\/v2\/comments?post=81384"}],"version-history":[{"count":0,"href":"https:\/\/eltrabajo.cl\/portal\/wp-json\/wp\/v2\/posts\/81384\/revisions"}],"wp:featuredmedia":[{"embeddable":true,"href":"https:\/\/eltrabajo.cl\/portal\/wp-json\/wp\/v2\/media\/81385"}],"wp:attachment":[{"href":"https:\/\/eltrabajo.cl\/portal\/wp-json\/wp\/v2\/media?parent=81384"}],"wp:term":[{"taxonomy":"category","embeddable":true,"href":"https:\/\/eltrabajo.cl\/portal\/wp-json\/wp\/v2\/categories?post=81384"},{"taxonomy":"post_tag","embeddable":true,"href":"https:\/\/eltrabajo.cl\/portal\/wp-json\/wp\/v2\/tags?post=81384"}],"curies":[{"name":"wp","href":"https:\/\/api.w.org\/{rel}","templated":true}]}}