{"id":81388,"date":"2017-09-01T05:06:39","date_gmt":"2017-09-01T09:06:39","guid":{"rendered":"http:\/\/www.eltrabajo.cl\/2017\/?p=81388"},"modified":"2017-09-01T05:06:39","modified_gmt":"2017-09-01T09:06:39","slug":"alexander-perez-gana-la-iii-copa-de-ajedrez-diario-el-trabajo-2017","status":"publish","type":"post","link":"https:\/\/eltrabajo.cl\/portal\/alexander-perez-gana-la-iii-copa-de-ajedrez-diario-el-trabajo-2017\/","title":{"rendered":"Alexander P\u00e9rez gana la III Copa de Ajedrez Diario El Trabajo 2017"},"content":{"rendered":"<figure id=\"attachment_81393\" aria-describedby=\"caption-attachment-81393\" style=\"width: 580px\" class=\"wp-caption alignnone\"><img data-recalc-dims=\"1\" loading=\"lazy\" decoding=\"async\" class=\"size-full wp-image-81393\" src=\"https:\/\/i0.wp.com\/www.eltrabajo.cl\/2017\/wp-content\/uploads\/2017\/08\/Copa4.jpg?resize=580%2C350\" alt=\"JUEGAN POR LA COPA.- En 2015 la Copa Diario El Trabajo la gan\u00f3 la ni\u00f1a Lisbeth Raymonson, y en 2016 el ganador del torneo result\u00f3 ser Arturo Avenda\u00f1o, ambos de la Escuela Jos\u00e9 de San Mart\u00edn, ahora Alexander P\u00e9rez se levanta como el Campe\u00f3n 2017, hasta que alguien diga lo contrario el otro a\u00f1o.\" width=\"580\" height=\"350\" srcset=\"https:\/\/i0.wp.com\/eltrabajo.cl\/portal\/wp-content\/uploads\/2017\/08\/Copa4.jpg?w=580&amp;ssl=1 580w, https:\/\/i0.wp.com\/eltrabajo.cl\/portal\/wp-content\/uploads\/2017\/08\/Copa4.jpg?resize=200%2C121&amp;ssl=1 200w, https:\/\/i0.wp.com\/eltrabajo.cl\/portal\/wp-content\/uploads\/2017\/08\/Copa4.jpg?resize=300%2C181&amp;ssl=1 300w, https:\/\/i0.wp.com\/eltrabajo.cl\/portal\/wp-content\/uploads\/2017\/08\/Copa4.jpg?resize=249%2C150&amp;ssl=1 249w, https:\/\/i0.wp.com\/eltrabajo.cl\/portal\/wp-content\/uploads\/2017\/08\/Copa4.jpg?resize=400%2C241&amp;ssl=1 400w\" sizes=\"auto, (max-width: 580px) 100vw, 580px\" \/><figcaption id=\"caption-attachment-81393\" class=\"wp-caption-text\">JUEGAN POR LA COPA.- En 2015 la Copa Diario El Trabajo la gan\u00f3 la ni\u00f1a Lisbeth Raymonson, y en 2016 el ganador del torneo result\u00f3 ser Arturo Avenda\u00f1o, ambos de la Escuela Jos\u00e9 de San Mart\u00edn, ahora Alexander P\u00e9rez se levanta como el Campe\u00f3n 2017, hasta que alguien diga lo contrario el otro a\u00f1o.<\/figcaption><\/figure>\n<ul>\n<li><span style=\"color: #ff0000;\"><strong>Joven asegura que le result\u00f3 f\u00e1cil ganar este torneo:<\/strong><\/span><\/li>\n<\/ul>\n<p>Todo un reto deportivo represent\u00f3 para los ajedrecistas escolares que ayer dieron vida a la III Copa de Ajedrez Diario El Trabajo 2017, jornada interescolar organizada por la Escuela Jos\u00e9 de San Mart\u00edn en horas de la tarde en los salones de la casa estudiantil. En esta oportunidad se disputaron los premios ni\u00f1os de 6 a 9; 10 a 12; 13 a 14 y 15 a 18 a\u00f1os de edad.<br \/>\nLuego de disputarse todas las rondas iniciales, clasificatorias y finalistas, los n\u00fameros dieron como ganador de este torneo al estudiante Alexander P\u00e9rez, de la Escuela Jos\u00e9 de San Mart\u00edn, quien supo con gran destreza dar cuenta de sus adversarios y dejarlos en el camino. En la categor\u00eda 13 a 18 a\u00f1os gan\u00f3 el primer lugar el joven Arturo Avenda\u00f1o, y el peque\u00f1ito Alonso Higuera, de Curim\u00f3n, gan\u00f3 su primer lugar en la categor\u00eda de 6 a 9 a\u00f1os.<\/p>\n<p><span style=\"color: #ff0000;\"><strong>\u00abGAN\u00c9 F\u00c1CILMENTE\u00bb<\/strong><\/span><br \/>\nA la actividad asisti\u00f3 el director de Diario El Trabajo, el periodista Marco Antonio Juri, la diagramadora Ang\u00e9lica Juri y personal del establecimiento. En la ocasi\u00f3n se hizo entrega de los trofeos a los ganadores principales y dem\u00e1s participantes.<br \/>\nNuestro medio habl\u00f3 con el joven campe\u00f3n 2017 del torneo, Alexander P\u00e9rez: \u00abNunca me imagin\u00e9 que fuera tan f\u00e1cil, estoy sorprendido, agradezco a Diario El Trabajo por apoyarnos en este deporte, a la escuela y a todos los que jugaron contra m\u00ed. Gan\u00e9 en un final de Reina y Torre, contra Ignacio Montenegro\u00bb.<\/p>\n<p><span style=\"color: #ff0000;\"><strong>DIRECTORA AGRADECE<\/strong><\/span><br \/>\nTambi\u00e9n la directora del establecimiento tuvo palabras para nuestros lectores.<br \/>\n\u00abLa Copa de Ajedrez Diario El Trabajo es una idea original que en nuestra escuela empezamos a desarrollar una vez al a\u00f1o en honor a este importante medio escrito del Valle de Aconcagua. Cuando el profesor Guillermo Quijanes nos propuso el proyecto, vimos en \u00e9l mismo una muy buena oportunidad para destacar en este torneo a los m\u00e1s h\u00e1biles ajedrecistas del valle, as\u00ed, cada a\u00f1o el inter\u00e9s en participar ha ido en aumento, actualmente ya es una tradici\u00f3n y esperamos seguir haciendo este campeonato por muchos a\u00f1os\u00bb, coment\u00f3 a Diario El Trabajo la directora de la escuela, Ximena Baquedano.<br \/>\nEs importante recordar a nuestros lectores que en 2015 la Copa Diario El Trabajo la gan\u00f3 la ni\u00f1a Lisbeth Raymonson, y en 2016 el ganador del torneo result\u00f3 ser Arturo Avenda\u00f1o, ambos de la Escuela Jos\u00e9 de San Mart\u00edn. Ahora Alexander P\u00e9rez se levanta como el Campe\u00f3n 2017, hasta que alguien diga lo contrario el otro a\u00f1o.<br \/>\n<strong>Roberto Gonz\u00e1lez Short<\/strong><\/p>\n<figure id=\"attachment_81389\" aria-describedby=\"caption-attachment-81389\" style=\"width: 580px\" class=\"wp-caption alignnone\"><img data-recalc-dims=\"1\" loading=\"lazy\" decoding=\"async\" class=\"size-full wp-image-81389\" src=\"https:\/\/i0.wp.com\/www.eltrabajo.cl\/2017\/wp-content\/uploads\/2017\/08\/Copa_Alexander-Perez.jpg?resize=580%2C500\" alt=\"NUESTRO CAMPE\u00d3N.- Alexander P\u00e9rez, alumno de 6\u00ba de la escuela anfitriona, y nuevo Campe\u00f3n de la Copa Diario El Trabajo.\" width=\"580\" height=\"500\" srcset=\"https:\/\/i0.wp.com\/eltrabajo.cl\/portal\/wp-content\/uploads\/2017\/08\/Copa_Alexander-Perez.jpg?w=580&amp;ssl=1 580w, https:\/\/i0.wp.com\/eltrabajo.cl\/portal\/wp-content\/uploads\/2017\/08\/Copa_Alexander-Perez.jpg?resize=174%2C150&amp;ssl=1 174w, https:\/\/i0.wp.com\/eltrabajo.cl\/portal\/wp-content\/uploads\/2017\/08\/Copa_Alexander-Perez.jpg?resize=300%2C259&amp;ssl=1 300w, https:\/\/i0.wp.com\/eltrabajo.cl\/portal\/wp-content\/uploads\/2017\/08\/Copa_Alexander-Perez.jpg?resize=400%2C345&amp;ssl=1 400w\" sizes=\"auto, (max-width: 580px) 100vw, 580px\" \/><figcaption id=\"caption-attachment-81389\" class=\"wp-caption-text\">NUESTRO CAMPE\u00d3N.- Alexander P\u00e9rez, alumno de 6\u00ba de la escuela anfitriona, y nuevo Campe\u00f3n de la Copa Diario El Trabajo.<\/figcaption><\/figure>\n<figure id=\"attachment_81390\" aria-describedby=\"caption-attachment-81390\" style=\"width: 580px\" class=\"wp-caption alignnone\"><img data-recalc-dims=\"1\" loading=\"lazy\" decoding=\"async\" class=\"size-full wp-image-81390\" src=\"https:\/\/i0.wp.com\/www.eltrabajo.cl\/2017\/wp-content\/uploads\/2017\/08\/Copa1-1.jpg?resize=580%2C349\" alt=\"TENEMOS CAMPE\u00d3N.- Todo un reto deportivo represent\u00f3 para los ajedrecistas escolares que ayer dieron vida a la III Copa de Ajedrez Diario El Trabajo 2017, jornada interescolar organizada por la Escuela Jos\u00e9 de San Mart\u00edn en horas de la tarde en los salones de la casa estudiantil. En esta oportunidad se disputaron los premios ni\u00f1os de 6 a 9; 10 a 12; 13 a 14 y 15 a 18 a\u00f1os de edad. \" width=\"580\" height=\"349\" srcset=\"https:\/\/i0.wp.com\/eltrabajo.cl\/portal\/wp-content\/uploads\/2017\/08\/Copa1-1.jpg?w=580&amp;ssl=1 580w, https:\/\/i0.wp.com\/eltrabajo.cl\/portal\/wp-content\/uploads\/2017\/08\/Copa1-1.jpg?resize=200%2C120&amp;ssl=1 200w, https:\/\/i0.wp.com\/eltrabajo.cl\/portal\/wp-content\/uploads\/2017\/08\/Copa1-1.jpg?resize=300%2C181&amp;ssl=1 300w, https:\/\/i0.wp.com\/eltrabajo.cl\/portal\/wp-content\/uploads\/2017\/08\/Copa1-1.jpg?resize=249%2C150&amp;ssl=1 249w, https:\/\/i0.wp.com\/eltrabajo.cl\/portal\/wp-content\/uploads\/2017\/08\/Copa1-1.jpg?resize=400%2C241&amp;ssl=1 400w\" sizes=\"auto, (max-width: 580px) 100vw, 580px\" \/><figcaption id=\"caption-attachment-81390\" class=\"wp-caption-text\">TENEMOS CAMPE\u00d3N.- Todo un reto deportivo represent\u00f3 para los ajedrecistas escolares que ayer dieron vida a la III Copa de Ajedrez Diario El Trabajo 2017, jornada interescolar organizada por la Escuela Jos\u00e9 de San Mart\u00edn en horas de la tarde en los salones de la casa estudiantil. En esta oportunidad se disputaron los premios ni\u00f1os de 6 a 9; 10 a 12; 13 a 14 y 15 a 18 a\u00f1os de edad.<\/figcaption><\/figure>\n<figure id=\"attachment_81391\" aria-describedby=\"caption-attachment-81391\" style=\"width: 578px\" class=\"wp-caption alignnone\"><img data-recalc-dims=\"1\" loading=\"lazy\" decoding=\"async\" class=\"size-full wp-image-81391\" src=\"https:\/\/i0.wp.com\/www.eltrabajo.cl\/2017\/wp-content\/uploads\/2017\/08\/Copa2-1.jpg?resize=578%2C350\" alt=\"J\u00d3VENES DEL AJEDREZ.- Fueron instantes de nervios, alegr\u00edas y frustraciones durante la jornada de la III Copa de Ajedrez Diario El Trabajo 2017.\" width=\"578\" height=\"350\" srcset=\"https:\/\/i0.wp.com\/eltrabajo.cl\/portal\/wp-content\/uploads\/2017\/08\/Copa2-1.jpg?w=578&amp;ssl=1 578w, https:\/\/i0.wp.com\/eltrabajo.cl\/portal\/wp-content\/uploads\/2017\/08\/Copa2-1.jpg?resize=200%2C121&amp;ssl=1 200w, https:\/\/i0.wp.com\/eltrabajo.cl\/portal\/wp-content\/uploads\/2017\/08\/Copa2-1.jpg?resize=300%2C182&amp;ssl=1 300w, https:\/\/i0.wp.com\/eltrabajo.cl\/portal\/wp-content\/uploads\/2017\/08\/Copa2-1.jpg?resize=248%2C150&amp;ssl=1 248w, https:\/\/i0.wp.com\/eltrabajo.cl\/portal\/wp-content\/uploads\/2017\/08\/Copa2-1.jpg?resize=400%2C242&amp;ssl=1 400w\" sizes=\"auto, (max-width: 578px) 100vw, 578px\" \/><figcaption id=\"caption-attachment-81391\" class=\"wp-caption-text\">J\u00d3VENES DEL AJEDREZ.- Fueron instantes de nervios, alegr\u00edas y frustraciones durante la jornada de la III Copa de Ajedrez Diario El Trabajo 2017.<\/figcaption><\/figure>\n<figure id=\"attachment_81392\" aria-describedby=\"caption-attachment-81392\" style=\"width: 580px\" class=\"wp-caption alignnone\"><img data-recalc-dims=\"1\" loading=\"lazy\" decoding=\"async\" class=\"size-full wp-image-81392\" src=\"https:\/\/i0.wp.com\/www.eltrabajo.cl\/2017\/wp-content\/uploads\/2017\/08\/Copa3.jpg?resize=580%2C349\" alt=\"LOS GESTORES.- Guillermo Quijanes, Ang\u00e9lica Juri, Ximena Baquedano y el director de Diario El Trabajo Marco Antonio Juri, posan para nuestras c\u00e1maras con la copa simb\u00f3lica del torneo.\" width=\"580\" height=\"349\" srcset=\"https:\/\/i0.wp.com\/eltrabajo.cl\/portal\/wp-content\/uploads\/2017\/08\/Copa3.jpg?w=580&amp;ssl=1 580w, https:\/\/i0.wp.com\/eltrabajo.cl\/portal\/wp-content\/uploads\/2017\/08\/Copa3.jpg?resize=200%2C120&amp;ssl=1 200w, https:\/\/i0.wp.com\/eltrabajo.cl\/portal\/wp-content\/uploads\/2017\/08\/Copa3.jpg?resize=300%2C181&amp;ssl=1 300w, https:\/\/i0.wp.com\/eltrabajo.cl\/portal\/wp-content\/uploads\/2017\/08\/Copa3.jpg?resize=249%2C150&amp;ssl=1 249w, https:\/\/i0.wp.com\/eltrabajo.cl\/portal\/wp-content\/uploads\/2017\/08\/Copa3.jpg?resize=400%2C241&amp;ssl=1 400w\" sizes=\"auto, (max-width: 580px) 100vw, 580px\" \/><figcaption id=\"caption-attachment-81392\" class=\"wp-caption-text\">LOS GESTORES.- Guillermo Quijanes, Ang\u00e9lica Juri, Ximena Baquedano y el director de Diario El Trabajo Marco Antonio Juri, posan para nuestras c\u00e1maras con la copa simb\u00f3lica del torneo.<\/figcaption><\/figure>\n","protected":false},"excerpt":{"rendered":"<p>Joven asegura que le result\u00f3 f\u00e1cil ganar este torneo: Todo un reto deportivo represent\u00f3 para los ajedrecistas escolares que ayer dieron vida a la III Copa de Ajedrez Diario El Trabajo 2017,&#8230;<\/p>\n","protected":false},"author":1,"featured_media":81390,"comment_status":"open","ping_status":"open","sticky":false,"template":"","format":"standard","meta":{"advanced_seo_description":"","jetpack_seo_html_title":"","jetpack_seo_noindex":false,"_jetpack_memberships_contains_paid_content":false,"footnotes":""},"categories":[15],"tags":[],"class_list":["post-81388","post","type-post","status-publish","format-standard","has-post-thumbnail","hentry","category-comunidad"],"jetpack_featured_media_url":"https:\/\/i0.wp.com\/eltrabajo.cl\/portal\/wp-content\/uploads\/2017\/08\/Copa1-1.jpg?fit=580%2C349&ssl=1","jetpack_sharing_enabled":true,"jetpack_likes_enabled":true,"jetpack-related-posts":[],"_links":{"self":[{"href":"https:\/\/eltrabajo.cl\/portal\/wp-json\/wp\/v2\/posts\/81388","targetHints":{"allow":["GET"]}}],"collection":[{"href":"https:\/\/eltrabajo.cl\/portal\/wp-json\/wp\/v2\/posts"}],"about":[{"href":"https:\/\/eltrabajo.cl\/portal\/wp-json\/wp\/v2\/types\/post"}],"author":[{"embeddable":true,"href":"https:\/\/eltrabajo.cl\/portal\/wp-json\/wp\/v2\/users\/1"}],"replies":[{"embeddable":true,"href":"https:\/\/eltrabajo.cl\/portal\/wp-json\/wp\/v2\/comments?post=81388"}],"version-history":[{"count":0,"href":"https:\/\/eltrabajo.cl\/portal\/wp-json\/wp\/v2\/posts\/81388\/revisions"}],"wp:featuredmedia":[{"embeddable":true,"href":"https:\/\/eltrabajo.cl\/portal\/wp-json\/wp\/v2\/media\/81390"}],"wp:attachment":[{"href":"https:\/\/eltrabajo.cl\/portal\/wp-json\/wp\/v2\/media?parent=81388"}],"wp:term":[{"taxonomy":"category","embeddable":true,"href":"https:\/\/eltrabajo.cl\/portal\/wp-json\/wp\/v2\/categories?post=81388"},{"taxonomy":"post_tag","embeddable":true,"href":"https:\/\/eltrabajo.cl\/portal\/wp-json\/wp\/v2\/tags?post=81388"}],"curies":[{"name":"wp","href":"https:\/\/api.w.org\/{rel}","templated":true}]}}