{"id":81395,"date":"2017-09-01T05:07:56","date_gmt":"2017-09-01T09:07:56","guid":{"rendered":"http:\/\/www.eltrabajo.cl\/2017\/?p=81395"},"modified":"2017-09-01T05:07:56","modified_gmt":"2017-09-01T09:07:56","slug":"indignacion-causa-gigantesco-taco-por-camiones-con-carga-de-alta-dimension","status":"publish","type":"post","link":"https:\/\/eltrabajo.cl\/portal\/indignacion-causa-gigantesco-taco-por-camiones-con-carga-de-alta-dimension\/","title":{"rendered":"Indignaci\u00f3n causa gigantesco taco por camiones con carga de alta dimensi\u00f3n"},"content":{"rendered":"<figure id=\"attachment_81396\" aria-describedby=\"caption-attachment-81396\" style=\"width: 580px\" class=\"wp-caption alignnone\"><img data-recalc-dims=\"1\" loading=\"lazy\" decoding=\"async\" class=\"size-full wp-image-81396\" src=\"https:\/\/i0.wp.com\/www.eltrabajo.cl\/2017\/wp-content\/uploads\/2017\/08\/Camion-sobredimensionado.jpg?resize=580%2C348\" alt=\"Las gigantescas bateas ocupaban ambas calzadas en Panquehue centro, en las cercan\u00edas de la Municipalidad.\" width=\"580\" height=\"348\" srcset=\"https:\/\/i0.wp.com\/eltrabajo.cl\/portal\/wp-content\/uploads\/2017\/08\/Camion-sobredimensionado.jpg?w=580&amp;ssl=1 580w, https:\/\/i0.wp.com\/eltrabajo.cl\/portal\/wp-content\/uploads\/2017\/08\/Camion-sobredimensionado.jpg?resize=200%2C120&amp;ssl=1 200w, https:\/\/i0.wp.com\/eltrabajo.cl\/portal\/wp-content\/uploads\/2017\/08\/Camion-sobredimensionado.jpg?resize=300%2C180&amp;ssl=1 300w, https:\/\/i0.wp.com\/eltrabajo.cl\/portal\/wp-content\/uploads\/2017\/08\/Camion-sobredimensionado.jpg?resize=250%2C150&amp;ssl=1 250w, https:\/\/i0.wp.com\/eltrabajo.cl\/portal\/wp-content\/uploads\/2017\/08\/Camion-sobredimensionado.jpg?resize=400%2C240&amp;ssl=1 400w\" sizes=\"auto, (max-width: 580px) 100vw, 580px\" \/><figcaption id=\"caption-attachment-81396\" class=\"wp-caption-text\">Las gigantescas bateas ocupaban ambas calzadas en Panquehue centro, en las cercan\u00edas de la Municipalidad.<\/figcaption><\/figure>\n<ul>\n<li><strong><span style=\"color: #ff0000;\">Caos total en la Ruta 60 CH:\u00a0<\/span>Alcalde Pradenas oficiar\u00e1 a Vialidad nacional por autorizar el paso de los veh\u00edculos que causaron gigantescos tacos y da\u00f1os en numerosos \u00e1rboles en su paso transportando dos gigantescas bateas por la ruta 60 CH<\/strong><\/li>\n<\/ul>\n<p>Un oficio a la Direcci\u00f3n Nacional de Vialidad, con el fin de manifestar su molestia por la falta de coordinaci\u00f3n en el uso de la ruta 60 CH y los da\u00f1os generados a la misma, producto del paso de dos camiones con carga de alta dimensi\u00f3n, realizar\u00e1 el alcalde de la comuna de Panquehue, Luis Pradenas Mor\u00e1n.<br \/>\nDe acuerdo a lo se\u00f1alado por el alcalde Pradenas en entrevista telef\u00f3nica con Radio Aconcagua, la Direcci\u00f3n de Vialidad debe responder sobre el protocolo adoptado para autorizar el uso de una ruta internacional, que se vio congestionada por el hecho que ambos camiones, que transportaban dos bateas de alta dimensi\u00f3n, sobrepasaron el ancho de la calzada, provocando da\u00f1os en arboles y otras estructuras, adem\u00e1s de generar un taco vehicular de proporciones, paralizando pr\u00e1cticamente una comuna entera en hora punta.<br \/>\n\u00abEsta es una irresponsabilidad de Vialidad, aqu\u00ed no se tomaron los resguardos necesarios, se deber\u00eda haber dejado un equipo de emergencia que realizara un recorrido por toda la ruta, que hubiese medido el ancho de los camiones y la carga, como asimismo verificar si \u00e9stos pod\u00edan pasar por la carretera a la altura de la comuna de Panquehue, sin embargo no lo hacen y se largan as\u00ed no m\u00e1s.<br \/>\n\u00abSeg\u00fan me inform\u00f3 Carabineros, les lleg\u00f3 la orden de implementar una escolta de seguridad desde Vialidad de Santiago, sin embargo me pregunto yo, qu\u00e9 sabe el que autoriz\u00f3 la orden en Santiago, lo que est\u00e1 pasando aqu\u00ed en la comuna de Panquehue. Creo que los ejecutivos en Santiago deber\u00edan haber oficiado a la Directora de Vialidad para que coordinara con el alcalde y as\u00ed tomar las medidas correspondientes, hacer este tipo de cosas no cuesta nada, pues para eso estamos las autoridades, para solucionar los problemas y no generar conflictos, como el que tuvimos en una ruta internacional, donde se produjo un taco de proporciones, donde los ni\u00f1os llegaron tarde al colegio, los trabajadores no logaron llegar a tiempo a sus actividades laborales. Por lo tanto, la idea de oficiar es para determinar qui\u00e9n es el responsable de esta situaci\u00f3n, que simplemente dej\u00f3 un caos gigantesco\u00bb.<br \/>\nAgreg\u00f3 el alcalde Pradenas que como medida de seguridad, ambos camiones quedaron estacionados al interior de un servicentro en la comuna de Panquehue, y que solicit\u00f3 a la Directora de Obras de la Municipalidad, Loreto Galdames, una inspecci\u00f3n en todo el trazado, con el fin de cuantificar los da\u00f1os.<\/p>\n<figure id=\"attachment_81397\" aria-describedby=\"caption-attachment-81397\" style=\"width: 580px\" class=\"wp-caption alignnone\"><img data-recalc-dims=\"1\" loading=\"lazy\" decoding=\"async\" class=\"size-full wp-image-81397\" src=\"https:\/\/i0.wp.com\/www.eltrabajo.cl\/2017\/wp-content\/uploads\/2017\/08\/Camion-sobredimensionado2.jpg?resize=580%2C453\" alt=\"La impactante imagen da cuenta de las dimensiones de la carga que llevaban los veh\u00edculos que causaron el caos en Panquehue. (Foto @EmergenciaA).\" width=\"580\" height=\"453\" srcset=\"https:\/\/i0.wp.com\/eltrabajo.cl\/portal\/wp-content\/uploads\/2017\/08\/Camion-sobredimensionado2.jpg?w=580&amp;ssl=1 580w, https:\/\/i0.wp.com\/eltrabajo.cl\/portal\/wp-content\/uploads\/2017\/08\/Camion-sobredimensionado2.jpg?resize=192%2C150&amp;ssl=1 192w, https:\/\/i0.wp.com\/eltrabajo.cl\/portal\/wp-content\/uploads\/2017\/08\/Camion-sobredimensionado2.jpg?resize=300%2C234&amp;ssl=1 300w, https:\/\/i0.wp.com\/eltrabajo.cl\/portal\/wp-content\/uploads\/2017\/08\/Camion-sobredimensionado2.jpg?resize=400%2C312&amp;ssl=1 400w\" sizes=\"auto, (max-width: 580px) 100vw, 580px\" \/><figcaption id=\"caption-attachment-81397\" class=\"wp-caption-text\">La impactante imagen da cuenta de las dimensiones de la carga que llevaban los veh\u00edculos que causaron el caos en Panquehue. (Foto @EmergenciaA).<\/figcaption><\/figure>\n<figure id=\"attachment_81398\" aria-describedby=\"caption-attachment-81398\" style=\"width: 579px\" class=\"wp-caption alignnone\"><img data-recalc-dims=\"1\" loading=\"lazy\" decoding=\"async\" class=\"size-full wp-image-81398\" src=\"https:\/\/i0.wp.com\/www.eltrabajo.cl\/2017\/wp-content\/uploads\/2017\/08\/Camion-sobredimensionado-da%C3%B1os.jpg?resize=579%2C585\" alt=\"Numerosos \u00e1rboles resultaron da\u00f1ados por el paso de la gigantesca carga... \u00bfy qui\u00e9n responde? (Foto @aconcaguaradio).\" width=\"579\" height=\"585\" srcset=\"https:\/\/i0.wp.com\/eltrabajo.cl\/portal\/wp-content\/uploads\/2017\/08\/Camion-sobredimensionado-da%C3%B1os.jpg?w=579&amp;ssl=1 579w, https:\/\/i0.wp.com\/eltrabajo.cl\/portal\/wp-content\/uploads\/2017\/08\/Camion-sobredimensionado-da%C3%B1os.jpg?resize=148%2C150&amp;ssl=1 148w, https:\/\/i0.wp.com\/eltrabajo.cl\/portal\/wp-content\/uploads\/2017\/08\/Camion-sobredimensionado-da%C3%B1os.jpg?resize=297%2C300&amp;ssl=1 297w, https:\/\/i0.wp.com\/eltrabajo.cl\/portal\/wp-content\/uploads\/2017\/08\/Camion-sobredimensionado-da%C3%B1os.jpg?resize=400%2C404&amp;ssl=1 400w\" sizes=\"auto, (max-width: 579px) 100vw, 579px\" \/><figcaption id=\"caption-attachment-81398\" class=\"wp-caption-text\">Numerosos \u00e1rboles resultaron da\u00f1ados por el paso de la gigantesca carga&#8230; \u00bfy qui\u00e9n responde? (Foto @aconcaguaradio).<\/figcaption><\/figure>\n","protected":false},"excerpt":{"rendered":"<p>Caos total en la Ruta 60 CH:\u00a0Alcalde Pradenas oficiar\u00e1 a Vialidad nacional por autorizar el paso de los veh\u00edculos que causaron gigantescos tacos y da\u00f1os en numerosos \u00e1rboles en su paso transportando&#8230;<\/p>\n","protected":false},"author":1,"featured_media":81397,"comment_status":"open","ping_status":"open","sticky":false,"template":"","format":"standard","meta":{"advanced_seo_description":"","jetpack_seo_html_title":"","jetpack_seo_noindex":false,"_jetpack_memberships_contains_paid_content":false,"footnotes":""},"categories":[1],"tags":[],"class_list":["post-81395","post","type-post","status-publish","format-standard","has-post-thumbnail","hentry","category-cronica"],"jetpack_featured_media_url":"https:\/\/i0.wp.com\/eltrabajo.cl\/portal\/wp-content\/uploads\/2017\/08\/Camion-sobredimensionado2.jpg?fit=580%2C453&ssl=1","jetpack_sharing_enabled":true,"jetpack_likes_enabled":true,"jetpack-related-posts":[],"_links":{"self":[{"href":"https:\/\/eltrabajo.cl\/portal\/wp-json\/wp\/v2\/posts\/81395","targetHints":{"allow":["GET"]}}],"collection":[{"href":"https:\/\/eltrabajo.cl\/portal\/wp-json\/wp\/v2\/posts"}],"about":[{"href":"https:\/\/eltrabajo.cl\/portal\/wp-json\/wp\/v2\/types\/post"}],"author":[{"embeddable":true,"href":"https:\/\/eltrabajo.cl\/portal\/wp-json\/wp\/v2\/users\/1"}],"replies":[{"embeddable":true,"href":"https:\/\/eltrabajo.cl\/portal\/wp-json\/wp\/v2\/comments?post=81395"}],"version-history":[{"count":0,"href":"https:\/\/eltrabajo.cl\/portal\/wp-json\/wp\/v2\/posts\/81395\/revisions"}],"wp:featuredmedia":[{"embeddable":true,"href":"https:\/\/eltrabajo.cl\/portal\/wp-json\/wp\/v2\/media\/81397"}],"wp:attachment":[{"href":"https:\/\/eltrabajo.cl\/portal\/wp-json\/wp\/v2\/media?parent=81395"}],"wp:term":[{"taxonomy":"category","embeddable":true,"href":"https:\/\/eltrabajo.cl\/portal\/wp-json\/wp\/v2\/categories?post=81395"},{"taxonomy":"post_tag","embeddable":true,"href":"https:\/\/eltrabajo.cl\/portal\/wp-json\/wp\/v2\/tags?post=81395"}],"curies":[{"name":"wp","href":"https:\/\/api.w.org\/{rel}","templated":true}]}}