{"id":81400,"date":"2017-08-02T06:00:55","date_gmt":"2017-08-02T10:00:55","guid":{"rendered":"http:\/\/www.eltrabajo.cl\/2017\/?p=80650"},"modified":"2018-12-17T23:38:35","modified_gmt":"2018-12-18T02:38:35","slug":"union-san-felipe-anuncia-estudio-para-ver-posibilidad-de-construir-estadio","status":"publish","type":"post","link":"https:\/\/eltrabajo.cl\/portal\/union-san-felipe-anuncia-estudio-para-ver-posibilidad-de-construir-estadio\/","title":{"rendered":"Uni\u00f3n San Felipe anuncia estudio para ver posibilidad de construir estadio"},"content":{"rendered":"<figure id=\"attachment_80667\" aria-describedby=\"caption-attachment-80667\" style=\"width: 580px\" class=\"wp-caption alignleft\"><a href=\"http:\/\/www.eltrabajo.cl\/portal\/complejo-uni-uni\/\"><img data-recalc-dims=\"1\" loading=\"lazy\" decoding=\"async\" class=\"size-full wp-image-80667\" src=\"https:\/\/i0.wp.com\/www.eltrabajo.cl\/portal\/wp-content\/uploads\/2017\/08\/COMPLEJO-UNI-UNI.jpg?resize=580%2C350\" alt=\"El posible estadio del Un\u00ed Un\u00ed quedar\u00eda emplazado en su complejo deportivo ubicado en Parras\u00eda Bajo, si es que es factible.\" width=\"580\" height=\"350\" srcset=\"https:\/\/i0.wp.com\/eltrabajo.cl\/portal\/wp-content\/uploads\/2017\/08\/COMPLEJO-UNI-UNI.jpg?w=580&amp;ssl=1 580w, https:\/\/i0.wp.com\/eltrabajo.cl\/portal\/wp-content\/uploads\/2017\/08\/COMPLEJO-UNI-UNI.jpg?resize=200%2C121&amp;ssl=1 200w, https:\/\/i0.wp.com\/eltrabajo.cl\/portal\/wp-content\/uploads\/2017\/08\/COMPLEJO-UNI-UNI.jpg?resize=300%2C181&amp;ssl=1 300w, https:\/\/i0.wp.com\/eltrabajo.cl\/portal\/wp-content\/uploads\/2017\/08\/COMPLEJO-UNI-UNI.jpg?resize=249%2C150&amp;ssl=1 249w, https:\/\/i0.wp.com\/eltrabajo.cl\/portal\/wp-content\/uploads\/2017\/08\/COMPLEJO-UNI-UNI.jpg?resize=400%2C241&amp;ssl=1 400w\" sizes=\"auto, (max-width: 580px) 100vw, 580px\" \/><\/a><figcaption id=\"caption-attachment-80667\" class=\"wp-caption-text\">El posible estadio del Un\u00ed Un\u00ed quedar\u00eda emplazado en su complejo deportivo ubicado en Parras\u00eda Bajo, si es que es factible.<\/figcaption><\/figure>\n<ul>\n<li><span style=\"color: #ff0000;\"><strong>Gerente General anunci\u00f3 que la instituci\u00f3n deportiva sanfelipe\u00f1a encarg\u00f3 a una empresa externa el estudio de factibilidad para la construcci\u00f3n de un estadio propio.<\/strong><\/span><\/li>\n<\/ul>\n<p>La imposibilidad de poder utilizar en la actualidad un recinto que cumpla con los requisitos m\u00ednimos para poder jugar f\u00fatbol profesional, y la necesidad de regresar lo m\u00e1s pronto posible y de manera definitiva a San Felipe, el Un\u00ed Un\u00ed encarg\u00f3 a una empresa constructora el estudio de viabilidad de la construcci\u00f3n de un estadio en los terrenos de su actual Complejo Deportivo ubicado en el sector Parras\u00eda Bajo.<br \/>\nLa noticia fue informada ayer en una concurrida conferencia de prensa en la cual Eduardo Olivares, gerente general de la instituci\u00f3n albirroja, entreg\u00f3 algunas claves de este gran proyecto que se encuentra en su etapa inicial y que de m\u00e1s est\u00e1 decir, debe pasar por una serie de obst\u00e1culos que deber\u00e1n ser sorteados uno a uno para que este sue\u00f1o alg\u00fan d\u00eda pueda ser realidad. \u201cEstamos conscientes que no se puede sostener en el tiempo la situaci\u00f3n actual (jugar fuera de San Felipe) es por eso que nos hemos planteado la posibilidad de poder tener nuestro propio estadio, y como queremos asegurar a la hinchada que el equipo en el futuro siempre jugar\u00e1 en San Felipe, es que hemos encargado el estudio para construir un estadio\u201d, afirm\u00f3 Eduardo Olivares.<br \/>\nSobre los plazos que se necesitar\u00e1n para que esta iniciativa vea la luz, el alto directivo se mostr\u00f3 realista: \u201cSabemos que habr\u00e1 una serie de dificultades, pero creemos que esto bien vale la pena el esfuerzo que har\u00e1 Uni\u00f3n San Felipe para poder jugar en casa como corresponde, no hay plazos definidos, esto reci\u00e9n est\u00e1 en pa\u00f1ales, pero lo concreto es que la empresa comenzar\u00e1 a trabajar lo m\u00e1s pronto posible (pr\u00f3xima semana) en la factibilidad para saber si es posible o no hacer el estadio\u201d, afirm\u00f3 el Gerente General del Un\u00ed Un\u00ed.<br \/>\nDe prosperar, el estadio quedar\u00eda emplazado eventualmente en la cancha dos del Complejo Deportivo y tendr\u00eda un aforo de 1.200 a 1.500 personas aproximadamente, lo que permitir\u00eda jugar la gran mayor\u00eda de los partidos en la Primera B.<\/p>\n<figure id=\"attachment_80668\" aria-describedby=\"caption-attachment-80668\" style=\"width: 580px\" class=\"wp-caption alignleft\"><a href=\"http:\/\/www.eltrabajo.cl\/portal\/conferencia-17\/\"><img data-recalc-dims=\"1\" loading=\"lazy\" decoding=\"async\" class=\"size-full wp-image-80668\" src=\"https:\/\/i0.wp.com\/www.eltrabajo.cl\/portal\/wp-content\/uploads\/2017\/08\/conferencia.jpg?resize=580%2C348\" alt=\"En conferencia de prensa, el gerente general del Un\u00ed anunci\u00f3 el estudio para determinar si es posible construir peque\u00f1o estadio propio.\" width=\"580\" height=\"348\" srcset=\"https:\/\/i0.wp.com\/eltrabajo.cl\/portal\/wp-content\/uploads\/2017\/08\/conferencia.jpg?w=580&amp;ssl=1 580w, https:\/\/i0.wp.com\/eltrabajo.cl\/portal\/wp-content\/uploads\/2017\/08\/conferencia.jpg?resize=200%2C120&amp;ssl=1 200w, https:\/\/i0.wp.com\/eltrabajo.cl\/portal\/wp-content\/uploads\/2017\/08\/conferencia.jpg?resize=300%2C180&amp;ssl=1 300w, https:\/\/i0.wp.com\/eltrabajo.cl\/portal\/wp-content\/uploads\/2017\/08\/conferencia.jpg?resize=250%2C150&amp;ssl=1 250w, https:\/\/i0.wp.com\/eltrabajo.cl\/portal\/wp-content\/uploads\/2017\/08\/conferencia.jpg?resize=400%2C240&amp;ssl=1 400w\" sizes=\"auto, (max-width: 580px) 100vw, 580px\" \/><\/a><figcaption id=\"caption-attachment-80668\" class=\"wp-caption-text\">En conferencia de prensa, el gerente general del Un\u00ed anunci\u00f3 el estudio para determinar si es posible construir peque\u00f1o estadio propio.<\/figcaption><\/figure>\n","protected":false},"excerpt":{"rendered":"<p>Gerente General anunci\u00f3 que la instituci\u00f3n deportiva sanfelipe\u00f1a encarg\u00f3 a una empresa externa el estudio de factibilidad para la construcci\u00f3n de un estadio propio. La imposibilidad de poder utilizar en la actualidad&#8230;<\/p>\n","protected":false},"author":1,"featured_media":80668,"comment_status":"open","ping_status":"open","sticky":false,"template":"","format":"standard","meta":{"advanced_seo_description":"","jetpack_seo_html_title":"","jetpack_seo_noindex":false,"_jetpack_memberships_contains_paid_content":false,"footnotes":""},"categories":[19],"tags":[],"class_list":["post-81400","post","type-post","status-publish","format-standard","has-post-thumbnail","hentry","category-deportes"],"jetpack_featured_media_url":"https:\/\/i0.wp.com\/eltrabajo.cl\/portal\/wp-content\/uploads\/2017\/08\/conferencia.jpg?fit=580%2C348&ssl=1","jetpack_sharing_enabled":true,"jetpack_likes_enabled":true,"jetpack-related-posts":[],"_links":{"self":[{"href":"https:\/\/eltrabajo.cl\/portal\/wp-json\/wp\/v2\/posts\/81400","targetHints":{"allow":["GET"]}}],"collection":[{"href":"https:\/\/eltrabajo.cl\/portal\/wp-json\/wp\/v2\/posts"}],"about":[{"href":"https:\/\/eltrabajo.cl\/portal\/wp-json\/wp\/v2\/types\/post"}],"author":[{"embeddable":true,"href":"https:\/\/eltrabajo.cl\/portal\/wp-json\/wp\/v2\/users\/1"}],"replies":[{"embeddable":true,"href":"https:\/\/eltrabajo.cl\/portal\/wp-json\/wp\/v2\/comments?post=81400"}],"version-history":[{"count":0,"href":"https:\/\/eltrabajo.cl\/portal\/wp-json\/wp\/v2\/posts\/81400\/revisions"}],"wp:featuredmedia":[{"embeddable":true,"href":"https:\/\/eltrabajo.cl\/portal\/wp-json\/wp\/v2\/media\/80668"}],"wp:attachment":[{"href":"https:\/\/eltrabajo.cl\/portal\/wp-json\/wp\/v2\/media?parent=81400"}],"wp:term":[{"taxonomy":"category","embeddable":true,"href":"https:\/\/eltrabajo.cl\/portal\/wp-json\/wp\/v2\/categories?post=81400"},{"taxonomy":"post_tag","embeddable":true,"href":"https:\/\/eltrabajo.cl\/portal\/wp-json\/wp\/v2\/tags?post=81400"}],"curies":[{"name":"wp","href":"https:\/\/api.w.org\/{rel}","templated":true}]}}