{"id":81401,"date":"2017-08-02T06:01:46","date_gmt":"2017-08-02T10:01:46","guid":{"rendered":"http:\/\/www.eltrabajo.cl\/2017\/?p=80654"},"modified":"2018-12-17T23:36:40","modified_gmt":"2018-12-18T02:36:40","slug":"en-octubre-comenzaria-remodelacion-de-tribuna-poniente-del-estadio-municipal","status":"publish","type":"post","link":"https:\/\/eltrabajo.cl\/portal\/en-octubre-comenzaria-remodelacion-de-tribuna-poniente-del-estadio-municipal\/","title":{"rendered":"En octubre comenzar\u00eda remodelaci\u00f3n de Tribuna Poniente del Estadio Municipal"},"content":{"rendered":"<figure id=\"attachment_80669\" aria-describedby=\"caption-attachment-80669\" style=\"width: 580px\" class=\"wp-caption alignleft\"><a href=\"http:\/\/www.eltrabajo.cl\/portal\/claudio-paredes-8-2\/\"><img data-recalc-dims=\"1\" loading=\"lazy\" decoding=\"async\" class=\"size-full wp-image-80669\" src=\"https:\/\/i0.wp.com\/www.eltrabajo.cl\/portal\/wp-content\/uploads\/2017\/08\/Claudio-Paredes-.jpg?resize=580%2C349\" alt=\"Claudio Paredes, Secretario de Planificaci\u00f3n Comunal, Secplac, de la Municipalidad de San Felipe.\" width=\"580\" height=\"349\" srcset=\"https:\/\/i0.wp.com\/eltrabajo.cl\/portal\/wp-content\/uploads\/2017\/08\/Claudio-Paredes-.jpg?w=580&amp;ssl=1 580w, https:\/\/i0.wp.com\/eltrabajo.cl\/portal\/wp-content\/uploads\/2017\/08\/Claudio-Paredes-.jpg?resize=200%2C120&amp;ssl=1 200w, https:\/\/i0.wp.com\/eltrabajo.cl\/portal\/wp-content\/uploads\/2017\/08\/Claudio-Paredes-.jpg?resize=300%2C181&amp;ssl=1 300w, https:\/\/i0.wp.com\/eltrabajo.cl\/portal\/wp-content\/uploads\/2017\/08\/Claudio-Paredes-.jpg?resize=249%2C150&amp;ssl=1 249w, https:\/\/i0.wp.com\/eltrabajo.cl\/portal\/wp-content\/uploads\/2017\/08\/Claudio-Paredes-.jpg?resize=400%2C241&amp;ssl=1 400w\" sizes=\"auto, (max-width: 580px) 100vw, 580px\" \/><\/a><figcaption id=\"caption-attachment-80669\" class=\"wp-caption-text\">Claudio Paredes, Secretario de Planificaci\u00f3n Comunal, Secplac, de la Municipalidad de San Felipe.<\/figcaption><\/figure>\n<ul>\n<li><strong><span style=\"color: #ff0000;\">Proyecto de $31 millones ser\u00eda aprobado en pr\u00f3ximos d\u00edas por la Subdere:\u00a0<\/span>Obras consideran el recambio total del armaz\u00f3n de madera de ese sector del recinto deportivo y no tendr\u00edan una duraci\u00f3n superior a los 40 d\u00edas.<\/strong><\/li>\n<\/ul>\n<p>Un proyecto de 31 millones de pesos presentado en abril de este a\u00f1o por la Municipalidad de San Felipe a la Subsecretar\u00eda de Desarrollo Regional, Subdere, permitir\u00e1 en octubre pr\u00f3ximo \u2013eventualmente-, comenzar con la remodelaci\u00f3n de la tribuna poniente del Estadio Municipal, obras que tendr\u00edan una duraci\u00f3n de aproximadamente 40 d\u00edas.<br \/>\nAs\u00ed lo inform\u00f3 el Secretario de Planificaci\u00f3n Comunal del municipio sanfelipe\u00f1o, Secplac, Claudio Paredes, quien anticip\u00f3 que el proyecto corresponde al recambio total de los tablones de ese sector del recinto de la avenida Maip\u00fa.<br \/>\n\u201cEst\u00e1 pr\u00e1cticamente aprobado por la Subdere, se han resuelto las diversas observaciones t\u00e9cnicas que en este per\u00edodo se han ido respondiendo, y que probablemente lo tengamos aprobado dentro de 15 \u00f3 20 d\u00edas, eso significa que durante este segundo semestre vamos a hacer la intervenci\u00f3n de ese sector\u201d, detall\u00f3 Paredes.<br \/>\nDe acuerdo con lo informado por el Secplac, se decidi\u00f3 comenzar con la reparaci\u00f3n de esta parte del Estadio Municipal, puesto que es la que se encuentra en peores condiciones y es, precisamente, la que utiliza mayoritariamente el p\u00fablico que asiste a presenciar los partidos de Uni\u00f3n San Felipe y del f\u00fatbol amateur.<br \/>\nRespecto de la estructura de hormig\u00f3n que sostiene la tribuna preferencial del estadio municipal, Paredes afirm\u00f3 que no necesita una mayor intervenci\u00f3n y explic\u00f3 que \u201ccon algunos peque\u00f1os arreglos eso queda en condiciones, no es necesario realizar una modificaci\u00f3n de estructura, eso lo revisamos y en ese sentido estamos tranquilos\u201d, sostuvo el personero municipal.<br \/>\nDe esta manera, si se cumplen los plazos proyectados por Paredes, antes que termine el mes aniversario de San Felipe, la Subdere debiera aprobar los recursos y el municipio sanfelipe\u00f1o podr\u00eda comenzar con el proceso de licitaci\u00f3n para definir la empresa que asumir\u00e1 los trabajos.<br \/>\n\u201cEste es un proyecto relativamente r\u00e1pido, yo creo que en un plazo no mayor a 40 d\u00edas puede estar habilitado, no es un proyecto complejo, m\u00e1s nos demoramos en los procesos administrativos, muchas veces es m\u00e1s lenta la entrega del oficio por parte de la subsecretar\u00eda para poder licitar, pero la obra en s\u00ed, es bastante r\u00e1pida\u201d, apunt\u00f3 Paredes.<br \/>\nSeg\u00fan el profesional, de forma paralela contin\u00faa en elaboraci\u00f3n un proyecto que se aproxima a los 200 millones de pesos, el cual se postular\u00e1 a trav\u00e9s del Fondo Nacional de Desarrollo Regional (FNDR) y que considera la modernizaci\u00f3n de las torres de iluminaci\u00f3n y remodelaci\u00f3n de las restantes tres tribunas del recinto deportivo de la avenida Maip\u00fa.<\/p>\n<figure id=\"attachment_80670\" aria-describedby=\"caption-attachment-80670\" style=\"width: 580px\" class=\"wp-caption alignleft\"><a href=\"http:\/\/www.eltrabajo.cl\/portal\/tribuna-poniente-del-estadio-municipal\/\"><img data-recalc-dims=\"1\" loading=\"lazy\" decoding=\"async\" class=\"size-full wp-image-80670\" src=\"https:\/\/i0.wp.com\/www.eltrabajo.cl\/portal\/wp-content\/uploads\/2017\/08\/Tribuna-Poniente-del-Estadio-Municipal-.jpg?resize=580%2C348\" alt=\"Tribuna Poniente del Estadio Municipal de San Felipe, ser\u00e1 sometida a remodelaci\u00f3n de sus tablones a partir del mes de octubre.\" width=\"580\" height=\"348\" srcset=\"https:\/\/i0.wp.com\/eltrabajo.cl\/portal\/wp-content\/uploads\/2017\/08\/Tribuna-Poniente-del-Estadio-Municipal-.jpg?w=580&amp;ssl=1 580w, https:\/\/i0.wp.com\/eltrabajo.cl\/portal\/wp-content\/uploads\/2017\/08\/Tribuna-Poniente-del-Estadio-Municipal-.jpg?resize=200%2C120&amp;ssl=1 200w, https:\/\/i0.wp.com\/eltrabajo.cl\/portal\/wp-content\/uploads\/2017\/08\/Tribuna-Poniente-del-Estadio-Municipal-.jpg?resize=300%2C180&amp;ssl=1 300w, https:\/\/i0.wp.com\/eltrabajo.cl\/portal\/wp-content\/uploads\/2017\/08\/Tribuna-Poniente-del-Estadio-Municipal-.jpg?resize=250%2C150&amp;ssl=1 250w, https:\/\/i0.wp.com\/eltrabajo.cl\/portal\/wp-content\/uploads\/2017\/08\/Tribuna-Poniente-del-Estadio-Municipal-.jpg?resize=400%2C240&amp;ssl=1 400w\" sizes=\"auto, (max-width: 580px) 100vw, 580px\" \/><\/a><figcaption id=\"caption-attachment-80670\" class=\"wp-caption-text\">Tribuna Poniente del Estadio Municipal de San Felipe, ser\u00e1 sometida a remodelaci\u00f3n de sus tablones a partir del mes de octubre.<\/figcaption><\/figure>\n","protected":false},"excerpt":{"rendered":"<p>Proyecto de $31 millones ser\u00eda aprobado en pr\u00f3ximos d\u00edas por la Subdere:\u00a0Obras consideran el recambio total del armaz\u00f3n de madera de ese sector del recinto deportivo y no tendr\u00edan una duraci\u00f3n superior&#8230;<\/p>\n","protected":false},"author":1,"featured_media":80670,"comment_status":"open","ping_status":"open","sticky":false,"template":"","format":"standard","meta":{"advanced_seo_description":"","jetpack_seo_html_title":"","jetpack_seo_noindex":false,"_jetpack_memberships_contains_paid_content":false,"footnotes":""},"categories":[1],"tags":[],"class_list":["post-81401","post","type-post","status-publish","format-standard","has-post-thumbnail","hentry","category-cronica"],"jetpack_featured_media_url":"https:\/\/i0.wp.com\/eltrabajo.cl\/portal\/wp-content\/uploads\/2017\/08\/Tribuna-Poniente-del-Estadio-Municipal-.jpg?fit=580%2C348&ssl=1","jetpack_sharing_enabled":true,"jetpack_likes_enabled":true,"jetpack-related-posts":[],"_links":{"self":[{"href":"https:\/\/eltrabajo.cl\/portal\/wp-json\/wp\/v2\/posts\/81401","targetHints":{"allow":["GET"]}}],"collection":[{"href":"https:\/\/eltrabajo.cl\/portal\/wp-json\/wp\/v2\/posts"}],"about":[{"href":"https:\/\/eltrabajo.cl\/portal\/wp-json\/wp\/v2\/types\/post"}],"author":[{"embeddable":true,"href":"https:\/\/eltrabajo.cl\/portal\/wp-json\/wp\/v2\/users\/1"}],"replies":[{"embeddable":true,"href":"https:\/\/eltrabajo.cl\/portal\/wp-json\/wp\/v2\/comments?post=81401"}],"version-history":[{"count":0,"href":"https:\/\/eltrabajo.cl\/portal\/wp-json\/wp\/v2\/posts\/81401\/revisions"}],"wp:featuredmedia":[{"embeddable":true,"href":"https:\/\/eltrabajo.cl\/portal\/wp-json\/wp\/v2\/media\/80670"}],"wp:attachment":[{"href":"https:\/\/eltrabajo.cl\/portal\/wp-json\/wp\/v2\/media?parent=81401"}],"wp:term":[{"taxonomy":"category","embeddable":true,"href":"https:\/\/eltrabajo.cl\/portal\/wp-json\/wp\/v2\/categories?post=81401"},{"taxonomy":"post_tag","embeddable":true,"href":"https:\/\/eltrabajo.cl\/portal\/wp-json\/wp\/v2\/tags?post=81401"}],"curies":[{"name":"wp","href":"https:\/\/api.w.org\/{rel}","templated":true}]}}