{"id":81402,"date":"2017-08-02T06:02:24","date_gmt":"2017-08-02T10:02:24","guid":{"rendered":"http:\/\/www.eltrabajo.cl\/2017\/?p=80658"},"modified":"2018-12-17T23:29:58","modified_gmt":"2018-12-18T02:29:58","slug":"parten-nuevos-recorridos-de-microbuses-que-uniran-san-felipe-santa-maria-y-putaendo","status":"publish","type":"post","link":"https:\/\/eltrabajo.cl\/portal\/parten-nuevos-recorridos-de-microbuses-que-uniran-san-felipe-santa-maria-y-putaendo\/","title":{"rendered":"Parten nuevos recorridos de microbuses que unir\u00e1n San Felipe, Santa Mar\u00eda y Putaendo"},"content":{"rendered":"<figure id=\"attachment_80671\" aria-describedby=\"caption-attachment-80671\" style=\"width: 580px\" class=\"wp-caption alignleft\"><a href=\"http:\/\/www.eltrabajo.cl\/portal\/conurbacion_8\/\"><img data-recalc-dims=\"1\" loading=\"lazy\" decoding=\"async\" class=\"size-full wp-image-80671\" src=\"https:\/\/i0.wp.com\/www.eltrabajo.cl\/portal\/wp-content\/uploads\/2017\/08\/Conurbaci%C3%B3n_8.jpg?resize=580%2C348\" alt=\"Las dirigentes vecinales de Las Acacias y El Se\u00f1orial junto a autoridades locales y empresarios microbuseros en el lanzamiento de la conurbaci\u00f3n.\" width=\"580\" height=\"348\" srcset=\"https:\/\/i0.wp.com\/eltrabajo.cl\/portal\/wp-content\/uploads\/2017\/08\/Conurbaci%C3%B3n_8.jpg?w=580&amp;ssl=1 580w, https:\/\/i0.wp.com\/eltrabajo.cl\/portal\/wp-content\/uploads\/2017\/08\/Conurbaci%C3%B3n_8.jpg?resize=200%2C120&amp;ssl=1 200w, https:\/\/i0.wp.com\/eltrabajo.cl\/portal\/wp-content\/uploads\/2017\/08\/Conurbaci%C3%B3n_8.jpg?resize=300%2C180&amp;ssl=1 300w, https:\/\/i0.wp.com\/eltrabajo.cl\/portal\/wp-content\/uploads\/2017\/08\/Conurbaci%C3%B3n_8.jpg?resize=250%2C150&amp;ssl=1 250w, https:\/\/i0.wp.com\/eltrabajo.cl\/portal\/wp-content\/uploads\/2017\/08\/Conurbaci%C3%B3n_8.jpg?resize=400%2C240&amp;ssl=1 400w\" sizes=\"auto, (max-width: 580px) 100vw, 580px\" \/><\/a><figcaption id=\"caption-attachment-80671\" class=\"wp-caption-text\">Las dirigentes vecinales de Las Acacias y El Se\u00f1orial junto a autoridades locales y empresarios microbuseros en el lanzamiento de la conurbaci\u00f3n.<\/figcaption><\/figure>\n<ul>\n<li><span style=\"color: #ff0000;\"><strong>Tras una demanda de a\u00f1os de los vecinos de las tres comunas, el Ministerio de Transportes dio inicio al proyecto que cre\u00f3 la conurbaci\u00f3n San Felipe \u2013 Santa Mar\u00eda \u2013 Putaendo, en el que los microbuses tendr\u00e1n recorridos urbanos, con frecuencias fijas y beneficios para adultos mayores y ni\u00f1os, acercando el transporte p\u00fablico a sectores que a partir de hoy contar\u00e1n con este servicio.<\/strong> <\/span><\/li>\n<\/ul>\n<p>En una ceremonia que cont\u00f3 con la presencia de las autoridades provinciales, comunales, y por sobre todo de los vecinos, se dio inicio al proyecto de conurbaci\u00f3n de las comunas de San Felipe, Santa Mar\u00eda y Putaendo, el que intervino el recorrido de microbuses escuchando las demandas de los vecinos de sectores como El Se\u00f1orial y Las Acacias, que les permitir\u00e1 tener m\u00e1s cerca el servicio de locomoci\u00f3n colectiva ofrecido por las l\u00edneas Puma y Vera Arcos.<br \/>\nY es que tras la gesti\u00f3n de la Gobernaci\u00f3n de San Felipe y la Seremi de Transportes, el MTT cedi\u00f3 a los municipios de las tres comunas la gesti\u00f3n de tr\u00e1nsito de los recorridos interurbanos de microbuses, como parte de un proceso descentralizador que fue valorado por el Gobernador Eduardo Le\u00f3n.<br \/>\n\u00abHoy el Ministerio de Transportes da una potente se\u00f1al al trasladar las decisiones del transporte urbano a los municipios, lo que es un proceso de descentralizaci\u00f3n. Sabemos que es una demanda largamente solicitada por todos los sectores y tambi\u00e9n fue un trabajo largo porque lo quisimos hacer bien y con mucho cuidado\u00bb, indic\u00f3 la m\u00e1xima autoridad provincial, al tiempo que destac\u00f3 los beneficios que traer\u00e1 consigo este nuevo plan de transporte p\u00fablico para los vecinos.<br \/>\n\u00abAntes hab\u00edan dos tipos de locomoci\u00f3n: transporte colectivo menor y las l\u00edneas rurales que tienen una caracter\u00edstica especial, hoy al ser l\u00edneas urbanas hay mayor flexibilidad y m\u00e1s opciones para vecinas, vecinos, adultos mayores, ni\u00f1os en edad escolar que en las micros no pagan, tambi\u00e9n el pasaje escolar es distinto, as\u00ed que le entregamos alternativas a los vecinos, y un mejor servicio\u00bb, precis\u00f3 el Gobernador Le\u00f3n.<br \/>\nLos nuevos recorridos acercan el servicio a sectores donde antes los usuarios deb\u00edan caminar cuadras para acceder a la locomoci\u00f3n colectiva, mejorando as\u00ed la conectividad. Esta demanda fue solicitada hace cuatro a\u00f1os por los vecinos de las Villas El Se\u00f1orial y Las Acacias, quienes se manifestaron felices por la medida y valoraron el proceso descentralizador que les permitir\u00e1 solicitar mejoras en el transporte p\u00fablico a trav\u00e9s del Departamento de Tr\u00e1nsito de los municipios, sin la necesidad de pasar obligatoriamente por la Seremi de Transporte.<br \/>\n\u00abEstamos felices, hemos trabajado cuatro a\u00f1os en esto y por fin se vio humo blanco. Ahora le dejamos las puertas abiertas a otros vecinos que tambi\u00e9n necesitar\u00e1n locomoci\u00f3n porque el trabajo grande ya lo hicimos, ahora ellos s\u00f3lo tendr\u00e1n que ir a la Municipalidad, al Departamento de Tr\u00e1nsito, a hablar con las autoridades cuando tengan necesidad de locomoci\u00f3n. Ya pasamos los l\u00edmites, hemos trabajado duro, no bajamos los brazos y aqu\u00ed estamos\u00bb, asegur\u00f3 Jessica Leiva, dirigenta vecinal de Las Acacias.<br \/>\nPor su parte el Alcalde de San Felipe, Patricio Freire, destac\u00f3 la labor de los vecinos en lograr este proyecto puesto que \u00abva a significar econom\u00eda para el bolsillo, y tambi\u00e9n lo que significa tener la locomoci\u00f3n cerca de sus casas, porque esto va a significar no caminar 10 cuadras para tomar locomoci\u00f3n, sino que ella va a pasar a pocos metros de sus puertas, y este era un gran anhelo de los vecinos, pedido por ellos y sacado adelante por ellos\u00bb.<br \/>\nLos recorridos que forman parte de la nueva conurbaci\u00f3n San Felipe \u2013 Santa Mar\u00eda \u2013 Putaendo, tendr\u00e1n un frecuencia m\u00e1xima de entre 8 a 10 minutos por sector. Adem\u00e1s el valor del pasaje se mantendr\u00e1 en el actual precio local de 350 pesos, y escolares de ense\u00f1anza media pagar\u00e1n 150 pesos con TNE en mano.<\/p>\n","protected":false},"excerpt":{"rendered":"<p>Tras una demanda de a\u00f1os de los vecinos de las tres comunas, el Ministerio de Transportes dio inicio al proyecto que cre\u00f3 la conurbaci\u00f3n San Felipe \u2013 Santa Mar\u00eda \u2013 Putaendo, en&#8230;<\/p>\n","protected":false},"author":1,"featured_media":80671,"comment_status":"open","ping_status":"open","sticky":false,"template":"","format":"standard","meta":{"advanced_seo_description":"","jetpack_seo_html_title":"","jetpack_seo_noindex":false,"_jetpack_memberships_contains_paid_content":false,"footnotes":""},"categories":[1],"tags":[],"class_list":["post-81402","post","type-post","status-publish","format-standard","has-post-thumbnail","hentry","category-cronica"],"jetpack_featured_media_url":"https:\/\/i0.wp.com\/eltrabajo.cl\/portal\/wp-content\/uploads\/2017\/08\/Conurbaci%C3%B3n_8.jpg?fit=580%2C348&ssl=1","jetpack_sharing_enabled":true,"jetpack_likes_enabled":true,"jetpack-related-posts":[],"_links":{"self":[{"href":"https:\/\/eltrabajo.cl\/portal\/wp-json\/wp\/v2\/posts\/81402","targetHints":{"allow":["GET"]}}],"collection":[{"href":"https:\/\/eltrabajo.cl\/portal\/wp-json\/wp\/v2\/posts"}],"about":[{"href":"https:\/\/eltrabajo.cl\/portal\/wp-json\/wp\/v2\/types\/post"}],"author":[{"embeddable":true,"href":"https:\/\/eltrabajo.cl\/portal\/wp-json\/wp\/v2\/users\/1"}],"replies":[{"embeddable":true,"href":"https:\/\/eltrabajo.cl\/portal\/wp-json\/wp\/v2\/comments?post=81402"}],"version-history":[{"count":0,"href":"https:\/\/eltrabajo.cl\/portal\/wp-json\/wp\/v2\/posts\/81402\/revisions"}],"wp:featuredmedia":[{"embeddable":true,"href":"https:\/\/eltrabajo.cl\/portal\/wp-json\/wp\/v2\/media\/80671"}],"wp:attachment":[{"href":"https:\/\/eltrabajo.cl\/portal\/wp-json\/wp\/v2\/media?parent=81402"}],"wp:term":[{"taxonomy":"category","embeddable":true,"href":"https:\/\/eltrabajo.cl\/portal\/wp-json\/wp\/v2\/categories?post=81402"},{"taxonomy":"post_tag","embeddable":true,"href":"https:\/\/eltrabajo.cl\/portal\/wp-json\/wp\/v2\/tags?post=81402"}],"curies":[{"name":"wp","href":"https:\/\/api.w.org\/{rel}","templated":true}]}}