{"id":81403,"date":"2017-08-02T06:03:51","date_gmt":"2017-08-02T10:03:51","guid":{"rendered":"http:\/\/www.eltrabajo.cl\/2017\/?p=80661"},"modified":"2018-12-17T23:28:41","modified_gmt":"2018-12-18T02:28:41","slug":"peruanos-celebraron-sus-fiestas-patrias-en-restaurante-lineas-de-nazca","status":"publish","type":"post","link":"https:\/\/eltrabajo.cl\/portal\/peruanos-celebraron-sus-fiestas-patrias-en-restaurante-lineas-de-nazca\/","title":{"rendered":"Peruanos celebraron sus Fiestas Patrias en Restaurante L\u00edneas de Nazca"},"content":{"rendered":"<figure id=\"attachment_80678\" aria-describedby=\"caption-attachment-80678\" style=\"width: 580px\" class=\"wp-caption alignleft\"><a href=\"http:\/\/www.eltrabajo.cl\/portal\/peruanos5\/\"><img data-recalc-dims=\"1\" loading=\"lazy\" decoding=\"async\" class=\"size-full wp-image-80678\" src=\"https:\/\/i0.wp.com\/www.eltrabajo.cl\/portal\/wp-content\/uploads\/2017\/08\/Peruanos5.jpg?resize=580%2C348\" alt=\"LOS DUE\u00d1OS DE CASA.- Ellos son los anfitriones del restaurante, don \u00c1ngel Alejos y su esposa Bertha Zorrilla.\" width=\"580\" height=\"348\" srcset=\"https:\/\/i0.wp.com\/eltrabajo.cl\/portal\/wp-content\/uploads\/2017\/08\/Peruanos5.jpg?w=580&amp;ssl=1 580w, https:\/\/i0.wp.com\/eltrabajo.cl\/portal\/wp-content\/uploads\/2017\/08\/Peruanos5.jpg?resize=200%2C120&amp;ssl=1 200w, https:\/\/i0.wp.com\/eltrabajo.cl\/portal\/wp-content\/uploads\/2017\/08\/Peruanos5.jpg?resize=300%2C180&amp;ssl=1 300w, https:\/\/i0.wp.com\/eltrabajo.cl\/portal\/wp-content\/uploads\/2017\/08\/Peruanos5.jpg?resize=250%2C150&amp;ssl=1 250w, https:\/\/i0.wp.com\/eltrabajo.cl\/portal\/wp-content\/uploads\/2017\/08\/Peruanos5.jpg?resize=400%2C240&amp;ssl=1 400w\" sizes=\"auto, (max-width: 580px) 100vw, 580px\" \/><\/a><figcaption id=\"caption-attachment-80678\" class=\"wp-caption-text\">LOS DUE\u00d1OS DE CASA.- Ellos son los anfitriones del restaurante, don \u00c1ngel Alejos y su esposa Bertha Zorrilla.<\/figcaption><\/figure>\n<p>&nbsp;<\/p>\n<p>Un fest\u00edn de folklore, m\u00fasica, deliciosos platillos t\u00edpicos y desfiles musicales, fue lo que un selecto grupo de personas, en su mayor\u00eda peruanas, desarroll\u00f3 en Restaurante L\u00edneas de Nazca, ubicado en Coimas 1542. Esta actividad se realiz\u00f3 para celebrar las Fiestas Patrias del Per\u00fa, ya que los peruanos celebran la Independencia del Per\u00fa despu\u00e9s del dominio de Espa\u00f1a.<br \/>\n\u00abNuestras Fiestas Patrias constan oficialmente de dos d\u00edas: El 28 de julio, en conmemoraci\u00f3n a la declaratoria de Independencia en Lima por parte de don Jos\u00e9 de San Mart\u00edn (el acta se firm\u00f3 el 15 de julio de 1821) y el 29 de julio, en honor a las Fuerzas Armadas de la Rep\u00fablica del Per\u00fa y a la Polic\u00eda Nacional del Per\u00fa. Nosotros como peque\u00f1a colonia peruana radicada en San Felipe y en todo el Valle de Aconcagua, quisimos celebrarlas invitando tambi\u00e9n a los amigos cercanos y familiares. Nosotros estamos muy agradecidos con Chile, con los aconcag\u00fcinos y en especial con los sanfelipe\u00f1os, quienes nos han abierto las puertas de la ciudad para crecer con armon\u00eda, sin tener la cifra exacta, yo calculo que somos unos 200 peruanos radicados en el valle\u00bb, inform\u00f3 a Diario El Trabajo el gerente administrativo del restaurante, \u00c1ngel Alejos, quien radica en Chile desde 2004, y tiene su restaurante en San Felipe desde 2013.<br \/>\nLas c\u00e1maras de nuestro medio tomaron registro de los bailes t\u00edpicos y n\u00fameros art\u00edsticos presentados durante la gala, as\u00ed tambi\u00e9n la actividad estuvo llena de sabores del Per\u00fa. Hoy quienes laboramos en Diario El Trabajo felicitamos p\u00fablicamente a la colonia peruana en el Valle de Aconcagua por su 196\u00ba aniversario.<br \/>\n<strong>Roberto Gonz\u00e1lez Short<\/strong><\/p>\n<figure id=\"attachment_80679\" aria-describedby=\"caption-attachment-80679\" style=\"width: 580px\" class=\"wp-caption alignleft\"><a href=\"http:\/\/www.eltrabajo.cl\/portal\/peruanos6\/\"><img data-recalc-dims=\"1\" loading=\"lazy\" decoding=\"async\" class=\"size-full wp-image-80679\" src=\"https:\/\/i0.wp.com\/www.eltrabajo.cl\/portal\/wp-content\/uploads\/2017\/08\/Peruanos6.jpg?resize=580%2C348\" alt=\"FIESTA Y SABOR.- Las manos sobraron para dar cuenta de estas riqu\u00edsimas alitas de pollo frito ofrecidas a los invitados especiales.\" width=\"580\" height=\"348\" srcset=\"https:\/\/i0.wp.com\/eltrabajo.cl\/portal\/wp-content\/uploads\/2017\/08\/Peruanos6.jpg?w=580&amp;ssl=1 580w, https:\/\/i0.wp.com\/eltrabajo.cl\/portal\/wp-content\/uploads\/2017\/08\/Peruanos6.jpg?resize=200%2C120&amp;ssl=1 200w, https:\/\/i0.wp.com\/eltrabajo.cl\/portal\/wp-content\/uploads\/2017\/08\/Peruanos6.jpg?resize=300%2C180&amp;ssl=1 300w, https:\/\/i0.wp.com\/eltrabajo.cl\/portal\/wp-content\/uploads\/2017\/08\/Peruanos6.jpg?resize=250%2C150&amp;ssl=1 250w, https:\/\/i0.wp.com\/eltrabajo.cl\/portal\/wp-content\/uploads\/2017\/08\/Peruanos6.jpg?resize=400%2C240&amp;ssl=1 400w\" sizes=\"auto, (max-width: 580px) 100vw, 580px\" \/><\/a><figcaption id=\"caption-attachment-80679\" class=\"wp-caption-text\">FIESTA Y SABOR.- Las manos sobraron para dar cuenta de estas riqu\u00edsimas alitas de pollo frito ofrecidas a los invitados especiales.<\/figcaption><\/figure>\n<figure id=\"attachment_80677\" aria-describedby=\"caption-attachment-80677\" style=\"width: 580px\" class=\"wp-caption alignleft\"><a href=\"http:\/\/www.eltrabajo.cl\/portal\/peruanos4\/\"><img data-recalc-dims=\"1\" loading=\"lazy\" decoding=\"async\" class=\"size-full wp-image-80677\" src=\"https:\/\/i0.wp.com\/www.eltrabajo.cl\/portal\/wp-content\/uploads\/2017\/08\/Peruanos4.jpg?resize=580%2C350\" alt=\"ECUATORIANO CANTANTE.- Manuel Torres, ecuatoriano y empleado del restaurante, alegr\u00f3 con sus rancheras la fiesta para los presentes.\" width=\"580\" height=\"350\" srcset=\"https:\/\/i0.wp.com\/eltrabajo.cl\/portal\/wp-content\/uploads\/2017\/08\/Peruanos4.jpg?w=580&amp;ssl=1 580w, https:\/\/i0.wp.com\/eltrabajo.cl\/portal\/wp-content\/uploads\/2017\/08\/Peruanos4.jpg?resize=200%2C121&amp;ssl=1 200w, https:\/\/i0.wp.com\/eltrabajo.cl\/portal\/wp-content\/uploads\/2017\/08\/Peruanos4.jpg?resize=300%2C181&amp;ssl=1 300w, https:\/\/i0.wp.com\/eltrabajo.cl\/portal\/wp-content\/uploads\/2017\/08\/Peruanos4.jpg?resize=249%2C150&amp;ssl=1 249w, https:\/\/i0.wp.com\/eltrabajo.cl\/portal\/wp-content\/uploads\/2017\/08\/Peruanos4.jpg?resize=400%2C241&amp;ssl=1 400w\" sizes=\"auto, (max-width: 580px) 100vw, 580px\" \/><\/a><figcaption id=\"caption-attachment-80677\" class=\"wp-caption-text\">ECUATORIANO CANTANTE.- Manuel Torres, ecuatoriano y empleado del restaurante, alegr\u00f3 con sus rancheras la fiesta para los presentes.<\/figcaption><\/figure>\n<figure id=\"attachment_80676\" aria-describedby=\"caption-attachment-80676\" style=\"width: 580px\" class=\"wp-caption alignleft\"><a href=\"http:\/\/www.eltrabajo.cl\/portal\/peruanos3\/\"><img data-recalc-dims=\"1\" loading=\"lazy\" decoding=\"async\" class=\"size-full wp-image-80676\" src=\"https:\/\/i0.wp.com\/www.eltrabajo.cl\/portal\/wp-content\/uploads\/2017\/08\/Peruanos3.jpg?resize=580%2C349\" alt=\"A REIR EN GRANDE.- El p\u00fablico disfrut\u00f3 a m\u00e1s no poder, pues hubo humoradas y buen pisco sour con alitas de pollo.\" width=\"580\" height=\"349\" srcset=\"https:\/\/i0.wp.com\/eltrabajo.cl\/portal\/wp-content\/uploads\/2017\/08\/Peruanos3.jpg?w=580&amp;ssl=1 580w, https:\/\/i0.wp.com\/eltrabajo.cl\/portal\/wp-content\/uploads\/2017\/08\/Peruanos3.jpg?resize=200%2C120&amp;ssl=1 200w, https:\/\/i0.wp.com\/eltrabajo.cl\/portal\/wp-content\/uploads\/2017\/08\/Peruanos3.jpg?resize=300%2C181&amp;ssl=1 300w, https:\/\/i0.wp.com\/eltrabajo.cl\/portal\/wp-content\/uploads\/2017\/08\/Peruanos3.jpg?resize=249%2C150&amp;ssl=1 249w, https:\/\/i0.wp.com\/eltrabajo.cl\/portal\/wp-content\/uploads\/2017\/08\/Peruanos3.jpg?resize=400%2C241&amp;ssl=1 400w\" sizes=\"auto, (max-width: 580px) 100vw, 580px\" \/><\/a><figcaption id=\"caption-attachment-80676\" class=\"wp-caption-text\">A REIR EN GRANDE.- El p\u00fablico disfrut\u00f3 a m\u00e1s no poder, pues hubo humoradas y buen pisco sour con alitas de pollo.<\/figcaption><\/figure>\n<figure id=\"attachment_80675\" aria-describedby=\"caption-attachment-80675\" style=\"width: 580px\" class=\"wp-caption alignleft\"><a href=\"http:\/\/www.eltrabajo.cl\/portal\/peruanos2\/\"><img data-recalc-dims=\"1\" loading=\"lazy\" decoding=\"async\" class=\"size-full wp-image-80675\" src=\"https:\/\/i0.wp.com\/www.eltrabajo.cl\/portal\/wp-content\/uploads\/2017\/08\/Peruanos2.jpg?resize=580%2C349\" alt=\"REGALONES.- El director de Diario El Trabajo, Marco Antonio Juri, comparti\u00f3 c\u00e1lidamente con este grupo de peruanos.\" width=\"580\" height=\"349\" srcset=\"https:\/\/i0.wp.com\/eltrabajo.cl\/portal\/wp-content\/uploads\/2017\/08\/Peruanos2.jpg?w=580&amp;ssl=1 580w, https:\/\/i0.wp.com\/eltrabajo.cl\/portal\/wp-content\/uploads\/2017\/08\/Peruanos2.jpg?resize=200%2C120&amp;ssl=1 200w, https:\/\/i0.wp.com\/eltrabajo.cl\/portal\/wp-content\/uploads\/2017\/08\/Peruanos2.jpg?resize=300%2C181&amp;ssl=1 300w, https:\/\/i0.wp.com\/eltrabajo.cl\/portal\/wp-content\/uploads\/2017\/08\/Peruanos2.jpg?resize=249%2C150&amp;ssl=1 249w, https:\/\/i0.wp.com\/eltrabajo.cl\/portal\/wp-content\/uploads\/2017\/08\/Peruanos2.jpg?resize=400%2C241&amp;ssl=1 400w\" sizes=\"auto, (max-width: 580px) 100vw, 580px\" \/><\/a><figcaption id=\"caption-attachment-80675\" class=\"wp-caption-text\">REGALONES.- El director de Diario El Trabajo, Marco Antonio Juri, comparti\u00f3 c\u00e1lidamente con este grupo de peruanos.<\/figcaption><\/figure>\n<figure id=\"attachment_80674\" aria-describedby=\"caption-attachment-80674\" style=\"width: 580px\" class=\"wp-caption alignleft\"><a href=\"http:\/\/www.eltrabajo.cl\/portal\/peruanos1\/\"><img data-recalc-dims=\"1\" loading=\"lazy\" decoding=\"async\" class=\"size-full wp-image-80674\" src=\"https:\/\/i0.wp.com\/www.eltrabajo.cl\/portal\/wp-content\/uploads\/2017\/08\/Peruanos1.jpg?resize=580%2C350\" alt=\"BIEN ATENDIDOS.- Ellos conforman todo el personal que trabaja en Restaurante L\u00edneas de Nazca, ubicado en Coimas 1542.\" width=\"580\" height=\"350\" srcset=\"https:\/\/i0.wp.com\/eltrabajo.cl\/portal\/wp-content\/uploads\/2017\/08\/Peruanos1.jpg?w=580&amp;ssl=1 580w, https:\/\/i0.wp.com\/eltrabajo.cl\/portal\/wp-content\/uploads\/2017\/08\/Peruanos1.jpg?resize=200%2C121&amp;ssl=1 200w, https:\/\/i0.wp.com\/eltrabajo.cl\/portal\/wp-content\/uploads\/2017\/08\/Peruanos1.jpg?resize=300%2C181&amp;ssl=1 300w, https:\/\/i0.wp.com\/eltrabajo.cl\/portal\/wp-content\/uploads\/2017\/08\/Peruanos1.jpg?resize=249%2C150&amp;ssl=1 249w, https:\/\/i0.wp.com\/eltrabajo.cl\/portal\/wp-content\/uploads\/2017\/08\/Peruanos1.jpg?resize=400%2C241&amp;ssl=1 400w\" sizes=\"auto, (max-width: 580px) 100vw, 580px\" \/><\/a><figcaption id=\"caption-attachment-80674\" class=\"wp-caption-text\">BIEN ATENDIDOS.- Ellos conforman todo el personal que trabaja en Restaurante L\u00edneas de Nazca, ubicado en Coimas 1542.<\/figcaption><\/figure>\n<figure id=\"attachment_80673\" aria-describedby=\"caption-attachment-80673\" style=\"width: 580px\" class=\"wp-caption alignleft\"><a href=\"http:\/\/www.eltrabajo.cl\/portal\/peruanos_angel-alejos\/\"><img data-recalc-dims=\"1\" loading=\"lazy\" decoding=\"async\" class=\"size-full wp-image-80673\" src=\"https:\/\/i0.wp.com\/www.eltrabajo.cl\/portal\/wp-content\/uploads\/2017\/08\/Peruanos_Angel-Alejos.jpg?resize=580%2C598\" alt=\"Gerente administrativo del restaurante, \u00c1ngel Alejos.\" width=\"580\" height=\"598\" srcset=\"https:\/\/i0.wp.com\/eltrabajo.cl\/portal\/wp-content\/uploads\/2017\/08\/Peruanos_Angel-Alejos.jpg?w=580&amp;ssl=1 580w, https:\/\/i0.wp.com\/eltrabajo.cl\/portal\/wp-content\/uploads\/2017\/08\/Peruanos_Angel-Alejos.jpg?resize=145%2C150&amp;ssl=1 145w, https:\/\/i0.wp.com\/eltrabajo.cl\/portal\/wp-content\/uploads\/2017\/08\/Peruanos_Angel-Alejos.jpg?resize=291%2C300&amp;ssl=1 291w, https:\/\/i0.wp.com\/eltrabajo.cl\/portal\/wp-content\/uploads\/2017\/08\/Peruanos_Angel-Alejos.jpg?resize=400%2C412&amp;ssl=1 400w\" sizes=\"auto, (max-width: 580px) 100vw, 580px\" \/><\/a><figcaption id=\"caption-attachment-80673\" class=\"wp-caption-text\">Gerente administrativo del restaurante, \u00c1ngel Alejos.<\/figcaption><\/figure>\n<figure id=\"attachment_80672\" aria-describedby=\"caption-attachment-80672\" style=\"width: 580px\" class=\"wp-caption alignleft\"><a href=\"http:\/\/www.eltrabajo.cl\/portal\/peruanos_7\/\"><img data-recalc-dims=\"1\" loading=\"lazy\" decoding=\"async\" class=\"size-full wp-image-80672\" src=\"https:\/\/i0.wp.com\/www.eltrabajo.cl\/portal\/wp-content\/uploads\/2017\/08\/Peruanos_7.jpg?resize=580%2C662\" alt=\"DESPAMPANANTE.- La sensaci\u00f3n de estas Fiestas Patrias del Per\u00fa fue la cantante Paula Portal, quien se ech\u00f3 el p\u00fablico en el bolsillo.\" width=\"580\" height=\"662\" srcset=\"https:\/\/i0.wp.com\/eltrabajo.cl\/portal\/wp-content\/uploads\/2017\/08\/Peruanos_7.jpg?w=580&amp;ssl=1 580w, https:\/\/i0.wp.com\/eltrabajo.cl\/portal\/wp-content\/uploads\/2017\/08\/Peruanos_7.jpg?resize=131%2C150&amp;ssl=1 131w, https:\/\/i0.wp.com\/eltrabajo.cl\/portal\/wp-content\/uploads\/2017\/08\/Peruanos_7.jpg?resize=263%2C300&amp;ssl=1 263w, https:\/\/i0.wp.com\/eltrabajo.cl\/portal\/wp-content\/uploads\/2017\/08\/Peruanos_7.jpg?resize=400%2C457&amp;ssl=1 400w\" sizes=\"auto, (max-width: 580px) 100vw, 580px\" \/><\/a><figcaption id=\"caption-attachment-80672\" class=\"wp-caption-text\">DESPAMPANANTE.- La sensaci\u00f3n de estas Fiestas Patrias del Per\u00fa fue la cantante Paula Portal, quien se ech\u00f3 el p\u00fablico en el bolsillo.<\/figcaption><\/figure>\n<figure id=\"attachment_72363\" aria-describedby=\"caption-attachment-72363\" style=\"width: 530px\" class=\"wp-caption alignleft\"><a href=\"http:\/\/www.eltrabajo.cl\/portal\/con-comidas-bailes-y-pisco-sour-peruanos-celebraron-su-independencia\/trajes1\/\" rel=\"attachment wp-att-72363\"><img data-recalc-dims=\"1\" loading=\"lazy\" decoding=\"async\" class=\"size-full wp-image-72363\" src=\"https:\/\/i0.wp.com\/www.eltrabajo.cl\/portal\/wp-content\/uploads\/2016\/08\/Trajes1.jpg?resize=530%2C942\" alt=\"CON SUS TRAJES.- Do\u00f1a Bertha Zorrilla y su esposo \u00c1ngel Alejos, peruanos, muestran a las c\u00e1maras de Diario El Trabajo su mejor traje folcl\u00f3rico.\" width=\"530\" height=\"942\" srcset=\"https:\/\/i0.wp.com\/eltrabajo.cl\/portal\/wp-content\/uploads\/2016\/08\/Trajes1.jpg?w=530&amp;ssl=1 530w, https:\/\/i0.wp.com\/eltrabajo.cl\/portal\/wp-content\/uploads\/2016\/08\/Trajes1.jpg?resize=84%2C150&amp;ssl=1 84w, https:\/\/i0.wp.com\/eltrabajo.cl\/portal\/wp-content\/uploads\/2016\/08\/Trajes1.jpg?resize=169%2C300&amp;ssl=1 169w, https:\/\/i0.wp.com\/eltrabajo.cl\/portal\/wp-content\/uploads\/2016\/08\/Trajes1.jpg?resize=400%2C711&amp;ssl=1 400w\" sizes=\"auto, (max-width: 530px) 100vw, 530px\" \/><\/a><figcaption id=\"caption-attachment-72363\" class=\"wp-caption-text\">CON SUS TRAJES.- Do\u00f1a Bertha Zorrilla y su esposo \u00c1ngel Alejos, peruanos, muestran a las c\u00e1maras de Diario El Trabajo su mejor traje folcl\u00f3rico.<\/figcaption><\/figure>\n<figure id=\"attachment_72360\" aria-describedby=\"caption-attachment-72360\" style=\"width: 530px\" class=\"wp-caption alignleft\"><a href=\"http:\/\/www.eltrabajo.cl\/portal\/con-comidas-bailes-y-pisco-sour-peruanos-celebraron-su-independencia\/bailes2-2\/\" rel=\"attachment wp-att-72360\"><img data-recalc-dims=\"1\" loading=\"lazy\" decoding=\"async\" class=\"size-full wp-image-72360\" src=\"https:\/\/i0.wp.com\/www.eltrabajo.cl\/portal\/wp-content\/uploads\/2016\/08\/Bailes2.jpg?resize=530%2C350\" alt=\"PERUANOS FELICES.- Palmas, aplausos, brindis y mucha alegr\u00eda en esta fecha patria peruana, es lo que se vivi\u00f3 el 28 de julio en nuestra comuna.\" width=\"530\" height=\"350\" srcset=\"https:\/\/i0.wp.com\/eltrabajo.cl\/portal\/wp-content\/uploads\/2016\/08\/Bailes2.jpg?w=530&amp;ssl=1 530w, https:\/\/i0.wp.com\/eltrabajo.cl\/portal\/wp-content\/uploads\/2016\/08\/Bailes2.jpg?resize=200%2C132&amp;ssl=1 200w, https:\/\/i0.wp.com\/eltrabajo.cl\/portal\/wp-content\/uploads\/2016\/08\/Bailes2.jpg?resize=300%2C198&amp;ssl=1 300w, https:\/\/i0.wp.com\/eltrabajo.cl\/portal\/wp-content\/uploads\/2016\/08\/Bailes2.jpg?resize=227%2C150&amp;ssl=1 227w, https:\/\/i0.wp.com\/eltrabajo.cl\/portal\/wp-content\/uploads\/2016\/08\/Bailes2.jpg?resize=400%2C264&amp;ssl=1 400w\" sizes=\"auto, (max-width: 530px) 100vw, 530px\" \/><\/a><figcaption id=\"caption-attachment-72360\" class=\"wp-caption-text\">PERUANOS FELICES.- Palmas, aplausos, brindis y mucha alegr\u00eda en esta fecha patria peruana, es lo que se vivi\u00f3 el 28 de julio en nuestra comuna.<\/figcaption><\/figure>\n<figure id=\"attachment_72359\" aria-describedby=\"caption-attachment-72359\" style=\"width: 528px\" class=\"wp-caption alignleft\"><a href=\"http:\/\/www.eltrabajo.cl\/portal\/con-comidas-bailes-y-pisco-sour-peruanos-celebraron-su-independencia\/bailes1-8\/\" rel=\"attachment wp-att-72359\"><img data-recalc-dims=\"1\" loading=\"lazy\" decoding=\"async\" class=\"size-full wp-image-72359\" src=\"https:\/\/i0.wp.com\/www.eltrabajo.cl\/portal\/wp-content\/uploads\/2016\/08\/Bailes1.jpg?resize=528%2C350\" alt=\"BAILES T\u00cdPICOS.- Peruanos y chilenos se unieron en un solo sentimiento patria, para celebrar bailando los 195 a\u00f1os de independencia del Per\u00fa.\" width=\"528\" height=\"350\" srcset=\"https:\/\/i0.wp.com\/eltrabajo.cl\/portal\/wp-content\/uploads\/2016\/08\/Bailes1.jpg?w=528&amp;ssl=1 528w, https:\/\/i0.wp.com\/eltrabajo.cl\/portal\/wp-content\/uploads\/2016\/08\/Bailes1.jpg?resize=200%2C133&amp;ssl=1 200w, https:\/\/i0.wp.com\/eltrabajo.cl\/portal\/wp-content\/uploads\/2016\/08\/Bailes1.jpg?resize=300%2C199&amp;ssl=1 300w, https:\/\/i0.wp.com\/eltrabajo.cl\/portal\/wp-content\/uploads\/2016\/08\/Bailes1.jpg?resize=226%2C150&amp;ssl=1 226w, https:\/\/i0.wp.com\/eltrabajo.cl\/portal\/wp-content\/uploads\/2016\/08\/Bailes1.jpg?resize=400%2C265&amp;ssl=1 400w\" sizes=\"auto, (max-width: 528px) 100vw, 528px\" \/><\/a><figcaption id=\"caption-attachment-72359\" class=\"wp-caption-text\">BAILES T\u00cdPICOS.- Peruanos y chilenos se unieron en un solo sentimiento patria, para celebrar bailando los 195 a\u00f1os de independencia del Per\u00fa.<\/figcaption><\/figure>\n","protected":false},"excerpt":{"rendered":"<p>&nbsp; Un fest\u00edn de folklore, m\u00fasica, deliciosos platillos t\u00edpicos y desfiles musicales, fue lo que un selecto grupo de personas, en su mayor\u00eda peruanas, desarroll\u00f3 en Restaurante L\u00edneas de Nazca, ubicado en&#8230;<\/p>\n","protected":false},"author":1,"featured_media":80674,"comment_status":"open","ping_status":"open","sticky":false,"template":"","format":"standard","meta":{"advanced_seo_description":"","jetpack_seo_html_title":"","jetpack_seo_noindex":false,"_jetpack_memberships_contains_paid_content":false,"footnotes":""},"categories":[15],"tags":[],"class_list":["post-81403","post","type-post","status-publish","format-standard","has-post-thumbnail","hentry","category-comunidad"],"jetpack_featured_media_url":"https:\/\/i0.wp.com\/eltrabajo.cl\/portal\/wp-content\/uploads\/2017\/08\/Peruanos1.jpg?fit=580%2C350&ssl=1","jetpack_sharing_enabled":true,"jetpack_likes_enabled":true,"jetpack-related-posts":[],"_links":{"self":[{"href":"https:\/\/eltrabajo.cl\/portal\/wp-json\/wp\/v2\/posts\/81403","targetHints":{"allow":["GET"]}}],"collection":[{"href":"https:\/\/eltrabajo.cl\/portal\/wp-json\/wp\/v2\/posts"}],"about":[{"href":"https:\/\/eltrabajo.cl\/portal\/wp-json\/wp\/v2\/types\/post"}],"author":[{"embeddable":true,"href":"https:\/\/eltrabajo.cl\/portal\/wp-json\/wp\/v2\/users\/1"}],"replies":[{"embeddable":true,"href":"https:\/\/eltrabajo.cl\/portal\/wp-json\/wp\/v2\/comments?post=81403"}],"version-history":[{"count":0,"href":"https:\/\/eltrabajo.cl\/portal\/wp-json\/wp\/v2\/posts\/81403\/revisions"}],"wp:featuredmedia":[{"embeddable":true,"href":"https:\/\/eltrabajo.cl\/portal\/wp-json\/wp\/v2\/media\/80674"}],"wp:attachment":[{"href":"https:\/\/eltrabajo.cl\/portal\/wp-json\/wp\/v2\/media?parent=81403"}],"wp:term":[{"taxonomy":"category","embeddable":true,"href":"https:\/\/eltrabajo.cl\/portal\/wp-json\/wp\/v2\/categories?post=81403"},{"taxonomy":"post_tag","embeddable":true,"href":"https:\/\/eltrabajo.cl\/portal\/wp-json\/wp\/v2\/tags?post=81403"}],"curies":[{"name":"wp","href":"https:\/\/api.w.org\/{rel}","templated":true}]}}