{"id":81404,"date":"2017-08-02T06:04:34","date_gmt":"2017-08-02T10:04:34","guid":{"rendered":"http:\/\/www.eltrabajo.cl\/2017\/?p=80671"},"modified":"2017-08-02T06:04:34","modified_gmt":"2017-08-02T10:04:34","slug":"miles-disfrutaron-del-desfile-de-aniversario-ayer-en-curimon","status":"publish","type":"post","link":"https:\/\/eltrabajo.cl\/portal\/miles-disfrutaron-del-desfile-de-aniversario-ayer-en-curimon\/","title":{"rendered":"Miles disfrutaron del desfile de aniversario ayer en Curim\u00f3n"},"content":{"rendered":"<figure id=\"attachment_80675\" aria-describedby=\"caption-attachment-80675\" style=\"width: 580px\" class=\"wp-caption alignnone\"><img data-recalc-dims=\"1\" loading=\"lazy\" decoding=\"async\" class=\"size-full wp-image-80675\" src=\"https:\/\/i0.wp.com\/www.eltrabajo.cl\/2017\/wp-content\/uploads\/2017\/08\/Desfile3.jpg?resize=580%2C348\" alt=\"DIRECTORES AL FRENTE.- La Escuela Mateo Cokjlat, de Tierras Blancas, tambi\u00e9n se hizo presente con su directora Marcia Endara Carrasco.\" width=\"580\" height=\"348\" \/><figcaption id=\"caption-attachment-80675\" class=\"wp-caption-text\">DIRECTORES AL FRENTE.- La Escuela Mateo Cokjlat, de Tierras Blancas, tambi\u00e9n se hizo presente con su directora Marcia Endara Carrasco.<\/figcaption><\/figure>\n<p>Con un colorido desfile c\u00edvico-militar en el que las Fuerzas Vivas de nuestra comuna se unieron para festejar los 277 a\u00f1os de existencia de San Felipe, iniciaron las celebraciones en Curim\u00f3n la ma\u00f1ana de ayer martes. A la cita llegaron todos los estudiantes, profesores y apoderados de los distintos colegios del sector, como lo son las escuelas Carmela Carvajal, Bucalemu, San Rafael, Mateo Cokjlat de Tierras Blancas, Assunta Pallota y hasta los regalones del Jard\u00edn Infantil Conejitos Saltarines.<br \/>\nNo pod\u00edan faltar las autoridades municipales encabezadas por el alcalde Patricio Freire y sus concejales, as\u00ed como tambi\u00e9n el gobernador provincial Eduardo Le\u00f3n, Cores de la V Regi\u00f3n e importantes figuras militares del Regimiento Reforzado N\u00ba3 Yungay, quienes alegraron musicalmente la jornada durante casi todo el desfile, ya que tambi\u00e9n los ni\u00f1os de la Escuela Carmela Carvajal desarrollaron su propia presentaci\u00f3n con su banda escolar.<\/p>\n<p><span style=\"color: #ff0000;\"><strong>LOGROS Y PROYECTOS<\/strong><\/span><br \/>\nEl alcalde Patricio Freire por su parte, record\u00f3 a los presentes la gesti\u00f3n que el Municipio viene desarrollando por los vecinos e instituciones de Curim\u00f3n: \u00abEl nuevo Centro de Salud Familiar muy pronto ser\u00e1 construido, un Cesfam que brindar\u00e1 salud y calidad a todos los vecinos, a esto se suma la adquisici\u00f3n de una nueva ambulancia totalmente equipada, la que fue adquirida a trav\u00e9s de la Circular 33 del Gobierno Regional de Valpara\u00edso, pero no solamente en Curim\u00f3n est\u00e1 centrado nuestro esfuerzo, por ello \u00bfc\u00f3mo no voy a destacar el avance de los pavimentos participativos y juegos infantiles en Bucalemu?; el mejoramiento de la escuela y ampliaci\u00f3n de la sede social de Tierras Blancas, cuya obra se inicia este mes de agosto, no nos olvidemos que este a\u00f1o hemos logrado tambi\u00e9n con el Ministerio de Bienes Nacionales que el Fundo La Pe\u00f1a sea traspasado a nuestra municipalidad, que son 24 hect\u00e1reas que permitir\u00e1n desarrollar proyectos para la comunidad, nos sentimos motivados con los grandes avances logrados\u00bb, dijo Freire.<br \/>\nEl Ballet Municipal de San Felipe, por su parte, logr\u00f3 lucirse a lo grande, pues ofreci\u00f3 a los presentes varias interpretaciones art\u00edsticas de primer nivel, invitando al final de su aporte a las autoridades a bailar un pie de cueca. Huasos, discursos y much\u00edsimos vecinos de todas las edades aplaudiendo y disfrutando este primer desfile de aniversario.<br \/>\n<strong>Roberto Gonz\u00e1lez Short<\/strong><\/p>\n<figure id=\"attachment_80672\" aria-describedby=\"caption-attachment-80672\" style=\"width: 580px\" class=\"wp-caption alignnone\"><img data-recalc-dims=\"1\" loading=\"lazy\" decoding=\"async\" class=\"size-full wp-image-80672\" src=\"https:\/\/i0.wp.com\/www.eltrabajo.cl\/2017\/wp-content\/uploads\/2017\/08\/Desfile_Patricio-Freire.jpg?resize=580%2C541\" alt=\"Patricio Freire Canto, alcalde de San Felipe.\" width=\"580\" height=\"541\" \/><figcaption id=\"caption-attachment-80672\" class=\"wp-caption-text\">Patricio Freire Canto, alcalde de San Felipe.<\/figcaption><\/figure>\n<figure id=\"attachment_80673\" aria-describedby=\"caption-attachment-80673\" style=\"width: 580px\" class=\"wp-caption alignnone\"><img data-recalc-dims=\"1\" loading=\"lazy\" decoding=\"async\" class=\"size-full wp-image-80673\" src=\"https:\/\/i0.wp.com\/www.eltrabajo.cl\/2017\/wp-content\/uploads\/2017\/08\/Desfile1.jpg?resize=580%2C348\" alt=\"CONEJITOS EN DESFILE.- Aqu\u00ed tenemos a los p\u00e1rvulos del Jard\u00edn Infantil Conejitos Saltarines, quienes desfilaron muy contentos por el centro de Curim\u00f3n al lado de sus profesores.\" width=\"580\" height=\"348\" \/><figcaption id=\"caption-attachment-80673\" class=\"wp-caption-text\">CONEJITOS EN DESFILE.- Aqu\u00ed tenemos a los p\u00e1rvulos del Jard\u00edn Infantil Conejitos Saltarines, quienes desfilaron muy contentos por el centro de Curim\u00f3n al lado de sus profesores.<\/figcaption><\/figure>\n<figure id=\"attachment_80674\" aria-describedby=\"caption-attachment-80674\" style=\"width: 580px\" class=\"wp-caption alignnone\"><img data-recalc-dims=\"1\" loading=\"lazy\" decoding=\"async\" class=\"size-full wp-image-80674\" src=\"https:\/\/i0.wp.com\/www.eltrabajo.cl\/2017\/wp-content\/uploads\/2017\/08\/Desfile2.jpg?resize=580%2C349\" alt=\"ORFE\u00d3N ACONCAGUA.- El Orfe\u00f3n Municipal de Aconcagua tambi\u00e9n ofreci\u00f3 sus mejores acordes durante esta colorida actividad.\" width=\"580\" height=\"349\" \/><figcaption id=\"caption-attachment-80674\" class=\"wp-caption-text\">ORFE\u00d3N ACONCAGUA.- El Orfe\u00f3n Municipal de Aconcagua tambi\u00e9n ofreci\u00f3 sus mejores acordes durante esta colorida actividad.<\/figcaption><\/figure>\n<figure id=\"attachment_80676\" aria-describedby=\"caption-attachment-80676\" style=\"width: 580px\" class=\"wp-caption alignnone\"><img data-recalc-dims=\"1\" loading=\"lazy\" decoding=\"async\" class=\"size-full wp-image-80676\" src=\"https:\/\/i0.wp.com\/www.eltrabajo.cl\/2017\/wp-content\/uploads\/2017\/08\/Desfile4.jpg?resize=580%2C348\" alt=\"REGALONES DE BUCALEMU.- Camila Arancibia y Adolfo Astudillo, desfilaron y tambi\u00e9n bailaron cueca durante este desfile de aniversario.\" width=\"580\" height=\"348\" \/><figcaption id=\"caption-attachment-80676\" class=\"wp-caption-text\">REGALONES DE BUCALEMU.- Camila Arancibia y Adolfo Astudillo, desfilaron y tambi\u00e9n bailaron cueca durante este desfile de aniversario.<\/figcaption><\/figure>\n<figure id=\"attachment_80677\" aria-describedby=\"caption-attachment-80677\" style=\"width: 580px\" class=\"wp-caption alignnone\"><img data-recalc-dims=\"1\" loading=\"lazy\" decoding=\"async\" class=\"size-full wp-image-80677\" src=\"https:\/\/i0.wp.com\/www.eltrabajo.cl\/2017\/wp-content\/uploads\/2017\/08\/Desfile5.jpg?resize=580%2C349\" alt=\"IMPOSIBLE FALTAR.- El p\u00fablico acudi\u00f3 a esta actividad sin importar los medios, abuelos, j\u00f3venes, ni\u00f1os y hasta en silla de ruedas.\" width=\"580\" height=\"349\" \/><figcaption id=\"caption-attachment-80677\" class=\"wp-caption-text\">IMPOSIBLE FALTAR.- El p\u00fablico acudi\u00f3 a esta actividad sin importar los medios, abuelos, j\u00f3venes, ni\u00f1os y hasta en silla de ruedas.<\/figcaption><\/figure>\n<figure id=\"attachment_80678\" aria-describedby=\"caption-attachment-80678\" style=\"width: 580px\" class=\"wp-caption alignnone\"><img data-recalc-dims=\"1\" loading=\"lazy\" decoding=\"async\" class=\"size-full wp-image-80678\" src=\"https:\/\/i0.wp.com\/www.eltrabajo.cl\/2017\/wp-content\/uploads\/2017\/08\/Desfile6.jpg?resize=580%2C348\" alt=\"TALENTO SANFELIPE\u00d1O.- El Ballet Municipal de San Felipe por su parte, logr\u00f3 lucirse a lo grande, pues ofreci\u00f3 a los presentes varias interpretaciones art\u00edsticas de primer nivel.\" width=\"580\" height=\"348\" \/><figcaption id=\"caption-attachment-80678\" class=\"wp-caption-text\">TALENTO SANFELIPE\u00d1O.- El Ballet Municipal de San Felipe por su parte, logr\u00f3 lucirse a lo grande, pues ofreci\u00f3 a los presentes varias interpretaciones art\u00edsticas de primer nivel.<\/figcaption><\/figure>\n","protected":false},"excerpt":{"rendered":"<p>Con un colorido desfile c\u00edvico-militar en el que las Fuerzas Vivas de nuestra comuna se unieron para festejar los 277 a\u00f1os de existencia de San Felipe, iniciaron las celebraciones en Curim\u00f3n la&#8230;<\/p>\n","protected":false},"author":1,"featured_media":80673,"comment_status":"open","ping_status":"open","sticky":false,"template":"","format":"standard","meta":{"advanced_seo_description":"","jetpack_seo_html_title":"","jetpack_seo_noindex":false,"_jetpack_memberships_contains_paid_content":false,"footnotes":""},"categories":[15],"tags":[],"class_list":["post-81404","post","type-post","status-publish","format-standard","has-post-thumbnail","hentry","category-comunidad"],"jetpack_featured_media_url":"https:\/\/i0.wp.com\/eltrabajo.cl\/portal\/wp-content\/uploads\/2017\/08\/Peruanos_Angel-Alejos.jpg?fit=580%2C598&ssl=1","jetpack_sharing_enabled":true,"jetpack_likes_enabled":true,"jetpack-related-posts":[],"_links":{"self":[{"href":"https:\/\/eltrabajo.cl\/portal\/wp-json\/wp\/v2\/posts\/81404","targetHints":{"allow":["GET"]}}],"collection":[{"href":"https:\/\/eltrabajo.cl\/portal\/wp-json\/wp\/v2\/posts"}],"about":[{"href":"https:\/\/eltrabajo.cl\/portal\/wp-json\/wp\/v2\/types\/post"}],"author":[{"embeddable":true,"href":"https:\/\/eltrabajo.cl\/portal\/wp-json\/wp\/v2\/users\/1"}],"replies":[{"embeddable":true,"href":"https:\/\/eltrabajo.cl\/portal\/wp-json\/wp\/v2\/comments?post=81404"}],"version-history":[{"count":0,"href":"https:\/\/eltrabajo.cl\/portal\/wp-json\/wp\/v2\/posts\/81404\/revisions"}],"wp:featuredmedia":[{"embeddable":true,"href":"https:\/\/eltrabajo.cl\/portal\/wp-json\/wp\/v2\/media\/80673"}],"wp:attachment":[{"href":"https:\/\/eltrabajo.cl\/portal\/wp-json\/wp\/v2\/media?parent=81404"}],"wp:term":[{"taxonomy":"category","embeddable":true,"href":"https:\/\/eltrabajo.cl\/portal\/wp-json\/wp\/v2\/categories?post=81404"},{"taxonomy":"post_tag","embeddable":true,"href":"https:\/\/eltrabajo.cl\/portal\/wp-json\/wp\/v2\/tags?post=81404"}],"curies":[{"name":"wp","href":"https:\/\/api.w.org\/{rel}","templated":true}]}}