{"id":81405,"date":"2017-08-02T06:05:26","date_gmt":"2017-08-02T10:05:26","guid":{"rendered":"http:\/\/www.eltrabajo.cl\/2017\/?p=80680"},"modified":"2017-08-02T06:05:26","modified_gmt":"2017-08-02T10:05:26","slug":"asistentes-de-la-educacion-llaman-a-estar-alerta-por-no-pago-de-bono","status":"publish","type":"post","link":"https:\/\/eltrabajo.cl\/portal\/asistentes-de-la-educacion-llaman-a-estar-alerta-por-no-pago-de-bono\/","title":{"rendered":"Asistentes de la Educaci\u00f3n llaman a estar alerta por no pago de bono"},"content":{"rendered":"<figure id=\"attachment_80681\" aria-describedby=\"caption-attachment-80681\" style=\"width: 580px\" class=\"wp-caption alignnone\"><img data-recalc-dims=\"1\" loading=\"lazy\" decoding=\"async\" class=\"size-full wp-image-80681\" src=\"https:\/\/i0.wp.com\/www.eltrabajo.cl\/2017\/wp-content\/uploads\/2017\/08\/asistentes-educacion-presidenta-mignol-mu%C3%B1oz-junto-a-alcalde.jpg?resize=580%2C350\" alt=\"OTROS TIEMPOS.- En la foto de archivo, a la derecha del Alcalde Patricio Freire, la presidenta de los funcionarios Asistentes de la Educaci\u00f3n, Mignol Mu\u00f1oz, junto a otras asociadas y autoridades municipales.\" width=\"580\" height=\"350\" \/><figcaption id=\"caption-attachment-80681\" class=\"wp-caption-text\">OTROS TIEMPOS.- En la foto de archivo, a la derecha del Alcalde Patricio Freire, la presidenta de los funcionarios Asistentes de la Educaci\u00f3n, Mignol Mu\u00f1oz, junto a otras asociadas y autoridades municipales.<\/figcaption><\/figure>\n<p>A trav\u00e9s de un comunicado enviado anoche al cierre de la presente edici\u00f3n, despu\u00e9s de una reuni\u00f3n sostenida para abordar el problema, la Asociaci\u00f3n de Funcionarios Asistentes de la Educaci\u00f3n de San Felipe llam\u00f3 a sus bases a estar atentos a los procesos que se vienen. El texto de la declaraci\u00f3n es el siguiente:<br \/>\nLa Asociaci\u00f3n de Asistentes de la Educaci\u00f3n de San Felipe, a trav\u00e9s de su comit\u00e9 de crisis, da a conocer a sus socios y a la comunidad lo siguiente:<br \/>\nManifestamos la inquietud y molestia de nuestras bases, ante las continuas postergaciones del Sr. Alcalde Don Patricio FreireCanto, a la fecha de reuni\u00f3n con la Directiva de nuestra asociaci\u00f3n, cuya finalidad se relaciona con acordar el pago del Bono Especial de Asistentes de la Educaci\u00f3n, correspondiente al presente a\u00f1o.<br \/>\nDurante el mes de Mayo, en una instancia informal, la m\u00e1xima Autoridad Edilicia se compromete de manera verbal, con parte de la directiva de la asociaci\u00f3n, al pago de dicho beneficio adquirido en el tiempo, cuyo primer pago se hizo efectivo en el a\u00f1o 2011, bajo la Autoridad del antiguo alcalde, Sr. Jaime Amar.<br \/>\nSin embargo, transcurridos dos meses de ese encuentro, a\u00fan no tenemos respuesta ni pago respecto de dicho compromiso. Tampoco fue traspasada nuestra solicitud al Honorable Concejo Municipal, aun cuando se entreg\u00f3 un oficio dirigido a ellos, el d\u00eda 18 de abril del presente a\u00f1o para tal prop\u00f3sito.<br \/>\nDurante el mes de junio, tuvimos una reuni\u00f3n con el Administrador Municipal, Sr. Patricio Gonz\u00e1lez, quien portaba una carta en que nos inform\u00f3 que dicho bono no ser\u00eda pagado, justificando la decisi\u00f3n en las mejoras a los sueldos ocurridas a fines del a\u00f1o 2016, interpretando unilateralmente que el bono en esos t\u00e9rminos no correspond\u00eda. Cabe destacar que dicha mejora no se realiz\u00f3 a todos los asistentes de la educaci\u00f3n, sino s\u00f3lo a aquellos con menores remuneraciones y m\u00e1s a\u00f1os de servicio.<br \/>\nNos llama la atenci\u00f3n la discrepancia manifestada entre las dos autoridades comunales, anteriormente enunciadas, que hasta el d\u00eda de hoy nos tienen en ascuas, sin otorgarnos una respuesta efectiva a nuestros requerimientos.<br \/>\nComo asociaci\u00f3n, rechazamos la falta de consideraci\u00f3n respecto de nuestras posturas y, en especial, la continua postergaci\u00f3n a dialogar y a recibir nuestros puntos de vista. Consideramos una falta a los compromisos adquiridos, la no entrega de una respuesta oficial centrada en el marco legal que nos rige como trabajadores bajo el c\u00f3digo del trabajo.<br \/>\nPor lo tanto, llamamos a nuestros asociados a estar atentos y a tener una actitud activa en el proceso que se viene.<br \/>\n<strong>La Directiva<\/strong><\/p>\n","protected":false},"excerpt":{"rendered":"<p>A trav\u00e9s de un comunicado enviado anoche al cierre de la presente edici\u00f3n, despu\u00e9s de una reuni\u00f3n sostenida para abordar el problema, la Asociaci\u00f3n de Funcionarios Asistentes de la Educaci\u00f3n de San&#8230;<\/p>\n","protected":false},"author":1,"featured_media":80681,"comment_status":"open","ping_status":"open","sticky":false,"template":"","format":"standard","meta":{"advanced_seo_description":"","jetpack_seo_html_title":"","jetpack_seo_noindex":false,"_jetpack_memberships_contains_paid_content":false,"footnotes":""},"categories":[15],"tags":[],"class_list":["post-81405","post","type-post","status-publish","format-standard","has-post-thumbnail","hentry","category-comunidad"],"jetpack_featured_media_url":"https:\/\/i0.wp.com\/eltrabajo.cl\/portal\/wp-content\/uploads\/2017\/08\/Desfile1.jpg?fit=580%2C348&ssl=1","jetpack_sharing_enabled":true,"jetpack_likes_enabled":true,"jetpack-related-posts":[],"_links":{"self":[{"href":"https:\/\/eltrabajo.cl\/portal\/wp-json\/wp\/v2\/posts\/81405","targetHints":{"allow":["GET"]}}],"collection":[{"href":"https:\/\/eltrabajo.cl\/portal\/wp-json\/wp\/v2\/posts"}],"about":[{"href":"https:\/\/eltrabajo.cl\/portal\/wp-json\/wp\/v2\/types\/post"}],"author":[{"embeddable":true,"href":"https:\/\/eltrabajo.cl\/portal\/wp-json\/wp\/v2\/users\/1"}],"replies":[{"embeddable":true,"href":"https:\/\/eltrabajo.cl\/portal\/wp-json\/wp\/v2\/comments?post=81405"}],"version-history":[{"count":0,"href":"https:\/\/eltrabajo.cl\/portal\/wp-json\/wp\/v2\/posts\/81405\/revisions"}],"wp:featuredmedia":[{"embeddable":true,"href":"https:\/\/eltrabajo.cl\/portal\/wp-json\/wp\/v2\/media\/80681"}],"wp:attachment":[{"href":"https:\/\/eltrabajo.cl\/portal\/wp-json\/wp\/v2\/media?parent=81405"}],"wp:term":[{"taxonomy":"category","embeddable":true,"href":"https:\/\/eltrabajo.cl\/portal\/wp-json\/wp\/v2\/categories?post=81405"},{"taxonomy":"post_tag","embeddable":true,"href":"https:\/\/eltrabajo.cl\/portal\/wp-json\/wp\/v2\/tags?post=81405"}],"curies":[{"name":"wp","href":"https:\/\/api.w.org\/{rel}","templated":true}]}}