{"id":81447,"date":"2017-09-05T05:00:04","date_gmt":"2017-09-05T09:00:04","guid":{"rendered":"http:\/\/www.eltrabajo.cl\/2017\/?p=81447"},"modified":"2017-09-05T05:00:04","modified_gmt":"2017-09-05T09:00:04","slug":"vecinos-de-quebrada-herrera-celebraron-felices-los-que-pasamos-agosto","status":"publish","type":"post","link":"https:\/\/eltrabajo.cl\/portal\/vecinos-de-quebrada-herrera-celebraron-felices-los-que-pasamos-agosto\/","title":{"rendered":"Vecinos de Quebrada Herrera celebraron felices \u2018Los que pasamos Agosto\u2019"},"content":{"rendered":"<figure id=\"attachment_81449\" aria-describedby=\"caption-attachment-81449\" style=\"width: 580px\" class=\"wp-caption alignnone\"><img data-recalc-dims=\"1\" loading=\"lazy\" decoding=\"async\" class=\"size-full wp-image-81449\" src=\"https:\/\/i0.wp.com\/www.eltrabajo.cl\/2017\/wp-content\/uploads\/2017\/09\/Picarones2.jpg?resize=580%2C399\" alt=\"PORQUE LA VIDA SIGUE.- Hubo masas, bebidas, chistes, recuerdos y un ambiente lleno de positivismo.\" width=\"580\" height=\"399\" srcset=\"https:\/\/i0.wp.com\/eltrabajo.cl\/portal\/wp-content\/uploads\/2017\/09\/Picarones2.jpg?w=580&amp;ssl=1 580w, https:\/\/i0.wp.com\/eltrabajo.cl\/portal\/wp-content\/uploads\/2017\/09\/Picarones2.jpg?resize=200%2C138&amp;ssl=1 200w, https:\/\/i0.wp.com\/eltrabajo.cl\/portal\/wp-content\/uploads\/2017\/09\/Picarones2.jpg?resize=300%2C206&amp;ssl=1 300w, https:\/\/i0.wp.com\/eltrabajo.cl\/portal\/wp-content\/uploads\/2017\/09\/Picarones2.jpg?resize=218%2C150&amp;ssl=1 218w, https:\/\/i0.wp.com\/eltrabajo.cl\/portal\/wp-content\/uploads\/2017\/09\/Picarones2.jpg?resize=400%2C275&amp;ssl=1 400w\" sizes=\"auto, (max-width: 580px) 100vw, 580px\" \/><figcaption id=\"caption-attachment-81449\" class=\"wp-caption-text\">PORQUE LA VIDA SIGUE.- Hubo masas, bebidas, chistes, recuerdos y un ambiente lleno de positivismo.<\/figcaption><\/figure>\n<ul>\n<li><span style=\"color: #ff0000;\"><strong>Actividad fue organizada por exalumnos de la Escuela Renacer:<\/strong><\/span><\/li>\n<\/ul>\n<p>Como ya es tradici\u00f3n en nuestro pa\u00eds y como una fresca humorada para vivirla entre amigos, todos los a\u00f1os en Chile, despu\u00e9s de finalizar el octavo mes, se celebra la fiesta \u2018Los que pasamos Agosto\u2019, actividad que pretende festejar la dicha de haber superado uno de los meses en el que m\u00e1s se enferman las personas -seg\u00fan la tradici\u00f3n- y tambi\u00e9n en el que m\u00e1s abuelitos fallecen.<br \/>\nFue entonces con miras a celebrar esta fiesta popular que los adultos mayores del sector 21 de Mayo, El Asiento, Quebrada Herrera y de Bellavista, fueron invitados a comer Picarones en las dependencias de la Escuela Renacer, de Quebrada Herrera.<br \/>\nFue un grupo de exalumnos de esa escuela quien convoc\u00f3 a los m\u00e1s mayores de esas comunidades, fue un encuentro pleno de alegr\u00eda, de gente vecina que muchas veces por problemas de movilidad o salud, se han dejado de ver por harto tiempo y se reencontraron ese d\u00eda s\u00e1bado, recordando sus vivencias y compartiendo los ricos Picarones.<br \/>\nNo obstante, hubo varios adultos mayores que por problemas de salud o movilidad reducida no pudieron llegar hasta esta fiesta, a los cuales los exalumnos fueron personalmente a entregarles un peque\u00f1o paquete de estos dulces y masas, en sus casas, para que alegraran la hora de las onces, llev\u00e1ndoles tambi\u00e9n el saludo de la Escuela y de toda la comunidad que les reconoce su aporte.<br \/>\n<strong>Roberto Gonz\u00e1lez Short<\/strong><\/p>\n<figure id=\"attachment_81448\" aria-describedby=\"caption-attachment-81448\" style=\"width: 580px\" class=\"wp-caption alignnone\"><img data-recalc-dims=\"1\" loading=\"lazy\" decoding=\"async\" class=\"size-full wp-image-81448\" src=\"https:\/\/i0.wp.com\/www.eltrabajo.cl\/2017\/wp-content\/uploads\/2017\/09\/Picarones1.jpg?resize=580%2C398\" alt=\"PASARON AGOSTO.- Desde hace varios a\u00f1os, en algunos casos, estos adultos mayores no se miraban entre s\u00ed, sin embargo este s\u00e1bado, todos juntos celebraron el haber pasado Agosto.\" width=\"580\" height=\"398\" srcset=\"https:\/\/i0.wp.com\/eltrabajo.cl\/portal\/wp-content\/uploads\/2017\/09\/Picarones1.jpg?w=580&amp;ssl=1 580w, https:\/\/i0.wp.com\/eltrabajo.cl\/portal\/wp-content\/uploads\/2017\/09\/Picarones1.jpg?resize=200%2C137&amp;ssl=1 200w, https:\/\/i0.wp.com\/eltrabajo.cl\/portal\/wp-content\/uploads\/2017\/09\/Picarones1.jpg?resize=300%2C206&amp;ssl=1 300w, https:\/\/i0.wp.com\/eltrabajo.cl\/portal\/wp-content\/uploads\/2017\/09\/Picarones1.jpg?resize=219%2C150&amp;ssl=1 219w, https:\/\/i0.wp.com\/eltrabajo.cl\/portal\/wp-content\/uploads\/2017\/09\/Picarones1.jpg?resize=400%2C274&amp;ssl=1 400w\" sizes=\"auto, (max-width: 580px) 100vw, 580px\" \/><figcaption id=\"caption-attachment-81448\" class=\"wp-caption-text\">PASARON AGOSTO.- Desde hace varios a\u00f1os, en algunos casos, estos adultos mayores no se miraban entre s\u00ed, sin embargo este s\u00e1bado, todos juntos celebraron el haber pasado Agosto.<\/figcaption><\/figure>\n<figure id=\"attachment_81450\" aria-describedby=\"caption-attachment-81450\" style=\"width: 580px\" class=\"wp-caption alignnone\"><img data-recalc-dims=\"1\" loading=\"lazy\" decoding=\"async\" class=\"size-full wp-image-81450\" src=\"https:\/\/i0.wp.com\/www.eltrabajo.cl\/2017\/wp-content\/uploads\/2017\/09\/Picarones3.jpg?resize=580%2C400\" alt=\"LOS RICOS PICARONES.- Estos son los ricos Picarones que desde ni\u00f1os estos vecinos com\u00edan en la escuela que tanto aman.\" width=\"580\" height=\"400\" srcset=\"https:\/\/i0.wp.com\/eltrabajo.cl\/portal\/wp-content\/uploads\/2017\/09\/Picarones3.jpg?w=580&amp;ssl=1 580w, https:\/\/i0.wp.com\/eltrabajo.cl\/portal\/wp-content\/uploads\/2017\/09\/Picarones3.jpg?resize=200%2C138&amp;ssl=1 200w, https:\/\/i0.wp.com\/eltrabajo.cl\/portal\/wp-content\/uploads\/2017\/09\/Picarones3.jpg?resize=300%2C207&amp;ssl=1 300w, https:\/\/i0.wp.com\/eltrabajo.cl\/portal\/wp-content\/uploads\/2017\/09\/Picarones3.jpg?resize=218%2C150&amp;ssl=1 218w, https:\/\/i0.wp.com\/eltrabajo.cl\/portal\/wp-content\/uploads\/2017\/09\/Picarones3.jpg?resize=400%2C276&amp;ssl=1 400w\" sizes=\"auto, (max-width: 580px) 100vw, 580px\" \/><figcaption id=\"caption-attachment-81450\" class=\"wp-caption-text\">LOS RICOS PICARONES.- Estos son los ricos Picarones que desde ni\u00f1os estos vecinos com\u00edan en la escuela que tanto aman.<\/figcaption><\/figure>\n","protected":false},"excerpt":{"rendered":"<p>Actividad fue organizada por exalumnos de la Escuela Renacer: Como ya es tradici\u00f3n en nuestro pa\u00eds y como una fresca humorada para vivirla entre amigos, todos los a\u00f1os en Chile, despu\u00e9s de&#8230;<\/p>\n","protected":false},"author":1,"featured_media":81448,"comment_status":"open","ping_status":"open","sticky":false,"template":"","format":"standard","meta":{"advanced_seo_description":"","jetpack_seo_html_title":"","jetpack_seo_noindex":false,"_jetpack_memberships_contains_paid_content":false,"footnotes":""},"categories":[15],"tags":[],"class_list":["post-81447","post","type-post","status-publish","format-standard","has-post-thumbnail","hentry","category-comunidad"],"jetpack_featured_media_url":"https:\/\/i0.wp.com\/eltrabajo.cl\/portal\/wp-content\/uploads\/2017\/09\/Picarones1.jpg?fit=580%2C398&ssl=1","jetpack_sharing_enabled":true,"jetpack_likes_enabled":true,"jetpack-related-posts":[],"_links":{"self":[{"href":"https:\/\/eltrabajo.cl\/portal\/wp-json\/wp\/v2\/posts\/81447","targetHints":{"allow":["GET"]}}],"collection":[{"href":"https:\/\/eltrabajo.cl\/portal\/wp-json\/wp\/v2\/posts"}],"about":[{"href":"https:\/\/eltrabajo.cl\/portal\/wp-json\/wp\/v2\/types\/post"}],"author":[{"embeddable":true,"href":"https:\/\/eltrabajo.cl\/portal\/wp-json\/wp\/v2\/users\/1"}],"replies":[{"embeddable":true,"href":"https:\/\/eltrabajo.cl\/portal\/wp-json\/wp\/v2\/comments?post=81447"}],"version-history":[{"count":0,"href":"https:\/\/eltrabajo.cl\/portal\/wp-json\/wp\/v2\/posts\/81447\/revisions"}],"wp:featuredmedia":[{"embeddable":true,"href":"https:\/\/eltrabajo.cl\/portal\/wp-json\/wp\/v2\/media\/81448"}],"wp:attachment":[{"href":"https:\/\/eltrabajo.cl\/portal\/wp-json\/wp\/v2\/media?parent=81447"}],"wp:term":[{"taxonomy":"category","embeddable":true,"href":"https:\/\/eltrabajo.cl\/portal\/wp-json\/wp\/v2\/categories?post=81447"},{"taxonomy":"post_tag","embeddable":true,"href":"https:\/\/eltrabajo.cl\/portal\/wp-json\/wp\/v2\/tags?post=81447"}],"curies":[{"name":"wp","href":"https:\/\/api.w.org\/{rel}","templated":true}]}}