{"id":81452,"date":"2017-09-05T05:01:17","date_gmt":"2017-09-05T09:01:17","guid":{"rendered":"http:\/\/www.eltrabajo.cl\/2017\/?p=81452"},"modified":"2017-09-05T05:01:17","modified_gmt":"2017-09-05T09:01:17","slug":"camara-de-comercio-lanza-nodo-de-oferta-turistica-del-valle-de-aconcagua","status":"publish","type":"post","link":"https:\/\/eltrabajo.cl\/portal\/camara-de-comercio-lanza-nodo-de-oferta-turistica-del-valle-de-aconcagua\/","title":{"rendered":"C\u00e1mara de Comercio lanza Nodo de Oferta Tur\u00edstica del Valle de Aconcagua"},"content":{"rendered":"<figure id=\"attachment_81453\" aria-describedby=\"caption-attachment-81453\" style=\"width: 580px\" class=\"wp-caption alignnone\"><img data-recalc-dims=\"1\" loading=\"lazy\" decoding=\"async\" class=\"size-full wp-image-81453\" src=\"https:\/\/i0.wp.com\/www.eltrabajo.cl\/2017\/wp-content\/uploads\/2017\/09\/camara-nodo-turismo.jpg?resize=580%2C400\" alt=\"Dirigentes de la C\u00e1mara de Comercio de San Felipe realizaron el lanzamiento del nodo de oferta tur\u00edstica, junto a autoridades de Gobierno, Corfo y el Ministerio de Econom\u00eda.\" width=\"580\" height=\"400\" srcset=\"https:\/\/i0.wp.com\/eltrabajo.cl\/portal\/wp-content\/uploads\/2017\/09\/camara-nodo-turismo.jpg?w=580&amp;ssl=1 580w, https:\/\/i0.wp.com\/eltrabajo.cl\/portal\/wp-content\/uploads\/2017\/09\/camara-nodo-turismo.jpg?resize=200%2C138&amp;ssl=1 200w, https:\/\/i0.wp.com\/eltrabajo.cl\/portal\/wp-content\/uploads\/2017\/09\/camara-nodo-turismo.jpg?resize=300%2C207&amp;ssl=1 300w, https:\/\/i0.wp.com\/eltrabajo.cl\/portal\/wp-content\/uploads\/2017\/09\/camara-nodo-turismo.jpg?resize=218%2C150&amp;ssl=1 218w, https:\/\/i0.wp.com\/eltrabajo.cl\/portal\/wp-content\/uploads\/2017\/09\/camara-nodo-turismo.jpg?resize=400%2C276&amp;ssl=1 400w\" sizes=\"auto, (max-width: 580px) 100vw, 580px\" \/><figcaption id=\"caption-attachment-81453\" class=\"wp-caption-text\">Dirigentes de la C\u00e1mara de Comercio de San Felipe realizaron el lanzamiento del nodo de oferta tur\u00edstica, junto a autoridades de Gobierno, Corfo y el Ministerio de Econom\u00eda.<\/figcaption><\/figure>\n<ul>\n<li><span style=\"color: #ff0000;\"><strong>Con el objetivo de aunar a los empresarios tur\u00edsticos, la C\u00e1mara de Comercio de San Felipe, en cooperaci\u00f3n con Corfo, el Ministerio de Econom\u00eda y la Gobernaci\u00f3n Provincial, potenciar\u00e1n el rubro a trav\u00e9s de un trabajo de asesor\u00eda y gesti\u00f3n que luego de un a\u00f1o espera potenciar al Valle de Aconcagua como un polo tur\u00edstico en la regi\u00f3n.<\/strong> <\/span><\/li>\n<\/ul>\n<p>No cabe dudas que el Valle de Aconcagua tiene atractivos naturales, patrimoniales y culturales de sobra para ser una zona tur\u00edstica por excelencia, lo que se espera potenciar al unir a los empresarios vitivin\u00edcolas y gastron\u00f3micos en un solo polo empresarial, objetivo que tendr\u00e1 el recientemente lanzado \u2018Nodo de Oferta Tur\u00edstica\u2019 en la C\u00e1mara de Comercio de San Felipe.<br \/>\nLa Directora de la C\u00e1mara, Sandra Jil, explic\u00f3 que esta iniciativa pretende juntar a la mayor cantidad de empresarios tur\u00edsticos del Valle de Aconcagua en un trabajo grupal durante 12 meses, para conciliar discursos y la gesti\u00f3n necesaria para transformar la zona en polo de atracci\u00f3n tur\u00edstica, cuya consecuencia directa ser\u00e1 el aumento de las plazas laborales tanto en la provincia de San Felipe como en Los Andes.<br \/>\n\u00abEn este nodo tur\u00edstico vamos a trabajar 30 empresas del rubro tur\u00edstico, alojamiento, gastronom\u00eda y servicios tur\u00edsticos. Vamos a trabajar un a\u00f1o, y dentro de ese per\u00edodo el programa har\u00e1 trabajo de gesti\u00f3n grupal. La idea es que nos juntemos todos, partimos 30, pero la invitaci\u00f3n est\u00e1 hecha para todos los empresarios que quieran participar. La idea es que creemos alianzas, que nuestro Valle est\u00e9 mucho mejor en la econom\u00eda, en el comercio, la idea es que todo se una hacia un polo tur\u00edstico, al atraer m\u00e1s gente a San Felipe, habr\u00e1n muchas m\u00e1s fuentes de trabajo\u00bb, precis\u00f3.<br \/>\nPor su parte, el Secretario Regional Ministerial de Econom\u00eda, Alan Tapia, celebr\u00f3 la creaci\u00f3n de esta alianza entre empresarios tur\u00edsticos de Aconcagua, la que ayudar\u00e1 a \u00abpoder contribuir al desarrollo tur\u00edstico sustentable en el Valle de Aconcagua, y para ello hay que hacer un trabajo en red de los distintos empresarios que conforman esta industria, porque entendemos que el turismo tiene un potencial de crecimiento tremendo, en la regi\u00f3n de Valpara\u00edso representa un 3,6% del PIB y a nivel nacional un 10% del PIB. Por lo tanto, vamos a hacer todos los esfuerzos, tenemos una mirada importante con respecto a lo que sucede en la industria tur\u00edstica.<br \/>\n\u00abEn la regi\u00f3n de Valpara\u00edso tenemos m\u00e1s de 44 mil puestos de trabajos que se generan en la industria con todo su encadenamiento productivo, por lo tanto es sin duda importante seguir fomentando este trabajo con las distintas herramientas y programas que tenemos asociados a nuestros servicios dependientes del Ministerio de Econom\u00eda\u00bb, concluy\u00f3 la autoridad ministerial.<br \/>\nLa idea de este proyecto, adem\u00e1s, es aumentar la cooperaci\u00f3n entre los empresarios tur\u00edsticos, y complementar las distintas rutas patrimoniales que posee el Valle de Aconcagua, como por ejemplo La Ruta del Vino, o la Ruta de las Iglesias que comienza en el Santuario de Auco, lo que tambi\u00e9n fue celebrado por el Gobernador de San Felipe, Eduardo Le\u00f3n.<br \/>\n\u00abTodos sabemos que el Valle de Aconcagua tiene tremendas potencialidades en el turismo, ya sea por el patrimonio, agricultura, gastronom\u00eda, y tambi\u00e9n por la cercan\u00eda de Santiago y Valpara\u00edso que son los puntos tur\u00edsticos m\u00e1s importantes del pa\u00eds. Por eso, nosotros como gobierno a trav\u00e9s de Corfo estamos apoyando a la C\u00e1mara de Comercio y Turismo en esta iniciativa de San Felipe, los felicitamos porque creemos que est\u00e1n yendo por el camino correcto. Tenemos que tener un desarrollo econ\u00f3mico mucho m\u00e1s arm\u00f3nico, y sabemos que el turismo da m\u00e1s valor agregado y genera un desarrollo econ\u00f3mico mucho m\u00e1s sustentable\u00bb, precis\u00f3 la m\u00e1xima autoridad provincial.<\/p>\n","protected":false},"excerpt":{"rendered":"<p>Con el objetivo de aunar a los empresarios tur\u00edsticos, la C\u00e1mara de Comercio de San Felipe, en cooperaci\u00f3n con Corfo, el Ministerio de Econom\u00eda y la Gobernaci\u00f3n Provincial, potenciar\u00e1n el rubro a&#8230;<\/p>\n","protected":false},"author":1,"featured_media":81453,"comment_status":"open","ping_status":"open","sticky":false,"template":"","format":"standard","meta":{"advanced_seo_description":"","jetpack_seo_html_title":"","jetpack_seo_noindex":false,"_jetpack_memberships_contains_paid_content":false,"footnotes":""},"categories":[15],"tags":[],"class_list":["post-81452","post","type-post","status-publish","format-standard","has-post-thumbnail","hentry","category-comunidad"],"jetpack_featured_media_url":"https:\/\/i0.wp.com\/eltrabajo.cl\/portal\/wp-content\/uploads\/2017\/09\/camara-nodo-turismo.jpg?fit=580%2C400&ssl=1","jetpack_sharing_enabled":true,"jetpack_likes_enabled":true,"jetpack-related-posts":[],"_links":{"self":[{"href":"https:\/\/eltrabajo.cl\/portal\/wp-json\/wp\/v2\/posts\/81452","targetHints":{"allow":["GET"]}}],"collection":[{"href":"https:\/\/eltrabajo.cl\/portal\/wp-json\/wp\/v2\/posts"}],"about":[{"href":"https:\/\/eltrabajo.cl\/portal\/wp-json\/wp\/v2\/types\/post"}],"author":[{"embeddable":true,"href":"https:\/\/eltrabajo.cl\/portal\/wp-json\/wp\/v2\/users\/1"}],"replies":[{"embeddable":true,"href":"https:\/\/eltrabajo.cl\/portal\/wp-json\/wp\/v2\/comments?post=81452"}],"version-history":[{"count":0,"href":"https:\/\/eltrabajo.cl\/portal\/wp-json\/wp\/v2\/posts\/81452\/revisions"}],"wp:featuredmedia":[{"embeddable":true,"href":"https:\/\/eltrabajo.cl\/portal\/wp-json\/wp\/v2\/media\/81453"}],"wp:attachment":[{"href":"https:\/\/eltrabajo.cl\/portal\/wp-json\/wp\/v2\/media?parent=81452"}],"wp:term":[{"taxonomy":"category","embeddable":true,"href":"https:\/\/eltrabajo.cl\/portal\/wp-json\/wp\/v2\/categories?post=81452"},{"taxonomy":"post_tag","embeddable":true,"href":"https:\/\/eltrabajo.cl\/portal\/wp-json\/wp\/v2\/tags?post=81452"}],"curies":[{"name":"wp","href":"https:\/\/api.w.org\/{rel}","templated":true}]}}