{"id":81455,"date":"2017-09-05T05:02:52","date_gmt":"2017-09-05T09:02:52","guid":{"rendered":"http:\/\/www.eltrabajo.cl\/2017\/?p=81455"},"modified":"2017-09-05T05:02:52","modified_gmt":"2017-09-05T09:02:52","slug":"aves-exoticas-y-de-patio-se-lucieron-en-la-primera-rinco-ave-2017","status":"publish","type":"post","link":"https:\/\/eltrabajo.cl\/portal\/aves-exoticas-y-de-patio-se-lucieron-en-la-primera-rinco-ave-2017\/","title":{"rendered":"Aves ex\u00f3ticas y de patio se lucieron en la primera Rinco-Ave 2017"},"content":{"rendered":"<figure id=\"attachment_81464\" aria-describedby=\"caption-attachment-81464\" style=\"width: 579px\" class=\"wp-caption alignnone\"><img data-recalc-dims=\"1\" loading=\"lazy\" decoding=\"async\" class=\"size-full wp-image-81464\" src=\"https:\/\/i0.wp.com\/www.eltrabajo.cl\/2017\/wp-content\/uploads\/2017\/09\/Granja8.jpg?resize=579%2C818\" alt=\"UN GALLO FAMOSO.- Aqu\u00ed tenemos al gallo del cuento de Esmeralda, el Gallo Nazario, al que no le gustan las peleas.\" width=\"579\" height=\"818\" srcset=\"https:\/\/i0.wp.com\/eltrabajo.cl\/portal\/wp-content\/uploads\/2017\/09\/Granja8.jpg?w=579&amp;ssl=1 579w, https:\/\/i0.wp.com\/eltrabajo.cl\/portal\/wp-content\/uploads\/2017\/09\/Granja8.jpg?resize=106%2C150&amp;ssl=1 106w, https:\/\/i0.wp.com\/eltrabajo.cl\/portal\/wp-content\/uploads\/2017\/09\/Granja8.jpg?resize=212%2C300&amp;ssl=1 212w, https:\/\/i0.wp.com\/eltrabajo.cl\/portal\/wp-content\/uploads\/2017\/09\/Granja8.jpg?resize=400%2C565&amp;ssl=1 400w\" sizes=\"auto, (max-width: 579px) 100vw, 579px\" \/><figcaption id=\"caption-attachment-81464\" class=\"wp-caption-text\">UN GALLO FAMOSO.- Aqu\u00ed tenemos al gallo del cuento de Esmeralda, el Gallo Nazario, al que no le gustan las peleas.<\/figcaption><\/figure>\n<ul>\n<li><span style=\"color: #ff0000;\"><strong>Premiaban al Gallo m\u00e1s Gallo y al M\u00e1s pintoso:<\/strong><\/span><\/li>\n<\/ul>\n<p><strong>RINCONADA.-<\/strong> Una extravagante pero colorida actividad en la que los protagonistas principales eran frondosos gallos y pechugonas gallinas de patio, es la que se desarroll\u00f3 durante el pasado fin de semana en la Eco-Granja de la Municipalidad de Rinconada de Los Andes. Se trata de la I Exposici\u00f3n Av\u00edcola del Valle de Aconcagua Rinco-Ave 2017.<br \/>\nLas c\u00e1maras de Diario El Trabajo viajaron hasta ese sector del Valle de Aconcagua para tomar registro de la actividad, misma en la que tambi\u00e9n se destacaron pavos, burritos, cabritas, llamas, conejos y patos.<br \/>\nPero no s\u00f3lo hab\u00edan animales de granja, tambi\u00e9n en esta feria se desarroll\u00f3 una exposici\u00f3n de servicios, productos y herramientas relacionadas con el uso agr\u00edcola, as\u00ed como expositores de artesan\u00edas y productos como huevos de perdiz, de gallina, de avestruz y muchas comidas t\u00edpicas.<\/p>\n<p><span style=\"color: #ff0000;\"><strong>ORIGINAL INICIATIVA<\/strong><\/span><br \/>\nNuestro medio habl\u00f3 con Marcela Aguilera Palma, jefe t\u00e9cnico Prodesal Rinconada, quien nos inform\u00f3 que \u00abla idea central de esta actividad es darle un espacio de comercializaci\u00f3n a los 107 usuarios de Prodesal Rinconada para que puedan vender, hacer trueques y vender sus aves. En el Valle de Aconcagua hay gente que tiene producci\u00f3n de aves de traspatio como parte de las tradiciones de nuestro mundo campesino, entonces la idea era \u00e9sa, juntar a estas personas due\u00f1as de esos animales para hacer esta exposici\u00f3n\u00bb, asegur\u00f3 Aguilera.<br \/>\nLa actividad tambi\u00e9n fue competitiva, pues los gallos y las gallinas compitieron por su peso y belleza, gener\u00e1ndoles as\u00ed premios a sus amos, pero que tambi\u00e9n ellos, los animales, los disfrutar\u00edan, ya que en algunos casos los premios eran alimentos para aves y caprinos.<br \/>\n\u00abTenemos dos concursos con los gallos y gallinas, son dos categor\u00edas: El Gallo m\u00e1s gallo (el m\u00e1s pesado) y El Gallo m\u00e1s pintoso (el m\u00e1s bonito y elegante), para ambas categor\u00edas tenemos premios en primero, segundo y tercer lugar, premios de alimentos para sus aves y utensilios para los gallineros. El Jurado son veterinarios de la zona, quienes tambi\u00e9n impartir\u00e1n charlas sobre Aves ponedoras y Homeopat\u00eda en aves\u00bb, dijo la profesional.<br \/>\n<strong>Roberto Gonz\u00e1lez Short<\/strong><br \/>\n<strong>ENVIADO ESPECIAL<\/strong><\/p>\n<figure id=\"attachment_81456\" aria-describedby=\"caption-attachment-81456\" style=\"width: 580px\" class=\"wp-caption alignnone\"><img data-recalc-dims=\"1\" loading=\"lazy\" decoding=\"async\" class=\"size-full wp-image-81456\" src=\"https:\/\/i0.wp.com\/www.eltrabajo.cl\/2017\/wp-content\/uploads\/2017\/09\/Granja_Marcela-Aguilera.jpg?resize=580%2C399\" alt=\"Marcela Aguilera Palma, jefe t\u00e9cnico Prodesal Rinconada.\" width=\"580\" height=\"399\" srcset=\"https:\/\/i0.wp.com\/eltrabajo.cl\/portal\/wp-content\/uploads\/2017\/09\/Granja_Marcela-Aguilera.jpg?w=580&amp;ssl=1 580w, https:\/\/i0.wp.com\/eltrabajo.cl\/portal\/wp-content\/uploads\/2017\/09\/Granja_Marcela-Aguilera.jpg?resize=200%2C138&amp;ssl=1 200w, https:\/\/i0.wp.com\/eltrabajo.cl\/portal\/wp-content\/uploads\/2017\/09\/Granja_Marcela-Aguilera.jpg?resize=300%2C206&amp;ssl=1 300w, https:\/\/i0.wp.com\/eltrabajo.cl\/portal\/wp-content\/uploads\/2017\/09\/Granja_Marcela-Aguilera.jpg?resize=218%2C150&amp;ssl=1 218w, https:\/\/i0.wp.com\/eltrabajo.cl\/portal\/wp-content\/uploads\/2017\/09\/Granja_Marcela-Aguilera.jpg?resize=400%2C275&amp;ssl=1 400w\" sizes=\"auto, (max-width: 580px) 100vw, 580px\" \/><figcaption id=\"caption-attachment-81456\" class=\"wp-caption-text\">Marcela Aguilera Palma, jefe t\u00e9cnico Prodesal Rinconada.<\/figcaption><\/figure>\n<figure id=\"attachment_81457\" aria-describedby=\"caption-attachment-81457\" style=\"width: 580px\" class=\"wp-caption alignnone\"><img data-recalc-dims=\"1\" loading=\"lazy\" decoding=\"async\" class=\"size-full wp-image-81457\" src=\"https:\/\/i0.wp.com\/www.eltrabajo.cl\/2017\/wp-content\/uploads\/2017\/09\/Granja1.jpg?resize=580%2C400\" alt=\"GRANJA DOLA LY.- Patricia Vicencio P\u00e9rez es una vecina de Lo Calvo, quien muestra a las c\u00e1maras de Diario El Trabajo los huevos de perdiz y sus gallos para el concurso, ella es granjera desde hace tres a\u00f1os.\" width=\"580\" height=\"400\" srcset=\"https:\/\/i0.wp.com\/eltrabajo.cl\/portal\/wp-content\/uploads\/2017\/09\/Granja1.jpg?w=580&amp;ssl=1 580w, https:\/\/i0.wp.com\/eltrabajo.cl\/portal\/wp-content\/uploads\/2017\/09\/Granja1.jpg?resize=200%2C138&amp;ssl=1 200w, https:\/\/i0.wp.com\/eltrabajo.cl\/portal\/wp-content\/uploads\/2017\/09\/Granja1.jpg?resize=300%2C207&amp;ssl=1 300w, https:\/\/i0.wp.com\/eltrabajo.cl\/portal\/wp-content\/uploads\/2017\/09\/Granja1.jpg?resize=218%2C150&amp;ssl=1 218w, https:\/\/i0.wp.com\/eltrabajo.cl\/portal\/wp-content\/uploads\/2017\/09\/Granja1.jpg?resize=400%2C276&amp;ssl=1 400w\" sizes=\"auto, (max-width: 580px) 100vw, 580px\" \/><figcaption id=\"caption-attachment-81457\" class=\"wp-caption-text\">GRANJA DOLA LY.- Patricia Vicencio P\u00e9rez es una vecina de Lo Calvo, quien muestra a las c\u00e1maras de Diario El Trabajo los huevos de perdiz y sus gallos para el concurso, ella es granjera desde hace tres a\u00f1os.<\/figcaption><\/figure>\n<figure id=\"attachment_81458\" aria-describedby=\"caption-attachment-81458\" style=\"width: 580px\" class=\"wp-caption alignnone\"><img data-recalc-dims=\"1\" loading=\"lazy\" decoding=\"async\" class=\"size-full wp-image-81458\" src=\"https:\/\/i0.wp.com\/www.eltrabajo.cl\/2017\/wp-content\/uploads\/2017\/09\/Granja2.jpg?resize=580%2C400\" alt=\"ARTESANAS REGALONAS.- Ellas son las artesanas Esmeralda Mu\u00f1oz Carre\u00f1o y Katherine Santib\u00e1\u00f1ez, en sus manos los zapatos y botas de cuero que fueron convertidas en obras de arte y maceteros.\" width=\"580\" height=\"400\" srcset=\"https:\/\/i0.wp.com\/eltrabajo.cl\/portal\/wp-content\/uploads\/2017\/09\/Granja2.jpg?w=580&amp;ssl=1 580w, https:\/\/i0.wp.com\/eltrabajo.cl\/portal\/wp-content\/uploads\/2017\/09\/Granja2.jpg?resize=200%2C138&amp;ssl=1 200w, https:\/\/i0.wp.com\/eltrabajo.cl\/portal\/wp-content\/uploads\/2017\/09\/Granja2.jpg?resize=300%2C207&amp;ssl=1 300w, https:\/\/i0.wp.com\/eltrabajo.cl\/portal\/wp-content\/uploads\/2017\/09\/Granja2.jpg?resize=218%2C150&amp;ssl=1 218w, https:\/\/i0.wp.com\/eltrabajo.cl\/portal\/wp-content\/uploads\/2017\/09\/Granja2.jpg?resize=400%2C276&amp;ssl=1 400w\" sizes=\"auto, (max-width: 580px) 100vw, 580px\" \/><figcaption id=\"caption-attachment-81458\" class=\"wp-caption-text\">ARTESANAS REGALONAS.- Ellas son las artesanas Esmeralda Mu\u00f1oz Carre\u00f1o y Katherine Santib\u00e1\u00f1ez, en sus manos los zapatos y botas de cuero que fueron convertidas en obras de arte y maceteros.<\/figcaption><\/figure>\n<figure id=\"attachment_81459\" aria-describedby=\"caption-attachment-81459\" style=\"width: 580px\" class=\"wp-caption alignnone\"><img data-recalc-dims=\"1\" loading=\"lazy\" decoding=\"async\" class=\"size-full wp-image-81459\" src=\"https:\/\/i0.wp.com\/www.eltrabajo.cl\/2017\/wp-content\/uploads\/2017\/09\/Granja3.jpg?resize=580%2C400\" alt=\"SAGREMAQ.- Hasta orde\u00f1adoras mec\u00e1nicas fueron presentadas a los granjeros, para que puedan alivianar su trabajo de orde\u00f1o.\" width=\"580\" height=\"400\" srcset=\"https:\/\/i0.wp.com\/eltrabajo.cl\/portal\/wp-content\/uploads\/2017\/09\/Granja3.jpg?w=580&amp;ssl=1 580w, https:\/\/i0.wp.com\/eltrabajo.cl\/portal\/wp-content\/uploads\/2017\/09\/Granja3.jpg?resize=200%2C138&amp;ssl=1 200w, https:\/\/i0.wp.com\/eltrabajo.cl\/portal\/wp-content\/uploads\/2017\/09\/Granja3.jpg?resize=300%2C207&amp;ssl=1 300w, https:\/\/i0.wp.com\/eltrabajo.cl\/portal\/wp-content\/uploads\/2017\/09\/Granja3.jpg?resize=218%2C150&amp;ssl=1 218w, https:\/\/i0.wp.com\/eltrabajo.cl\/portal\/wp-content\/uploads\/2017\/09\/Granja3.jpg?resize=400%2C276&amp;ssl=1 400w\" sizes=\"auto, (max-width: 580px) 100vw, 580px\" \/><figcaption id=\"caption-attachment-81459\" class=\"wp-caption-text\">SAGREMAQ.- Hasta orde\u00f1adoras mec\u00e1nicas fueron presentadas a los granjeros, para que puedan alivianar su trabajo de orde\u00f1o.<\/figcaption><\/figure>\n<figure id=\"attachment_81460\" aria-describedby=\"caption-attachment-81460\" style=\"width: 580px\" class=\"wp-caption alignnone\"><img data-recalc-dims=\"1\" loading=\"lazy\" decoding=\"async\" class=\"size-full wp-image-81460\" src=\"https:\/\/i0.wp.com\/www.eltrabajo.cl\/2017\/wp-content\/uploads\/2017\/09\/Granja4.jpg?resize=580%2C399\" alt=\"ENTRE CABRITAS SE ENTIENDEN.- La peque\u00f1ita Josefina Velasco ofrec\u00eda hierba fresca a estas simp\u00e1ticas cabritas de la granja.\" width=\"580\" height=\"399\" srcset=\"https:\/\/i0.wp.com\/eltrabajo.cl\/portal\/wp-content\/uploads\/2017\/09\/Granja4.jpg?w=580&amp;ssl=1 580w, https:\/\/i0.wp.com\/eltrabajo.cl\/portal\/wp-content\/uploads\/2017\/09\/Granja4.jpg?resize=200%2C138&amp;ssl=1 200w, https:\/\/i0.wp.com\/eltrabajo.cl\/portal\/wp-content\/uploads\/2017\/09\/Granja4.jpg?resize=300%2C206&amp;ssl=1 300w, https:\/\/i0.wp.com\/eltrabajo.cl\/portal\/wp-content\/uploads\/2017\/09\/Granja4.jpg?resize=218%2C150&amp;ssl=1 218w, https:\/\/i0.wp.com\/eltrabajo.cl\/portal\/wp-content\/uploads\/2017\/09\/Granja4.jpg?resize=400%2C275&amp;ssl=1 400w\" sizes=\"auto, (max-width: 580px) 100vw, 580px\" \/><figcaption id=\"caption-attachment-81460\" class=\"wp-caption-text\">ENTRE CABRITAS SE ENTIENDEN.- La peque\u00f1ita Josefina Velasco ofrec\u00eda hierba fresca a estas simp\u00e1ticas cabritas de la granja.<\/figcaption><\/figure>\n<figure id=\"attachment_81461\" aria-describedby=\"caption-attachment-81461\" style=\"width: 579px\" class=\"wp-caption alignnone\"><img data-recalc-dims=\"1\" loading=\"lazy\" decoding=\"async\" class=\"size-full wp-image-81461\" src=\"https:\/\/i0.wp.com\/www.eltrabajo.cl\/2017\/wp-content\/uploads\/2017\/09\/Granja5.jpg?resize=579%2C791\" alt=\"EL GALLO NAZARIO.- Hasta el famoso libro \u2018El Gallo Nazario\u2019, que relata la vida de los gallos en Casuto de Rinconada, estuvo a la venta en esta feria, lo escribi\u00f3 Esmeralda Mu\u00f1oz.\" width=\"579\" height=\"791\" srcset=\"https:\/\/i0.wp.com\/eltrabajo.cl\/portal\/wp-content\/uploads\/2017\/09\/Granja5.jpg?w=579&amp;ssl=1 579w, https:\/\/i0.wp.com\/eltrabajo.cl\/portal\/wp-content\/uploads\/2017\/09\/Granja5.jpg?resize=110%2C150&amp;ssl=1 110w, https:\/\/i0.wp.com\/eltrabajo.cl\/portal\/wp-content\/uploads\/2017\/09\/Granja5.jpg?resize=220%2C300&amp;ssl=1 220w, https:\/\/i0.wp.com\/eltrabajo.cl\/portal\/wp-content\/uploads\/2017\/09\/Granja5.jpg?resize=400%2C546&amp;ssl=1 400w\" sizes=\"auto, (max-width: 579px) 100vw, 579px\" \/><figcaption id=\"caption-attachment-81461\" class=\"wp-caption-text\">EL GALLO NAZARIO.- Hasta el famoso libro \u2018El Gallo Nazario\u2019, que relata la vida de los gallos en Casuto de Rinconada, estuvo a la venta en esta feria, lo escribi\u00f3 Esmeralda Mu\u00f1oz.<\/figcaption><\/figure>\n<figure id=\"attachment_81462\" aria-describedby=\"caption-attachment-81462\" style=\"width: 580px\" class=\"wp-caption alignnone\"><img data-recalc-dims=\"1\" loading=\"lazy\" decoding=\"async\" class=\"size-full wp-image-81462\" src=\"https:\/\/i0.wp.com\/www.eltrabajo.cl\/2017\/wp-content\/uploads\/2017\/09\/Granja6.jpg?resize=580%2C399\" alt=\"ARTESANO SANFELIPE\u00d1O.- Juan Gonz\u00e1lez, de Curim\u00f3n, lleg\u00f3 a la feria con sus callos de metal para exhibirlo a los visitantes.\" width=\"580\" height=\"399\" srcset=\"https:\/\/i0.wp.com\/eltrabajo.cl\/portal\/wp-content\/uploads\/2017\/09\/Granja6.jpg?w=580&amp;ssl=1 580w, https:\/\/i0.wp.com\/eltrabajo.cl\/portal\/wp-content\/uploads\/2017\/09\/Granja6.jpg?resize=200%2C138&amp;ssl=1 200w, https:\/\/i0.wp.com\/eltrabajo.cl\/portal\/wp-content\/uploads\/2017\/09\/Granja6.jpg?resize=300%2C206&amp;ssl=1 300w, https:\/\/i0.wp.com\/eltrabajo.cl\/portal\/wp-content\/uploads\/2017\/09\/Granja6.jpg?resize=218%2C150&amp;ssl=1 218w, https:\/\/i0.wp.com\/eltrabajo.cl\/portal\/wp-content\/uploads\/2017\/09\/Granja6.jpg?resize=400%2C275&amp;ssl=1 400w\" sizes=\"auto, (max-width: 580px) 100vw, 580px\" \/><figcaption id=\"caption-attachment-81462\" class=\"wp-caption-text\">ARTESANO SANFELIPE\u00d1O.- Juan Gonz\u00e1lez, de Curim\u00f3n, lleg\u00f3 a la feria con sus callos de metal para exhibirlo a los visitantes.<\/figcaption><\/figure>\n<figure id=\"attachment_81463\" aria-describedby=\"caption-attachment-81463\" style=\"width: 580px\" class=\"wp-caption alignnone\"><img data-recalc-dims=\"1\" loading=\"lazy\" decoding=\"async\" class=\"size-full wp-image-81463\" src=\"https:\/\/i0.wp.com\/www.eltrabajo.cl\/2017\/wp-content\/uploads\/2017\/09\/Granja7.jpg?resize=580%2C400\" alt=\"UN MUNDO DE LANA.- Rosario Y\u00e1\u00f1ez muestra a Diario El Trabajo sus mu\u00f1ecas de lana y dibujos en tela.\" width=\"580\" height=\"400\" srcset=\"https:\/\/i0.wp.com\/eltrabajo.cl\/portal\/wp-content\/uploads\/2017\/09\/Granja7.jpg?w=580&amp;ssl=1 580w, https:\/\/i0.wp.com\/eltrabajo.cl\/portal\/wp-content\/uploads\/2017\/09\/Granja7.jpg?resize=200%2C138&amp;ssl=1 200w, https:\/\/i0.wp.com\/eltrabajo.cl\/portal\/wp-content\/uploads\/2017\/09\/Granja7.jpg?resize=300%2C207&amp;ssl=1 300w, https:\/\/i0.wp.com\/eltrabajo.cl\/portal\/wp-content\/uploads\/2017\/09\/Granja7.jpg?resize=218%2C150&amp;ssl=1 218w, https:\/\/i0.wp.com\/eltrabajo.cl\/portal\/wp-content\/uploads\/2017\/09\/Granja7.jpg?resize=400%2C276&amp;ssl=1 400w\" sizes=\"auto, (max-width: 580px) 100vw, 580px\" \/><figcaption id=\"caption-attachment-81463\" class=\"wp-caption-text\">UN MUNDO DE LANA.- Rosario Y\u00e1\u00f1ez muestra a Diario El Trabajo sus mu\u00f1ecas de lana y dibujos en tela.<\/figcaption><\/figure>\n<figure id=\"attachment_81465\" aria-describedby=\"caption-attachment-81465\" style=\"width: 580px\" class=\"wp-caption alignnone\"><img data-recalc-dims=\"1\" loading=\"lazy\" decoding=\"async\" class=\"size-full wp-image-81465\" src=\"https:\/\/i0.wp.com\/www.eltrabajo.cl\/2017\/wp-content\/uploads\/2017\/09\/Granja9.jpg?resize=580%2C399\" alt=\"SIEMPRE LORETO.- Las artesan\u00edas de Loreto Retamal tambi\u00e9n fueron la atracci\u00f3n en esta I Exposici\u00f3n Av\u00edcola del Valle de Aconcagua Rinco-Ave 2017.\" width=\"580\" height=\"399\" srcset=\"https:\/\/i0.wp.com\/eltrabajo.cl\/portal\/wp-content\/uploads\/2017\/09\/Granja9.jpg?w=580&amp;ssl=1 580w, https:\/\/i0.wp.com\/eltrabajo.cl\/portal\/wp-content\/uploads\/2017\/09\/Granja9.jpg?resize=200%2C138&amp;ssl=1 200w, https:\/\/i0.wp.com\/eltrabajo.cl\/portal\/wp-content\/uploads\/2017\/09\/Granja9.jpg?resize=300%2C206&amp;ssl=1 300w, https:\/\/i0.wp.com\/eltrabajo.cl\/portal\/wp-content\/uploads\/2017\/09\/Granja9.jpg?resize=218%2C150&amp;ssl=1 218w, https:\/\/i0.wp.com\/eltrabajo.cl\/portal\/wp-content\/uploads\/2017\/09\/Granja9.jpg?resize=400%2C275&amp;ssl=1 400w\" sizes=\"auto, (max-width: 580px) 100vw, 580px\" \/><figcaption id=\"caption-attachment-81465\" class=\"wp-caption-text\">SIEMPRE LORETO.- Las artesan\u00edas de Loreto Retamal tambi\u00e9n fueron la atracci\u00f3n en esta I Exposici\u00f3n Av\u00edcola del Valle de Aconcagua Rinco-Ave 2017.<\/figcaption><\/figure>\n<figure id=\"attachment_81466\" aria-describedby=\"caption-attachment-81466\" style=\"width: 580px\" class=\"wp-caption alignnone\"><img data-recalc-dims=\"1\" loading=\"lazy\" decoding=\"async\" class=\"size-full wp-image-81466\" src=\"https:\/\/i0.wp.com\/www.eltrabajo.cl\/2017\/wp-content\/uploads\/2017\/09\/Granja10.jpg?resize=580%2C707\" alt=\"GUEVOS GIGANTES.- Este joven, Alexis Molina, no s\u00f3lo vende huevos frescos de avestruz, sino que tambi\u00e9n los convierte en artesan\u00edas.\" width=\"580\" height=\"707\" srcset=\"https:\/\/i0.wp.com\/eltrabajo.cl\/portal\/wp-content\/uploads\/2017\/09\/Granja10.jpg?w=580&amp;ssl=1 580w, https:\/\/i0.wp.com\/eltrabajo.cl\/portal\/wp-content\/uploads\/2017\/09\/Granja10.jpg?resize=123%2C150&amp;ssl=1 123w, https:\/\/i0.wp.com\/eltrabajo.cl\/portal\/wp-content\/uploads\/2017\/09\/Granja10.jpg?resize=246%2C300&amp;ssl=1 246w, https:\/\/i0.wp.com\/eltrabajo.cl\/portal\/wp-content\/uploads\/2017\/09\/Granja10.jpg?resize=400%2C488&amp;ssl=1 400w\" sizes=\"auto, (max-width: 580px) 100vw, 580px\" \/><figcaption id=\"caption-attachment-81466\" class=\"wp-caption-text\">GUEVOS GIGANTES.- Este joven, Alexis Molina, no s\u00f3lo vende huevos frescos de avestruz, sino que tambi\u00e9n los convierte en artesan\u00edas.<\/figcaption><\/figure>\n<figure id=\"attachment_81467\" aria-describedby=\"caption-attachment-81467\" style=\"width: 580px\" class=\"wp-caption alignnone\"><img data-recalc-dims=\"1\" loading=\"lazy\" decoding=\"async\" class=\"size-full wp-image-81467\" src=\"https:\/\/i0.wp.com\/www.eltrabajo.cl\/2017\/wp-content\/uploads\/2017\/09\/Granja11.jpg?resize=580%2C604\" alt=\"EL M\u00c1S BACAN.- Este es la m\u00e1s ex\u00f3tica de las aves invitadas a la feria, el Pavo Real, aunque esperamos un buen rato, \u00e9ste no abri\u00f3 su plumaje para permitirnos fotografiarle.\" width=\"580\" height=\"604\" srcset=\"https:\/\/i0.wp.com\/eltrabajo.cl\/portal\/wp-content\/uploads\/2017\/09\/Granja11.jpg?w=580&amp;ssl=1 580w, https:\/\/i0.wp.com\/eltrabajo.cl\/portal\/wp-content\/uploads\/2017\/09\/Granja11.jpg?resize=144%2C150&amp;ssl=1 144w, https:\/\/i0.wp.com\/eltrabajo.cl\/portal\/wp-content\/uploads\/2017\/09\/Granja11.jpg?resize=288%2C300&amp;ssl=1 288w, https:\/\/i0.wp.com\/eltrabajo.cl\/portal\/wp-content\/uploads\/2017\/09\/Granja11.jpg?resize=400%2C417&amp;ssl=1 400w\" sizes=\"auto, (max-width: 580px) 100vw, 580px\" \/><figcaption id=\"caption-attachment-81467\" class=\"wp-caption-text\">EL M\u00c1S BACAN.- Este es la m\u00e1s ex\u00f3tica de las aves invitadas a la feria, el Pavo Real, aunque esperamos un buen rato, \u00e9ste no abri\u00f3 su plumaje para permitirnos fotografiarle.<\/figcaption><\/figure>\n","protected":false},"excerpt":{"rendered":"<p>Premiaban al Gallo m\u00e1s Gallo y al M\u00e1s pintoso: RINCONADA.- Una extravagante pero colorida actividad en la que los protagonistas principales eran frondosos gallos y pechugonas gallinas de patio, es la que&#8230;<\/p>\n","protected":false},"author":1,"featured_media":81457,"comment_status":"open","ping_status":"open","sticky":false,"template":"","format":"standard","meta":{"advanced_seo_description":"","jetpack_seo_html_title":"","jetpack_seo_noindex":false,"_jetpack_memberships_contains_paid_content":false,"footnotes":""},"categories":[1],"tags":[],"class_list":["post-81455","post","type-post","status-publish","format-standard","has-post-thumbnail","hentry","category-cronica"],"jetpack_featured_media_url":"https:\/\/i0.wp.com\/eltrabajo.cl\/portal\/wp-content\/uploads\/2017\/09\/Granja1.jpg?fit=580%2C400&ssl=1","jetpack_sharing_enabled":true,"jetpack_likes_enabled":true,"jetpack-related-posts":[],"_links":{"self":[{"href":"https:\/\/eltrabajo.cl\/portal\/wp-json\/wp\/v2\/posts\/81455","targetHints":{"allow":["GET"]}}],"collection":[{"href":"https:\/\/eltrabajo.cl\/portal\/wp-json\/wp\/v2\/posts"}],"about":[{"href":"https:\/\/eltrabajo.cl\/portal\/wp-json\/wp\/v2\/types\/post"}],"author":[{"embeddable":true,"href":"https:\/\/eltrabajo.cl\/portal\/wp-json\/wp\/v2\/users\/1"}],"replies":[{"embeddable":true,"href":"https:\/\/eltrabajo.cl\/portal\/wp-json\/wp\/v2\/comments?post=81455"}],"version-history":[{"count":0,"href":"https:\/\/eltrabajo.cl\/portal\/wp-json\/wp\/v2\/posts\/81455\/revisions"}],"wp:featuredmedia":[{"embeddable":true,"href":"https:\/\/eltrabajo.cl\/portal\/wp-json\/wp\/v2\/media\/81457"}],"wp:attachment":[{"href":"https:\/\/eltrabajo.cl\/portal\/wp-json\/wp\/v2\/media?parent=81455"}],"wp:term":[{"taxonomy":"category","embeddable":true,"href":"https:\/\/eltrabajo.cl\/portal\/wp-json\/wp\/v2\/categories?post=81455"},{"taxonomy":"post_tag","embeddable":true,"href":"https:\/\/eltrabajo.cl\/portal\/wp-json\/wp\/v2\/tags?post=81455"}],"curies":[{"name":"wp","href":"https:\/\/api.w.org\/{rel}","templated":true}]}}