{"id":81470,"date":"2017-09-05T05:03:05","date_gmt":"2017-09-05T09:03:05","guid":{"rendered":"http:\/\/www.eltrabajo.cl\/2017\/?p=81470"},"modified":"2017-09-05T05:03:05","modified_gmt":"2017-09-05T09:03:05","slug":"invitan-a-fiesta-costumbrista-para-este-domingo-10-de-septiembre","status":"publish","type":"post","link":"https:\/\/eltrabajo.cl\/portal\/invitan-a-fiesta-costumbrista-para-este-domingo-10-de-septiembre\/","title":{"rendered":"Invitan a Fiesta Costumbrista para este domingo 10 de septiembre"},"content":{"rendered":"<figure id=\"attachment_81471\" aria-describedby=\"caption-attachment-81471\" style=\"width: 580px\" class=\"wp-caption alignnone\"><img data-recalc-dims=\"1\" loading=\"lazy\" decoding=\"async\" class=\"size-full wp-image-81471\" src=\"https:\/\/i0.wp.com\/www.eltrabajo.cl\/2017\/wp-content\/uploads\/2017\/09\/fiesta-costumbrista.jpg?resize=580%2C399\" alt=\"Este es el afiche promocional de la actividad que tendr\u00e1 un valor de 1.500 pesos.\" width=\"580\" height=\"399\" srcset=\"https:\/\/i0.wp.com\/eltrabajo.cl\/portal\/wp-content\/uploads\/2017\/09\/fiesta-costumbrista.jpg?w=580&amp;ssl=1 580w, https:\/\/i0.wp.com\/eltrabajo.cl\/portal\/wp-content\/uploads\/2017\/09\/fiesta-costumbrista.jpg?resize=200%2C138&amp;ssl=1 200w, https:\/\/i0.wp.com\/eltrabajo.cl\/portal\/wp-content\/uploads\/2017\/09\/fiesta-costumbrista.jpg?resize=300%2C206&amp;ssl=1 300w, https:\/\/i0.wp.com\/eltrabajo.cl\/portal\/wp-content\/uploads\/2017\/09\/fiesta-costumbrista.jpg?resize=218%2C150&amp;ssl=1 218w, https:\/\/i0.wp.com\/eltrabajo.cl\/portal\/wp-content\/uploads\/2017\/09\/fiesta-costumbrista.jpg?resize=400%2C275&amp;ssl=1 400w\" sizes=\"auto, (max-width: 580px) 100vw, 580px\" \/><figcaption id=\"caption-attachment-81471\" class=\"wp-caption-text\">Este es el afiche promocional de la actividad que tendr\u00e1 un valor de 1.500 pesos.<\/figcaption><\/figure>\n<p>Como parte de las celebraciones en el mes de la patria, el Comit\u00e9 Cultural La Trilla, Granja S\u00e1nchez y Visita Aconcagua, est\u00e1n invitando a la familia a disfrutar de un d\u00eda reviviendo las tradiciones del campo chileno.<br \/>\nLos visitantes podr\u00e1n conocer de la vida de granja con sus diferentes aves de corral y aves exactas como avestruces y em\u00faes, interactuar con el ganado bobino y caprino. Podr\u00e1n realizar paseos a caballo o bien, saliendo a cabalgatas peri\u00f3dicas por los cerros del sector.<br \/>\nAdem\u00e1s, en la era, el p\u00fablico podr\u00e1 apreciar las destrezas de riendas de nuestros huasos y sus caballos corraleros y realizar diversos juegos t\u00edpicos como pillando al chacho y al pollo, gincana, tirar la cuerda, carrera de ensacados, palo encebado, juegos inflables y muchos m\u00e1s.<br \/>\nPara los amantes de nuestra danza nacional, durante la jornada se realizar\u00e1n clases pr\u00e1cticas de cueca tradicional y chora.<br \/>\nY si el hambre arrecia, habr\u00e1 almuerzos campestres, empanadas, terremotos y chichas bayas.<br \/>\nLa Fiesta Costumbrista contar\u00e1 con estacionamiento gratuito y seguro, aunque el evento tendr\u00e1 un valor \u00fanico de $1.500.- entrada general (menores de 4 a\u00f1os, gratis).<br \/>\nEn nombre de los organizadores, Ver\u00f3nica Espinoza se\u00f1al\u00f3 que \u00abeste domingo 10 de septiembre, desde las 10:00 hrs, les estaremos esperando en Brasil 182 (altura del Colegio Cervantino), para comenzar a celebrar a Chile, con lo mejor de nuestro campo, sus comidas, animales, juegos y la alegr\u00eda de nuestra gente\u00bb.<\/p>\n","protected":false},"excerpt":{"rendered":"<p>Como parte de las celebraciones en el mes de la patria, el Comit\u00e9 Cultural La Trilla, Granja S\u00e1nchez y Visita Aconcagua, est\u00e1n invitando a la familia a disfrutar de un d\u00eda reviviendo&#8230;<\/p>\n","protected":false},"author":1,"featured_media":81471,"comment_status":"open","ping_status":"open","sticky":false,"template":"","format":"standard","meta":{"advanced_seo_description":"","jetpack_seo_html_title":"","jetpack_seo_noindex":false,"_jetpack_memberships_contains_paid_content":false,"footnotes":""},"categories":[37],"tags":[],"class_list":["post-81470","post","type-post","status-publish","format-standard","has-post-thumbnail","hentry","category-sin-categoria"],"jetpack_featured_media_url":"https:\/\/i0.wp.com\/eltrabajo.cl\/portal\/wp-content\/uploads\/2017\/09\/fiesta-costumbrista.jpg?fit=580%2C399&ssl=1","jetpack_sharing_enabled":true,"jetpack_likes_enabled":true,"jetpack-related-posts":[],"_links":{"self":[{"href":"https:\/\/eltrabajo.cl\/portal\/wp-json\/wp\/v2\/posts\/81470","targetHints":{"allow":["GET"]}}],"collection":[{"href":"https:\/\/eltrabajo.cl\/portal\/wp-json\/wp\/v2\/posts"}],"about":[{"href":"https:\/\/eltrabajo.cl\/portal\/wp-json\/wp\/v2\/types\/post"}],"author":[{"embeddable":true,"href":"https:\/\/eltrabajo.cl\/portal\/wp-json\/wp\/v2\/users\/1"}],"replies":[{"embeddable":true,"href":"https:\/\/eltrabajo.cl\/portal\/wp-json\/wp\/v2\/comments?post=81470"}],"version-history":[{"count":0,"href":"https:\/\/eltrabajo.cl\/portal\/wp-json\/wp\/v2\/posts\/81470\/revisions"}],"wp:featuredmedia":[{"embeddable":true,"href":"https:\/\/eltrabajo.cl\/portal\/wp-json\/wp\/v2\/media\/81471"}],"wp:attachment":[{"href":"https:\/\/eltrabajo.cl\/portal\/wp-json\/wp\/v2\/media?parent=81470"}],"wp:term":[{"taxonomy":"category","embeddable":true,"href":"https:\/\/eltrabajo.cl\/portal\/wp-json\/wp\/v2\/categories?post=81470"},{"taxonomy":"post_tag","embeddable":true,"href":"https:\/\/eltrabajo.cl\/portal\/wp-json\/wp\/v2\/tags?post=81470"}],"curies":[{"name":"wp","href":"https:\/\/api.w.org\/{rel}","templated":true}]}}