{"id":81473,"date":"2017-09-05T05:04:09","date_gmt":"2017-09-05T09:04:09","guid":{"rendered":"http:\/\/www.eltrabajo.cl\/2017\/?p=81473"},"modified":"2017-09-05T05:04:09","modified_gmt":"2017-09-05T09:04:09","slug":"condenan-a-5-anos-a-traficante-de-drogas-de-villa-el-senorial","status":"publish","type":"post","link":"https:\/\/eltrabajo.cl\/portal\/condenan-a-5-anos-a-traficante-de-drogas-de-villa-el-senorial\/","title":{"rendered":"Condenan a 5 a\u00f1os a traficante de drogas de Villa El Se\u00f1orial"},"content":{"rendered":"<figure id=\"attachment_81474\" aria-describedby=\"caption-attachment-81474\" style=\"width: 580px\" class=\"wp-caption alignnone\"><img data-recalc-dims=\"1\" loading=\"lazy\" decoding=\"async\" class=\"size-full wp-image-81474\" src=\"https:\/\/i0.wp.com\/www.eltrabajo.cl\/2017\/wp-content\/uploads\/2017\/09\/CONDENA-TRAFICO.jpg?resize=580%2C399\" alt=\"La secci\u00f3n del OS7 de Carabineros Aconcagua efectu\u00f3 el allanamiento al interior de la vivienda que arrendaba el sentenciado en la Villa El Se\u00f1orial de San Felipe, incaut\u00e1ndose marihuana y coca\u00edna. \" width=\"580\" height=\"399\" srcset=\"https:\/\/i0.wp.com\/eltrabajo.cl\/portal\/wp-content\/uploads\/2017\/09\/CONDENA-TRAFICO.jpg?w=580&amp;ssl=1 580w, https:\/\/i0.wp.com\/eltrabajo.cl\/portal\/wp-content\/uploads\/2017\/09\/CONDENA-TRAFICO.jpg?resize=200%2C138&amp;ssl=1 200w, https:\/\/i0.wp.com\/eltrabajo.cl\/portal\/wp-content\/uploads\/2017\/09\/CONDENA-TRAFICO.jpg?resize=300%2C206&amp;ssl=1 300w, https:\/\/i0.wp.com\/eltrabajo.cl\/portal\/wp-content\/uploads\/2017\/09\/CONDENA-TRAFICO.jpg?resize=218%2C150&amp;ssl=1 218w, https:\/\/i0.wp.com\/eltrabajo.cl\/portal\/wp-content\/uploads\/2017\/09\/CONDENA-TRAFICO.jpg?resize=400%2C275&amp;ssl=1 400w\" sizes=\"auto, (max-width: 580px) 100vw, 580px\" \/><figcaption id=\"caption-attachment-81474\" class=\"wp-caption-text\">La secci\u00f3n del OS7 de Carabineros Aconcagua efectu\u00f3 el allanamiento al interior de la vivienda que arrendaba el sentenciado en la Villa El Se\u00f1orial de San Felipe, incaut\u00e1ndose marihuana y coca\u00edna.<\/figcaption><\/figure>\n<ul>\n<li><strong><span style=\"color: #ff0000;\">Comercializaba marihuana y coca\u00edna:\u00a0<\/span>Tras las diligencias del OS7 de Carabineros Aconcagua se logr\u00f3 establecer el delito cometido por el entonces imputado que comercializaba sustancias il\u00edcitas.<\/strong><\/li>\n<\/ul>\n<p>A cumplir una pena de 5 a\u00f1os y un d\u00eda de c\u00e1rcel fue la sentencia impuesta por el Tribunal Oral en Lo Penal de San Felipe, en contra de Pedro Alejandro Provoste Navarro, quien fue declarado culpable del delito de tr\u00e1fico de drogas cometido en una vivienda de la Villa El Se\u00f1orial de esta comuna.<br \/>\nLas pruebas argumentadas por el Fiscal Julio Palacios Bobadilla, demostraron en juicio que el d\u00eda 12 de mayo de 2016, el entonces imputado efectu\u00f3 una transacci\u00f3n de drogas a un agente revelador de la secci\u00f3n del OS7 de Carabineros, efectu\u00e1ndose posteriormente un allanamiento en su domicilio que arrendaba en dicho conjunto habitacional de San Felipe, encontr\u00e1ndose un total de 46 gramos de marihuana a granel, 300 gramos de coca\u00edna y dos pesas digitales.<br \/>\nTras las pruebas rendidas por el Ministerio P\u00fablico, el entonces imputado fue condenado por este delito, siendo sentenciado a la pena de 5 a\u00f1os y un d\u00eda de presidio efectivo, seg\u00fan inform\u00f3 a Diario El Trabajo, el persecutor del caso, Julio Palacios.<br \/>\n\u00abEste sujeto mantiene antecedentes delictuales por otros delitos, en esta causa fue condenado a 5 a\u00f1os y un d\u00eda de presidio, por la extensi\u00f3n de la pena deber\u00e1 cumplir de manera efectiva\u00bb.<br \/>\n<strong>Pablo Salinas Sald\u00edas<\/strong><\/p>\n","protected":false},"excerpt":{"rendered":"<p>Comercializaba marihuana y coca\u00edna:\u00a0Tras las diligencias del OS7 de Carabineros Aconcagua se logr\u00f3 establecer el delito cometido por el entonces imputado que comercializaba sustancias il\u00edcitas. A cumplir una pena de 5 a\u00f1os&#8230;<\/p>\n","protected":false},"author":1,"featured_media":81474,"comment_status":"open","ping_status":"open","sticky":false,"template":"","format":"standard","meta":{"advanced_seo_description":"","jetpack_seo_html_title":"","jetpack_seo_noindex":false,"_jetpack_memberships_contains_paid_content":false,"footnotes":""},"categories":[21],"tags":[],"class_list":["post-81473","post","type-post","status-publish","format-standard","has-post-thumbnail","hentry","category-policial"],"jetpack_featured_media_url":"https:\/\/i0.wp.com\/eltrabajo.cl\/portal\/wp-content\/uploads\/2017\/09\/CONDENA-TRAFICO.jpg?fit=580%2C399&ssl=1","jetpack_sharing_enabled":true,"jetpack_likes_enabled":true,"jetpack-related-posts":[],"_links":{"self":[{"href":"https:\/\/eltrabajo.cl\/portal\/wp-json\/wp\/v2\/posts\/81473","targetHints":{"allow":["GET"]}}],"collection":[{"href":"https:\/\/eltrabajo.cl\/portal\/wp-json\/wp\/v2\/posts"}],"about":[{"href":"https:\/\/eltrabajo.cl\/portal\/wp-json\/wp\/v2\/types\/post"}],"author":[{"embeddable":true,"href":"https:\/\/eltrabajo.cl\/portal\/wp-json\/wp\/v2\/users\/1"}],"replies":[{"embeddable":true,"href":"https:\/\/eltrabajo.cl\/portal\/wp-json\/wp\/v2\/comments?post=81473"}],"version-history":[{"count":0,"href":"https:\/\/eltrabajo.cl\/portal\/wp-json\/wp\/v2\/posts\/81473\/revisions"}],"wp:featuredmedia":[{"embeddable":true,"href":"https:\/\/eltrabajo.cl\/portal\/wp-json\/wp\/v2\/media\/81474"}],"wp:attachment":[{"href":"https:\/\/eltrabajo.cl\/portal\/wp-json\/wp\/v2\/media?parent=81473"}],"wp:term":[{"taxonomy":"category","embeddable":true,"href":"https:\/\/eltrabajo.cl\/portal\/wp-json\/wp\/v2\/categories?post=81473"},{"taxonomy":"post_tag","embeddable":true,"href":"https:\/\/eltrabajo.cl\/portal\/wp-json\/wp\/v2\/tags?post=81473"}],"curies":[{"name":"wp","href":"https:\/\/api.w.org\/{rel}","templated":true}]}}