{"id":81480,"date":"2017-09-05T05:06:19","date_gmt":"2017-09-05T09:06:19","guid":{"rendered":"http:\/\/www.eltrabajo.cl\/2017\/?p=81480"},"modified":"2017-09-05T05:06:19","modified_gmt":"2017-09-05T09:06:19","slug":"piden-sangre-para-hermanas-que-luchan-por-su-vida-tras-fatal-accidente","status":"publish","type":"post","link":"https:\/\/eltrabajo.cl\/portal\/piden-sangre-para-hermanas-que-luchan-por-su-vida-tras-fatal-accidente\/","title":{"rendered":"Piden sangre para hermanas que luchan por su vida tras fatal accidente"},"content":{"rendered":"<figure id=\"attachment_81484\" aria-describedby=\"caption-attachment-81484\" style=\"width: 580px\" class=\"wp-caption alignnone\"><img data-recalc-dims=\"1\" loading=\"lazy\" decoding=\"async\" class=\"size-full wp-image-81484\" src=\"https:\/\/i0.wp.com\/www.eltrabajo.cl\/2017\/wp-content\/uploads\/2017\/09\/ANDRA-Y-GABRIELA-SEPULVEDA.jpg?resize=580%2C350\" alt=\"Las hermanas Andrea y Gabriela Sep\u00falveda Ar\u00e9valo se encuentran graves en el Hospital San Camilo. El llamado es a la solidaridad y brindar sangre de cualquier tipo.\" width=\"580\" height=\"350\" srcset=\"https:\/\/i0.wp.com\/eltrabajo.cl\/portal\/wp-content\/uploads\/2017\/09\/ANDRA-Y-GABRIELA-SEPULVEDA.jpg?w=580&amp;ssl=1 580w, https:\/\/i0.wp.com\/eltrabajo.cl\/portal\/wp-content\/uploads\/2017\/09\/ANDRA-Y-GABRIELA-SEPULVEDA.jpg?resize=200%2C121&amp;ssl=1 200w, https:\/\/i0.wp.com\/eltrabajo.cl\/portal\/wp-content\/uploads\/2017\/09\/ANDRA-Y-GABRIELA-SEPULVEDA.jpg?resize=300%2C181&amp;ssl=1 300w, https:\/\/i0.wp.com\/eltrabajo.cl\/portal\/wp-content\/uploads\/2017\/09\/ANDRA-Y-GABRIELA-SEPULVEDA.jpg?resize=249%2C150&amp;ssl=1 249w, https:\/\/i0.wp.com\/eltrabajo.cl\/portal\/wp-content\/uploads\/2017\/09\/ANDRA-Y-GABRIELA-SEPULVEDA.jpg?resize=400%2C241&amp;ssl=1 400w\" sizes=\"auto, (max-width: 580px) 100vw, 580px\" \/><figcaption id=\"caption-attachment-81484\" class=\"wp-caption-text\">Las hermanas Andrea y Gabriela Sep\u00falveda Ar\u00e9valo se encuentran graves en el Hospital San Camilo. El llamado es a la solidaridad y brindar sangre de cualquier tipo.<\/figcaption><\/figure>\n<ul>\n<li><strong><span style=\"color: #ff0000;\">Andrea y Gabriela permanecen graves en la UCI del San Camilo:<\/span>\u00a0<\/strong><\/li>\n<\/ul>\n<p>Con suma urgencia se necesitan dadores de sangre de cualquier grupo para las hermanas Andrea Carolina y Gabriela Ignacia Sep\u00falveda Ar\u00e9valo, de 34 y 18 a\u00f1os de edad respectivamente, quienes sobreviven al terrible accidente vehicular ocurrido a primera horas de este s\u00e1bado en la ruta 60 CH en la comuna de Catemu, que caus\u00f3 impacto en el valle de Aconcagua.<br \/>\nAmbas pacientes permanecen en estado cr\u00edtico en la Unidad de Cuidados Intensivos del Hospital San Camilo de San Felipe, bajo un estricto control m\u00e9dico debido a las m\u00faltiples contusiones y fracturas que sufrieron, establecimiento al que fueron trasladadas tras haber sido rescatadas desde el veh\u00edculo en que viajaban, el cual por causas que se investigan, impact\u00f3 contra la barrera de contenci\u00f3n instalada en la ruta, volcando hacia un costado de la carretera, hasta caer por un desnivel que separa la ruta de la caletera de acceso hacia la comuna Catemu.<br \/>\nComo se recordar\u00e1, a ra\u00edz de este impactante accidente, falleci\u00f3 Josefa Bruna Sep\u00falveda de 14 a\u00f1os de edad y Nicol\u00e1s Ignacio Tapia D\u00edaz de 19 a\u00f1os, quienes se encontraban a bordo de este mismo m\u00f3vil marca Ssanyong.<br \/>\nNo obstante las dos hermanas sobrevivientes fueron derivadas de inmediato hasta el servicio de urgencias del Hospital San Camilo, para ser estabilizadas, siendo derivadas hasta la UCI de este mismo centro hospitalario, en estado de gravedad, recibiendo varias transfusiones de sangre.<br \/>\nEn este escenario el Hospital San Camilo formul\u00f3 un llamado a la comunidad para la recepci\u00f3n de dadores de sangre para ambas pacientes, debiendo contactarse directamente a los fonos 342-493428 y 342-493425 para ser agendados por el Banco de Sangre, entidad que asignar\u00e1 un horario espec\u00edfico para recoger el vital elemento para salvar la vida de estas j\u00f3venes mujeres.<br \/>\n<strong>Pablo Salinas Sald\u00edas<\/strong><\/p>\n<figure id=\"attachment_81482\" aria-describedby=\"caption-attachment-81482\" style=\"width: 580px\" class=\"wp-caption alignnone\"><img data-recalc-dims=\"1\" loading=\"lazy\" decoding=\"async\" class=\"size-full wp-image-81482\" src=\"https:\/\/i0.wp.com\/www.eltrabajo.cl\/2017\/wp-content\/uploads\/2017\/09\/andrea-sepulveda.jpg?resize=580%2C398\" alt=\"Andrea Sep\u00falveda Ar\u00e9valo, madre de la menor de 14 a\u00f1os que perdi\u00f3 la vida, tambi\u00e9n est\u00e1 grave.\" width=\"580\" height=\"398\" srcset=\"https:\/\/i0.wp.com\/eltrabajo.cl\/portal\/wp-content\/uploads\/2017\/09\/andrea-sepulveda.jpg?w=580&amp;ssl=1 580w, https:\/\/i0.wp.com\/eltrabajo.cl\/portal\/wp-content\/uploads\/2017\/09\/andrea-sepulveda.jpg?resize=200%2C137&amp;ssl=1 200w, https:\/\/i0.wp.com\/eltrabajo.cl\/portal\/wp-content\/uploads\/2017\/09\/andrea-sepulveda.jpg?resize=300%2C206&amp;ssl=1 300w, https:\/\/i0.wp.com\/eltrabajo.cl\/portal\/wp-content\/uploads\/2017\/09\/andrea-sepulveda.jpg?resize=219%2C150&amp;ssl=1 219w, https:\/\/i0.wp.com\/eltrabajo.cl\/portal\/wp-content\/uploads\/2017\/09\/andrea-sepulveda.jpg?resize=400%2C274&amp;ssl=1 400w\" sizes=\"auto, (max-width: 580px) 100vw, 580px\" \/><figcaption id=\"caption-attachment-81482\" class=\"wp-caption-text\">Andrea Sep\u00falveda Ar\u00e9valo, madre de la menor de 14 a\u00f1os que perdi\u00f3 la vida, tambi\u00e9n est\u00e1 grave.<\/figcaption><\/figure>\n<figure id=\"attachment_81483\" aria-describedby=\"caption-attachment-81483\" style=\"width: 578px\" class=\"wp-caption alignnone\"><img data-recalc-dims=\"1\" loading=\"lazy\" decoding=\"async\" class=\"size-full wp-image-81483\" src=\"https:\/\/i0.wp.com\/www.eltrabajo.cl\/2017\/wp-content\/uploads\/2017\/09\/GABRIELA-SEPULVEDA.jpg?resize=578%2C400\" alt=\"Gabriela Sep\u00falveda Ar\u00e9valo, de 18 a\u00f1os de edad.\" width=\"578\" height=\"400\" srcset=\"https:\/\/i0.wp.com\/eltrabajo.cl\/portal\/wp-content\/uploads\/2017\/09\/GABRIELA-SEPULVEDA.jpg?w=578&amp;ssl=1 578w, https:\/\/i0.wp.com\/eltrabajo.cl\/portal\/wp-content\/uploads\/2017\/09\/GABRIELA-SEPULVEDA.jpg?resize=200%2C138&amp;ssl=1 200w, https:\/\/i0.wp.com\/eltrabajo.cl\/portal\/wp-content\/uploads\/2017\/09\/GABRIELA-SEPULVEDA.jpg?resize=300%2C208&amp;ssl=1 300w, https:\/\/i0.wp.com\/eltrabajo.cl\/portal\/wp-content\/uploads\/2017\/09\/GABRIELA-SEPULVEDA.jpg?resize=217%2C150&amp;ssl=1 217w, https:\/\/i0.wp.com\/eltrabajo.cl\/portal\/wp-content\/uploads\/2017\/09\/GABRIELA-SEPULVEDA.jpg?resize=400%2C277&amp;ssl=1 400w\" sizes=\"auto, (max-width: 578px) 100vw, 578px\" \/><figcaption id=\"caption-attachment-81483\" class=\"wp-caption-text\">Gabriela Sep\u00falveda Ar\u00e9valo, de 18 a\u00f1os de edad.<\/figcaption><\/figure>\n","protected":false},"excerpt":{"rendered":"<p>Andrea y Gabriela permanecen graves en la UCI del San Camilo:\u00a0 Con suma urgencia se necesitan dadores de sangre de cualquier grupo para las hermanas Andrea Carolina y Gabriela Ignacia Sep\u00falveda Ar\u00e9valo,&#8230;<\/p>\n","protected":false},"author":1,"featured_media":81484,"comment_status":"open","ping_status":"open","sticky":false,"template":"","format":"standard","meta":{"advanced_seo_description":"","jetpack_seo_html_title":"","jetpack_seo_noindex":false,"_jetpack_memberships_contains_paid_content":false,"footnotes":""},"categories":[15],"tags":[],"class_list":["post-81480","post","type-post","status-publish","format-standard","has-post-thumbnail","hentry","category-comunidad"],"jetpack_featured_media_url":"https:\/\/i0.wp.com\/eltrabajo.cl\/portal\/wp-content\/uploads\/2017\/09\/ANDRA-Y-GABRIELA-SEPULVEDA.jpg?fit=580%2C350&ssl=1","jetpack_sharing_enabled":true,"jetpack_likes_enabled":true,"jetpack-related-posts":[],"_links":{"self":[{"href":"https:\/\/eltrabajo.cl\/portal\/wp-json\/wp\/v2\/posts\/81480","targetHints":{"allow":["GET"]}}],"collection":[{"href":"https:\/\/eltrabajo.cl\/portal\/wp-json\/wp\/v2\/posts"}],"about":[{"href":"https:\/\/eltrabajo.cl\/portal\/wp-json\/wp\/v2\/types\/post"}],"author":[{"embeddable":true,"href":"https:\/\/eltrabajo.cl\/portal\/wp-json\/wp\/v2\/users\/1"}],"replies":[{"embeddable":true,"href":"https:\/\/eltrabajo.cl\/portal\/wp-json\/wp\/v2\/comments?post=81480"}],"version-history":[{"count":0,"href":"https:\/\/eltrabajo.cl\/portal\/wp-json\/wp\/v2\/posts\/81480\/revisions"}],"wp:featuredmedia":[{"embeddable":true,"href":"https:\/\/eltrabajo.cl\/portal\/wp-json\/wp\/v2\/media\/81484"}],"wp:attachment":[{"href":"https:\/\/eltrabajo.cl\/portal\/wp-json\/wp\/v2\/media?parent=81480"}],"wp:term":[{"taxonomy":"category","embeddable":true,"href":"https:\/\/eltrabajo.cl\/portal\/wp-json\/wp\/v2\/categories?post=81480"},{"taxonomy":"post_tag","embeddable":true,"href":"https:\/\/eltrabajo.cl\/portal\/wp-json\/wp\/v2\/tags?post=81480"}],"curies":[{"name":"wp","href":"https:\/\/api.w.org\/{rel}","templated":true}]}}