{"id":81486,"date":"2017-09-06T05:00:30","date_gmt":"2017-09-06T09:00:30","guid":{"rendered":"http:\/\/www.eltrabajo.cl\/2017\/?p=81486"},"modified":"2017-09-06T05:00:30","modified_gmt":"2017-09-06T09:00:30","slug":"con-gran-participacion-de-sanfelipenas-se-realizo-la-final-de-la-liname","status":"publish","type":"post","link":"https:\/\/eltrabajo.cl\/portal\/con-gran-participacion-de-sanfelipenas-se-realizo-la-final-de-la-liname\/","title":{"rendered":"Con gran participaci\u00f3n de sanfelipe\u00f1as se realiz\u00f3 la Final de la Liname"},"content":{"rendered":"<figure id=\"attachment_81487\" aria-describedby=\"caption-attachment-81487\" style=\"width: 580px\" class=\"wp-caption alignnone\"><img data-recalc-dims=\"1\" loading=\"lazy\" decoding=\"async\" class=\"size-full wp-image-81487\" src=\"https:\/\/i0.wp.com\/www.eltrabajo.cl\/2017\/wp-content\/uploads\/2017\/09\/final-liname-2.jpg?resize=580%2C398\" alt=\"En total fueron 12 equipos de diversas ciudades del pa\u00eds los que participaron en la final del v\u00f3leibol damas Liname 2017.\" width=\"580\" height=\"398\" srcset=\"https:\/\/i0.wp.com\/eltrabajo.cl\/portal\/wp-content\/uploads\/2017\/09\/final-liname-2.jpg?w=580&amp;ssl=1 580w, https:\/\/i0.wp.com\/eltrabajo.cl\/portal\/wp-content\/uploads\/2017\/09\/final-liname-2.jpg?resize=200%2C137&amp;ssl=1 200w, https:\/\/i0.wp.com\/eltrabajo.cl\/portal\/wp-content\/uploads\/2017\/09\/final-liname-2.jpg?resize=300%2C206&amp;ssl=1 300w, https:\/\/i0.wp.com\/eltrabajo.cl\/portal\/wp-content\/uploads\/2017\/09\/final-liname-2.jpg?resize=219%2C150&amp;ssl=1 219w, https:\/\/i0.wp.com\/eltrabajo.cl\/portal\/wp-content\/uploads\/2017\/09\/final-liname-2.jpg?resize=400%2C274&amp;ssl=1 400w\" sizes=\"auto, (max-width: 580px) 100vw, 580px\" \/><figcaption id=\"caption-attachment-81487\" class=\"wp-caption-text\">En total fueron 12 equipos de diversas ciudades del pa\u00eds los que participaron en la final del v\u00f3leibol damas Liname 2017.<\/figcaption><\/figure>\n<ul>\n<li><span style=\"color: #ff0000;\"><strong>Tres equipos locales fueron parte de la \u00faltima fecha de la Liname v\u00f3leibol damas sub 14, campeonato que cont\u00f3 con el apoyo del Alcalde Patricio Freire y del Concejo Municipal.<\/strong><\/span><\/li>\n<\/ul>\n<p>Doce equipos, de diversas ciudades de Chile, se congregaron en la ciudad de San Felipe con el objetivo de realizar la \u00faltima fecha de la categor\u00eda sub 14 del v\u00f3leibol damas Liname 2017. As\u00ed lo se\u00f1al\u00f3 Danilo Pe\u00f1a, coordinador del departamento de Deportes y Actividad F\u00edsica, quien adem\u00e1s destac\u00f3 el trabajo realizado por los tres clubes locales que participaron en el campeonato: \u00abEs un tremendo resultado el que se ha obtenido ac\u00e1 en San Felipe, en donde se han desarrollado los play off finales, con los mejores cuatro equipos en cada una de las series de la Liname, la Liga Nacional de Menores, en v\u00f3leibol femenino.<br \/>\n\u00abNo es menor que San Felipe tenga a tres equipos participando de estas instancias. Las felicitaciones a Uni\u00f3n Volley, San Felipe Voley y, por supuesto, los aplausos al Liceo Bicentenario Cordillera, que como liceo municipal nos representa a nivel nacional y hoy d\u00eda se qued\u00f3 con el primer lugar de la serie A que es donde se re\u00fanen los mejores equipos\u00bb, declar\u00f3 el coordinador.<br \/>\nEduardo Ch\u00e1vez, entrenador del equipo del Liceo Bicentenario Cordillera, que se qued\u00f3 con el primer lugar de la serie m\u00e1s exigente (serie A), se mostr\u00f3 contento por el resultado, pero se\u00f1al\u00f3 que \u00e9ste se suma a lo que, para ellos, es el gran objetivo final: lograr ganar la etapa nacional de los Juegos Deportivos Escolares, tal como lo hicieron el 2016: \u00abLa verdad para nosotros es una etapa m\u00e1s. No es que no nos importe, pero es un camino m\u00e1s, nuestro primer y \u00fanico objetivo es el nacional escolar\u00bb, agregando que esta etapa, que se realizar\u00e1 durante el pr\u00f3ximo mes de octubre, ser\u00e1 muy dura, tal como lo fue la final de la Liname frente al equipo del Boston College, por lo que este tipo de torneos previos sirven para preparar a las deportistas.<br \/>\nAdem\u00e1s el entrenador -que el a\u00f1o pasado particip\u00f3 en el sudamericano realizado en Colombia con el equipo que este 2017 experiment\u00f3 varios recambios- agradeci\u00f3 el apoyo entregado por el Alcalde Patricio Freire y la autoridades del liceo del cual es parte, se\u00f1alando: \u00abQuiero agradecer a Danilo Pe\u00f1a, con su departamento de Deportes, espectacular, siempre apoy\u00e1ndonos; al Alcalde Patricio Freire, a nuestro director, nuestros profesores. Creo que somos un ejemplo de que la educaci\u00f3n municipal no es tan mala. Haciendo las cosas ordenadas, de forma responsable, podemos llegar a esto: ser las mejores de Chile\u00bb.<br \/>\nPor su parte, Gabriela Badilla, capitana del equipo del Liceo Bicentenario Cordillera, expres\u00f3 que la final fue muy emocionante debido al buen nivel de ambos equipos, mientras que sobre el proceso desarrollado para lograr quedarse con el primer lugar de la Liname y participar en el nacional, dijo que \u00abfue muy duro, entrenamos cuatro veces a la semana, dando lo mejor de nosotras\u00bb.<br \/>\nPor \u00faltimo, Jos\u00e9 Neira, entrenador del Boston College de Santiago, que se qued\u00f3 con el segundo lugar de la serie A, se refiri\u00f3 al resultado obtenido por su equipo: \u00abNo es lo que esperamos, quer\u00edamos el primer lugar, pero esto nos demanda a seguir trabajando. Este es un bonito torneo, con bastante exigencia y seguiremos trabajando para lograr m\u00e1s \u00e9xitos\u00bb. Respecto a la organizaci\u00f3n del evento, a cargo de los entrenadores sanfelipe\u00f1os, se\u00f1al\u00f3 que \u00abSan Felipe se ha caracterizado por tener una buena organizaci\u00f3n, tiene cultura de diferentes competencias, entonces es muy bueno, como siempre\u00bb.<\/p>\n<p><strong>RESULTADOS:<\/strong><br \/>\nSERIE A<\/p>\n<p>1er lugar: Liceo Bicentenario Cordillera<br \/>\n2do lugar: Boston College de Santiago<br \/>\n3er lugar: San Felipe Voley<\/p>\n<p>SERIE B<br \/>\n1er lugar: Linares<br \/>\n2do lugar: Uni\u00f3n Volley<br \/>\n3er lugar: CDA Concepci\u00f3n<\/p>\n<p>SERIE C<br \/>\n1er lugar: CEA Temuco<br \/>\n2do lugar: Colegio Ingl\u00e9s de Talca<br \/>\n3er lugar: Concepci\u00f3n San Pedro<\/p>\n","protected":false},"excerpt":{"rendered":"<p>Tres equipos locales fueron parte de la \u00faltima fecha de la Liname v\u00f3leibol damas sub 14, campeonato que cont\u00f3 con el apoyo del Alcalde Patricio Freire y del Concejo Municipal. Doce equipos,&#8230;<\/p>\n","protected":false},"author":1,"featured_media":81487,"comment_status":"open","ping_status":"open","sticky":false,"template":"","format":"standard","meta":{"advanced_seo_description":"","jetpack_seo_html_title":"","jetpack_seo_noindex":false,"_jetpack_memberships_contains_paid_content":false,"footnotes":""},"categories":[19],"tags":[],"class_list":["post-81486","post","type-post","status-publish","format-standard","has-post-thumbnail","hentry","category-deportes"],"jetpack_featured_media_url":"https:\/\/i0.wp.com\/eltrabajo.cl\/portal\/wp-content\/uploads\/2017\/09\/final-liname-2.jpg?fit=580%2C398&ssl=1","jetpack_sharing_enabled":true,"jetpack_likes_enabled":true,"jetpack-related-posts":[],"_links":{"self":[{"href":"https:\/\/eltrabajo.cl\/portal\/wp-json\/wp\/v2\/posts\/81486","targetHints":{"allow":["GET"]}}],"collection":[{"href":"https:\/\/eltrabajo.cl\/portal\/wp-json\/wp\/v2\/posts"}],"about":[{"href":"https:\/\/eltrabajo.cl\/portal\/wp-json\/wp\/v2\/types\/post"}],"author":[{"embeddable":true,"href":"https:\/\/eltrabajo.cl\/portal\/wp-json\/wp\/v2\/users\/1"}],"replies":[{"embeddable":true,"href":"https:\/\/eltrabajo.cl\/portal\/wp-json\/wp\/v2\/comments?post=81486"}],"version-history":[{"count":0,"href":"https:\/\/eltrabajo.cl\/portal\/wp-json\/wp\/v2\/posts\/81486\/revisions"}],"wp:featuredmedia":[{"embeddable":true,"href":"https:\/\/eltrabajo.cl\/portal\/wp-json\/wp\/v2\/media\/81487"}],"wp:attachment":[{"href":"https:\/\/eltrabajo.cl\/portal\/wp-json\/wp\/v2\/media?parent=81486"}],"wp:term":[{"taxonomy":"category","embeddable":true,"href":"https:\/\/eltrabajo.cl\/portal\/wp-json\/wp\/v2\/categories?post=81486"},{"taxonomy":"post_tag","embeddable":true,"href":"https:\/\/eltrabajo.cl\/portal\/wp-json\/wp\/v2\/tags?post=81486"}],"curies":[{"name":"wp","href":"https:\/\/api.w.org\/{rel}","templated":true}]}}