{"id":81489,"date":"2017-09-06T05:01:55","date_gmt":"2017-09-06T09:01:55","guid":{"rendered":"http:\/\/www.eltrabajo.cl\/2017\/?p=81489"},"modified":"2017-09-06T05:01:55","modified_gmt":"2017-09-06T09:01:55","slug":"dos-asaltantes-detenidos-con-arma-de-fuego-y-en-motocicleta-robada","status":"publish","type":"post","link":"https:\/\/eltrabajo.cl\/portal\/dos-asaltantes-detenidos-con-arma-de-fuego-y-en-motocicleta-robada\/","title":{"rendered":"Dos asaltantes detenidos con arma de fuego y en motocicleta robada"},"content":{"rendered":"<figure id=\"attachment_81491\" aria-describedby=\"caption-attachment-81491\" style=\"width: 580px\" class=\"wp-caption alignnone\"><img data-recalc-dims=\"1\" loading=\"lazy\" decoding=\"async\" class=\"size-full wp-image-81491\" src=\"https:\/\/i0.wp.com\/www.eltrabajo.cl\/2017\/wp-content\/uploads\/2017\/09\/asalto-frustrado-2.jpg?resize=580%2C399\" alt=\"En poder de los delincuentes se encontraron dos overoles y dos gorros pasamonta\u00f1as, evidencia irrefutable que los antisociales pretend\u00edan realizar un asalto.\" width=\"580\" height=\"399\" srcset=\"https:\/\/i0.wp.com\/eltrabajo.cl\/portal\/wp-content\/uploads\/2017\/09\/asalto-frustrado-2.jpg?w=580&amp;ssl=1 580w, https:\/\/i0.wp.com\/eltrabajo.cl\/portal\/wp-content\/uploads\/2017\/09\/asalto-frustrado-2.jpg?resize=200%2C138&amp;ssl=1 200w, https:\/\/i0.wp.com\/eltrabajo.cl\/portal\/wp-content\/uploads\/2017\/09\/asalto-frustrado-2.jpg?resize=300%2C206&amp;ssl=1 300w, https:\/\/i0.wp.com\/eltrabajo.cl\/portal\/wp-content\/uploads\/2017\/09\/asalto-frustrado-2.jpg?resize=218%2C150&amp;ssl=1 218w, https:\/\/i0.wp.com\/eltrabajo.cl\/portal\/wp-content\/uploads\/2017\/09\/asalto-frustrado-2.jpg?resize=400%2C275&amp;ssl=1 400w\" sizes=\"auto, (max-width: 580px) 100vw, 580px\" \/><figcaption id=\"caption-attachment-81491\" class=\"wp-caption-text\">En poder de los delincuentes se encontraron dos overoles y dos gorros pasamonta\u00f1as, evidencia irrefutable que los antisociales pretend\u00edan realizar un asalto.<\/figcaption><\/figure>\n<ul>\n<li><strong><span style=\"color: #ff0000;\">Uno de ellos de nacionalidad colombiana:<\/span>\u00a0Portaban adem\u00e1s otros elementos con los que pretend\u00edan perpetrar un asalto en Rinconada.<\/strong><\/li>\n<\/ul>\n<p><strong>RINCONADA.-<\/strong> Un ciudadano colombiano y un chileno fueron detenidos por personal de Carabineros de la Tenencia de Rinconada, cuando pretend\u00edan perpetrar un asalto a mano armada en dicha comuna.<br \/>\nLa oportuna detenci\u00f3n de los sujetos fue posible gracias a la perspicacia del due\u00f1o de un local comercial ubicado en el sector de la carretera San Mart\u00edn, quien decidi\u00f3 dar cuenta a la polic\u00eda de la presencia de tres hombres en actitudes sospechosas, uno de los cuales se movilizaba en una moto que estacion\u00f3 en las cercan\u00edas.<br \/>\nSeg\u00fan se pudo conocer, al darse cuenta que el due\u00f1o del local avisaba a Carabineros, los delincuentes decidieron disimular comprando algunas cosas para luego retirarse r\u00e1pidamente del lugar.<br \/>\nNo obstante tardaron m\u00e1s de la cuenta porque en esos instantes lleg\u00f3 el carro de Carabineros, ante lo cual uno de los sujetos se retir\u00f3 a pie y los otros dos en la moto que no ten\u00eda patente, raz\u00f3n por la cual el personal decidi\u00f3 seguir al veh\u00edculo, orden\u00e1ndoles detenerse y procediendo a efectuarles el respectivo control de identidad.<br \/>\nEn poder del colombiano identificado como Carlos Eduardo Carrera Delgado (24) se encontr\u00f3 un rev\u00f3lver calibre 22 con su n\u00famero de serie parcialmente borrado, mientras entre las vestimentas del chileno, individualizado como Cristofer Alejandro Vargas Soto (18), se encontr\u00f3 una pistola a fogueo.<br \/>\nAdem\u00e1s en su poder se encontraron dos overoles y dos gorros pasamonta\u00f1as, evidencia irrefutable que los antisociales pretend\u00edan realizar un asalto.<br \/>\nRespecto a la motocicleta, personal policial logr\u00f3 establecer que hab\u00eda sido robada en el mes de julio en la comuna de San Felipe.<br \/>\nEn el caso de Vargas Soto, en el mes de mayo fue detenido al ser sorprendido robando en una bodega ubicada en avenida Chile y en junio ingres\u00f3 a sustraer especies en un domicilio ubicado en la villa nueva Renacer.<br \/>\nPor este \u00faltimo delito este delincuente estaba cumpliendo con la medida de arresto domiciliario total en su domicilio, algo que claramente no estaba cumpliendo.<br \/>\nLos sujetos pasaron a disposici\u00f3n del Tribunal de Garant\u00eda y tras ser ampliada su detenci\u00f3n por 48 horas, el fiscal Ricardo Reinoso los formaliz\u00f3 por los delitos de receptaci\u00f3n respecto de la motocicleta, porte ilegal de arma de fuego y porte de elementos para cometer il\u00edcitos. El persecutor pidi\u00f3 la medida cautelar de prisi\u00f3n preventiva para los dos delincuentes, ya que las penas por ambos delitos en caso de ser condenados, son bastante altas, y en el caso de Vargas Soto estaba cumpliendo con arresto domiciliario.<br \/>\nPor su parte la magistrado Valeria Crosa consider\u00f3 que la libertad de ambos es un peligro para la seguridad de la sociedad y acogi\u00f3 la solicitud del Ministerio P\u00fablico al decretar la prisi\u00f3n preventiva por los dos meses que durar\u00e1 la investigaci\u00f3n.<br \/>\nAsimismo, contin\u00faan las diligencias para establecer si ambos maleantes han participado de otros asaltos ocurridos en esa comuna en las \u00faltimas semanas.<\/p>\n<figure id=\"attachment_81490\" aria-describedby=\"caption-attachment-81490\" style=\"width: 580px\" class=\"wp-caption alignnone\"><img data-recalc-dims=\"1\" loading=\"lazy\" decoding=\"async\" class=\"size-full wp-image-81490\" src=\"https:\/\/i0.wp.com\/www.eltrabajo.cl\/2017\/wp-content\/uploads\/2017\/09\/asalto-frustrado-1.jpg?resize=580%2C398\" alt=\"Los imputados, identificados como Carlos Eduardo Carrera Delgado (24, de Colombia) y Cristofer Alejandro Vargas Soto (18), quedaron en prisi\u00f3n preventiva.\" width=\"580\" height=\"398\" srcset=\"https:\/\/i0.wp.com\/eltrabajo.cl\/portal\/wp-content\/uploads\/2017\/09\/asalto-frustrado-1.jpg?w=580&amp;ssl=1 580w, https:\/\/i0.wp.com\/eltrabajo.cl\/portal\/wp-content\/uploads\/2017\/09\/asalto-frustrado-1.jpg?resize=200%2C137&amp;ssl=1 200w, https:\/\/i0.wp.com\/eltrabajo.cl\/portal\/wp-content\/uploads\/2017\/09\/asalto-frustrado-1.jpg?resize=300%2C206&amp;ssl=1 300w, https:\/\/i0.wp.com\/eltrabajo.cl\/portal\/wp-content\/uploads\/2017\/09\/asalto-frustrado-1.jpg?resize=219%2C150&amp;ssl=1 219w, https:\/\/i0.wp.com\/eltrabajo.cl\/portal\/wp-content\/uploads\/2017\/09\/asalto-frustrado-1.jpg?resize=400%2C274&amp;ssl=1 400w\" sizes=\"auto, (max-width: 580px) 100vw, 580px\" \/><figcaption id=\"caption-attachment-81490\" class=\"wp-caption-text\">Los imputados, identificados como Carlos Eduardo Carrera Delgado (24, de Colombia) y Cristofer Alejandro Vargas Soto (18), quedaron en prisi\u00f3n preventiva.<\/figcaption><\/figure>\n","protected":false},"excerpt":{"rendered":"<p>Uno de ellos de nacionalidad colombiana:\u00a0Portaban adem\u00e1s otros elementos con los que pretend\u00edan perpetrar un asalto en Rinconada. RINCONADA.- Un ciudadano colombiano y un chileno fueron detenidos por personal de Carabineros de&#8230;<\/p>\n","protected":false},"author":1,"featured_media":81490,"comment_status":"open","ping_status":"open","sticky":false,"template":"","format":"standard","meta":{"advanced_seo_description":"","jetpack_seo_html_title":"","jetpack_seo_noindex":false,"_jetpack_memberships_contains_paid_content":false,"footnotes":""},"categories":[21],"tags":[],"class_list":["post-81489","post","type-post","status-publish","format-standard","has-post-thumbnail","hentry","category-policial"],"jetpack_featured_media_url":"https:\/\/i0.wp.com\/eltrabajo.cl\/portal\/wp-content\/uploads\/2017\/09\/asalto-frustrado-1.jpg?fit=580%2C398&ssl=1","jetpack_sharing_enabled":true,"jetpack_likes_enabled":true,"jetpack-related-posts":[],"_links":{"self":[{"href":"https:\/\/eltrabajo.cl\/portal\/wp-json\/wp\/v2\/posts\/81489","targetHints":{"allow":["GET"]}}],"collection":[{"href":"https:\/\/eltrabajo.cl\/portal\/wp-json\/wp\/v2\/posts"}],"about":[{"href":"https:\/\/eltrabajo.cl\/portal\/wp-json\/wp\/v2\/types\/post"}],"author":[{"embeddable":true,"href":"https:\/\/eltrabajo.cl\/portal\/wp-json\/wp\/v2\/users\/1"}],"replies":[{"embeddable":true,"href":"https:\/\/eltrabajo.cl\/portal\/wp-json\/wp\/v2\/comments?post=81489"}],"version-history":[{"count":0,"href":"https:\/\/eltrabajo.cl\/portal\/wp-json\/wp\/v2\/posts\/81489\/revisions"}],"wp:featuredmedia":[{"embeddable":true,"href":"https:\/\/eltrabajo.cl\/portal\/wp-json\/wp\/v2\/media\/81490"}],"wp:attachment":[{"href":"https:\/\/eltrabajo.cl\/portal\/wp-json\/wp\/v2\/media?parent=81489"}],"wp:term":[{"taxonomy":"category","embeddable":true,"href":"https:\/\/eltrabajo.cl\/portal\/wp-json\/wp\/v2\/categories?post=81489"},{"taxonomy":"post_tag","embeddable":true,"href":"https:\/\/eltrabajo.cl\/portal\/wp-json\/wp\/v2\/tags?post=81489"}],"curies":[{"name":"wp","href":"https:\/\/api.w.org\/{rel}","templated":true}]}}