{"id":81493,"date":"2017-09-06T05:02:19","date_gmt":"2017-09-06T09:02:19","guid":{"rendered":"http:\/\/www.eltrabajo.cl\/2017\/?p=81493"},"modified":"2017-09-06T05:02:19","modified_gmt":"2017-09-06T09:02:19","slug":"perra-pitbull-reduce-a-sujeto-que-quiso-robar-mientras-moradores-dormian","status":"publish","type":"post","link":"https:\/\/eltrabajo.cl\/portal\/perra-pitbull-reduce-a-sujeto-que-quiso-robar-mientras-moradores-dormian\/","title":{"rendered":"Perra pitbull reduce a sujeto que quiso robar mientras moradores dorm\u00edan"},"content":{"rendered":"<figure id=\"attachment_81494\" aria-describedby=\"caption-attachment-81494\" style=\"width: 580px\" class=\"wp-caption alignnone\"><img data-recalc-dims=\"1\" loading=\"lazy\" decoding=\"async\" class=\"size-full wp-image-81494\" src=\"https:\/\/i0.wp.com\/www.eltrabajo.cl\/2017\/wp-content\/uploads\/2017\/09\/PERRA-PITBULL.jpg?resize=580%2C398\" alt=\"La guardiana de la casa mordi\u00f3 en una de las piernas al intruso que ingres\u00f3 a robar de madrugada al interior de una vivienda de la comuna de Panquehue. (Foto Referencial).\" width=\"580\" height=\"398\" srcset=\"https:\/\/i0.wp.com\/eltrabajo.cl\/portal\/wp-content\/uploads\/2017\/09\/PERRA-PITBULL.jpg?w=580&amp;ssl=1 580w, https:\/\/i0.wp.com\/eltrabajo.cl\/portal\/wp-content\/uploads\/2017\/09\/PERRA-PITBULL.jpg?resize=200%2C137&amp;ssl=1 200w, https:\/\/i0.wp.com\/eltrabajo.cl\/portal\/wp-content\/uploads\/2017\/09\/PERRA-PITBULL.jpg?resize=300%2C206&amp;ssl=1 300w, https:\/\/i0.wp.com\/eltrabajo.cl\/portal\/wp-content\/uploads\/2017\/09\/PERRA-PITBULL.jpg?resize=219%2C150&amp;ssl=1 219w, https:\/\/i0.wp.com\/eltrabajo.cl\/portal\/wp-content\/uploads\/2017\/09\/PERRA-PITBULL.jpg?resize=400%2C274&amp;ssl=1 400w\" sizes=\"auto, (max-width: 580px) 100vw, 580px\" \/><figcaption id=\"caption-attachment-81494\" class=\"wp-caption-text\">La guardiana de la casa mordi\u00f3 en una de las piernas al intruso que ingres\u00f3 a robar de madrugada al interior de una vivienda de la comuna de Panquehue. (Foto Referencial).<\/figcaption><\/figure>\n<ul>\n<li><strong><span style=\"color: #ff0000;\">Antisocial ingres\u00f3 de madrugada a vivienda en Panquehue:\u00a0<\/span>El animal mordi\u00f3 en una de las piernas al antisocial apodado \u2018El Pill\u00edn\u2019, quien escap\u00f3 tras el ataque, sin embargo minutos m\u00e1s tarde fue capturado por Carabineros ante el llamado de auxilio de los propietarios.<\/strong><\/li>\n<\/ul>\n<p>Un conocido delincuente fue detenido por Carabineros luego de haber sido reducido por una perra de raza pitbull que lo mordi\u00f3 en su pierna, luego de haber ingresado a robar de madrugada a la casa de sus amos ubicada en calle Francisco Bulnes de la comuna de Panquehue, quienes despertaron producto de los ladridos del animal.<br \/>\nSeg\u00fan los antecedentes policiales de este caso, detallan que el delincuente habr\u00eda accedido hasta la vivienda por un port\u00f3n de acceso de veh\u00edculos. En medio de la oscuridad el sujeto rompi\u00f3 un vidrio de uno de los ventanales de la vivienda para cometer un robo, sin embargo, para su sorpresa, la perra guardiana se abalanz\u00f3 contra \u00e9l mordi\u00e9ndole una de sus piernas, dej\u00e1ndolo herido.<br \/>\nEl delincuente debi\u00f3 escapar del inmueble ante la reacci\u00f3n del animal, logrando que los due\u00f1os de casa se percataran de la presencia del intruso, quien huy\u00f3 hacia la v\u00eda p\u00fablica, no sin antes ser individualizado por los propietarios, quienes lo identificaron por su apodo \u2018El Pill\u00edn\u2019.<br \/>\nCarabineros del Ret\u00e9n de Panquehue observaron al delincuente que circulaba por la v\u00eda p\u00fablica sangrando, siendo detenido tras ser reconocido por los afectados.<br \/>\nEl imputado, identificado como Daniel Jorquera Cuevas, quien cuenta con antecedentes delictuales, fue derivado hasta el Juzgado de Garant\u00eda de San Felipe para ser formalizado por la Fiscal\u00eda por los delitos de violaci\u00f3n de morada y da\u00f1os simples.<br \/>\nAl t\u00e9rmino de la audiencia el detenido fue dejado en libertad bajo las cautelares de prohibici\u00f3n de acercarse al domicilio y arraigo nacional mientras se investiga el caso.<br \/>\n<strong>Pablo Salinas Sald\u00edas<\/strong><\/p>\n","protected":false},"excerpt":{"rendered":"<p>Antisocial ingres\u00f3 de madrugada a vivienda en Panquehue:\u00a0El animal mordi\u00f3 en una de las piernas al antisocial apodado \u2018El Pill\u00edn\u2019, quien escap\u00f3 tras el ataque, sin embargo minutos m\u00e1s tarde fue capturado&#8230;<\/p>\n","protected":false},"author":1,"featured_media":81494,"comment_status":"open","ping_status":"open","sticky":false,"template":"","format":"standard","meta":{"advanced_seo_description":"","jetpack_seo_html_title":"","jetpack_seo_noindex":false,"_jetpack_memberships_contains_paid_content":false,"footnotes":""},"categories":[21],"tags":[],"class_list":["post-81493","post","type-post","status-publish","format-standard","has-post-thumbnail","hentry","category-policial"],"jetpack_featured_media_url":"https:\/\/i0.wp.com\/eltrabajo.cl\/portal\/wp-content\/uploads\/2017\/09\/PERRA-PITBULL.jpg?fit=580%2C398&ssl=1","jetpack_sharing_enabled":true,"jetpack_likes_enabled":true,"jetpack-related-posts":[],"_links":{"self":[{"href":"https:\/\/eltrabajo.cl\/portal\/wp-json\/wp\/v2\/posts\/81493","targetHints":{"allow":["GET"]}}],"collection":[{"href":"https:\/\/eltrabajo.cl\/portal\/wp-json\/wp\/v2\/posts"}],"about":[{"href":"https:\/\/eltrabajo.cl\/portal\/wp-json\/wp\/v2\/types\/post"}],"author":[{"embeddable":true,"href":"https:\/\/eltrabajo.cl\/portal\/wp-json\/wp\/v2\/users\/1"}],"replies":[{"embeddable":true,"href":"https:\/\/eltrabajo.cl\/portal\/wp-json\/wp\/v2\/comments?post=81493"}],"version-history":[{"count":0,"href":"https:\/\/eltrabajo.cl\/portal\/wp-json\/wp\/v2\/posts\/81493\/revisions"}],"wp:featuredmedia":[{"embeddable":true,"href":"https:\/\/eltrabajo.cl\/portal\/wp-json\/wp\/v2\/media\/81494"}],"wp:attachment":[{"href":"https:\/\/eltrabajo.cl\/portal\/wp-json\/wp\/v2\/media?parent=81493"}],"wp:term":[{"taxonomy":"category","embeddable":true,"href":"https:\/\/eltrabajo.cl\/portal\/wp-json\/wp\/v2\/categories?post=81493"},{"taxonomy":"post_tag","embeddable":true,"href":"https:\/\/eltrabajo.cl\/portal\/wp-json\/wp\/v2\/tags?post=81493"}],"curies":[{"name":"wp","href":"https:\/\/api.w.org\/{rel}","templated":true}]}}